{"id":30857757,"date":"2019-09-04T13:09:40","date_gmt":"2019-09-04T11:09:40","guid":{"rendered":"https:\/\/www.upo.es\/diario\/?p=30857757"},"modified":"2019-09-05T10:42:21","modified_gmt":"2019-09-05T08:42:21","slug":"el-catedratico-de-la-upo-jose-maria-delgado-participa-en-el-xviii-congreso-de-neurociencia-de-senc","status":"publish","type":"post","link":"https:\/\/www.upo.es\/diario\/docencia-formacion\/2019\/09\/el-catedratico-de-la-upo-jose-maria-delgado-participa-en-el-xviii-congreso-de-neurociencia-de-senc\/","title":{"rendered":"El catedr\u00e1tico de la UPO Jos\u00e9 Mar\u00eda Delgado participa en el XVIII Congreso de Neurociencia de SENC"},"content":{"rendered":"<p><a href=\"https:\/\/www.upo.es\/diario\/wp-content\/uploads\/2019\/09\/JM-Delgado.jpg\"><img loading=\"lazy\" decoding=\"async\" class=\"alignright size-medium wp-image-30857759\" src=\"https:\/\/www.upo.es\/diario\/wp-content\/uploads\/2019\/09\/JM-Delgado-360x240.jpg\" alt=\"\" width=\"360\" height=\"240\" srcset=\"https:\/\/www.upo.es\/diario\/wp-content\/uploads\/2019\/09\/JM-Delgado-360x240.jpg 360w, https:\/\/www.upo.es\/diario\/wp-content\/uploads\/2019\/09\/JM-Delgado-768x512.jpg 768w, https:\/\/www.upo.es\/diario\/wp-content\/uploads\/2019\/09\/JM-Delgado-750x500.jpg 750w, https:\/\/www.upo.es\/diario\/wp-content\/uploads\/2019\/09\/JM-Delgado-600x400.jpg 600w, https:\/\/www.upo.es\/diario\/wp-content\/uploads\/2019\/09\/JM-Delgado-165x109.jpg 165w, https:\/\/www.upo.es\/diario\/wp-content\/uploads\/2019\/09\/JM-Delgado-1320x880.jpg 1320w\" sizes=\"auto, (max-width: 360px) 100vw, 360px\" \/><\/a>El catedr\u00e1tico de Neurociencia de la Universidad Pablo de Olavide Jos\u00e9 Mar\u00eda Delgado participa durante estos d\u00edas en el XVIII Congreso de la Sociedad Espa\u00f1ola de Neurociencia (SENC), que se celebra en Santiago de Compostela del 3 al 6 de septiembre y que re\u00fane a expertos de reconocido prestigio a nivel nacional e internacional para abordar los principales avances en el \u00e1mbito neurocient\u00edfico. La Sociedad Espa\u00f1ola de Neurociencia, cuya actual presidenta es la catedr\u00e1tica de la UPO Agn\u00e8s Gruart, promueve cada dos a\u00f1os este foro desde 1985.<\/p>\n<p>El profesor Jos\u00e9 Mar\u00eda Delgado impartir\u00e1 hoy a las 20:00 en el Palacio de Congresos y Exposiciones de Galicia la ponencia \u2018Parpadea y te lo perder\u00e1s. El cerebro y el montaje cinematogr\u00e1fico\u2019, junto a la profesora de la Universitat Aut\u00f2noma de Barcelona Celia Andreu S\u00e1nchez y al montador de Hollywood Walter Murch, ganador de tres Premios \u00d3scar y nueve nominaciones y responsable de la edici\u00f3n &#8211; y en algunos casos del dise\u00f1o de sonido- de pel\u00edculas como \u2018Apocalypse now\u2019, \u2018El paciente ingl\u00e9s\u2019 o \u2018El padrino\u2019. Esta ponencia de estudios en neurocinem\u00e1tica, que forma parte de las actividades no directamente cient\u00edficas que acoge el Congreso, supone una rama de investigaci\u00f3n innovadora para abordar el cine desde un punto de vista neurocient\u00edfico. En concreto, en la sesi\u00f3n de esta tarde se analizar\u00e1 la relaci\u00f3n entre el cerebro y el montaje cinematogr\u00e1fico a trav\u00e9s del an\u00e1lisis de los parpadeos de los espectadores y de su actividad cerebral. Seg\u00fan explica el profesor de la UPO, los cortes de plano en los documentos audiovisuales aumentan la tensi\u00f3n y disminuyen la frecuencia de parpadeo del espectador. El montaje audiovisual ca\u00f3tico, desorganizado y r\u00e1pido aumenta la atenci\u00f3n pero disminuye el procesamiento consciente, al contrario de lo que ocurre cuando se trata de un montaje organizado y de estilo cl\u00e1sico.<\/p>\n<p>Asimismo, Jos\u00e9 Mar\u00eda Delgado ha participado tambi\u00e9n en otras actividades sat\u00e9lites al Congreso abiertas al p\u00fablico en general, como son una conferencia introductoria a los conocimientos actuales del funcionamiento del cerebro y una mesa redonda sobre cerebro y libertad, en el marco de las actividades de \u2018Caf\u00e9 con ciencia\u2019.<\/p>\n<p>En la conferencia introductoria titulada \u2018Hablando de lo que entiende: el cerebro en vivo y en directo\u2019, el catedr\u00e1tico de la UPO ha expuesto los principios b\u00e1sicos en los que se fundamenta la actividad cerebral y las caracter\u00edsticas funcionales de las neuronas y de las c\u00e9lulas gliales y ha explicado los mecanismos cerebrales que nos permiten aprender, recordar y olvidar. Asimismo, para finalizar, ha indicado c\u00f3mo los conocimientos actuales sobre el cerebro engarzan con el entorno cultural contempor\u00e1neo.<\/p>\n<p>Por otra parte, en la mesa redonda sobre \u2018Cerebro y libertad\u2019, organizada y moderada por Jos\u00e9 Mar\u00eda Delgado, se han presentado las distintas perspectivas neurocient\u00edficas relacionadas con las elaboraciones de funciones mentales, las capacidades electivas y los procesos emocionales y cognitivos que subyacen a los comportamientos sociales.<\/p>\n<p>El Congreso de la Sociedad Espa\u00f1ola de Neurociencia cuenta en esta edici\u00f3n con la participaci\u00f3n de m\u00e1s de 600 asistentes y con tres conferencias plenarias impartidas por neurocient\u00edficos de prestigio internacional como la profesora Paola Arlotta, de la Universidad de Harvard, el profesor Botond Roska, del Institute of Molecular and Clinical Ophthalmology Basel (IOB) de Suiza y Luis Miguel Garc\u00eda Segura, del Instituo Cajal de Madrid.<\/p>\n<p><a href=\"https:\/\/www.upo.es\/diario\/wp-content\/uploads\/2019\/09\/JMDelgado-Congreso-SENC.jpg\"><img loading=\"lazy\" decoding=\"async\" class=\"aligncenter size-large wp-image-30857762\" src=\"https:\/\/www.upo.es\/diario\/wp-content\/uploads\/2019\/09\/JMDelgado-Congreso-SENC-750x294.jpg\" alt=\"\" width=\"750\" height=\"294\" srcset=\"https:\/\/www.upo.es\/diario\/wp-content\/uploads\/2019\/09\/JMDelgado-Congreso-SENC-750x294.jpg 750w, https:\/\/www.upo.es\/diario\/wp-content\/uploads\/2019\/09\/JMDelgado-Congreso-SENC-360x141.jpg 360w, https:\/\/www.upo.es\/diario\/wp-content\/uploads\/2019\/09\/JMDelgado-Congreso-SENC-768x301.jpg 768w, https:\/\/www.upo.es\/diario\/wp-content\/uploads\/2019\/09\/JMDelgado-Congreso-SENC-600x235.jpg 600w, https:\/\/www.upo.es\/diario\/wp-content\/uploads\/2019\/09\/JMDelgado-Congreso-SENC.jpg 1200w\" sizes=\"auto, (max-width: 750px) 100vw, 750px\" \/><\/a><\/p>\n<p>&nbsp;<\/p>\n<p>&nbsp;<\/p>\n","protected":false},"excerpt":{"rendered":"<p>El catedr\u00e1tico de Neurociencia de la Universidad Pablo de Olavide Jos\u00e9 Mar\u00eda Delgado participa durante estos d\u00edas en el XVIII Congreso de la Sociedad Espa\u00f1ola de Neurociencia (SENC), que se celebra en Santiago de Compostela del 3 al 6 de septiembre y que re\u00fane a expertos de reconocido prestigio a nivel nacional e internacional para abordar los principales avances en el \u00e1mbito neurocient\u00edfico. La Sociedad Espa\u00f1ola de Neurociencia, cuya actual presidenta es la catedr\u00e1tica de la UPO Agn\u00e8s Gruart, promueve cada dos a\u00f1os este foro desde 1985.<\/p>\n","protected":false},"author":15,"featured_media":30857759,"comment_status":"closed","ping_status":"open","sticky":false,"template":"","format":"standard","meta":{"_monsterinsights_skip_tracking":false,"_monsterinsights_sitenote_active":false,"_monsterinsights_sitenote_note":"","_monsterinsights_sitenote_category":0,"footnotes":""},"categories":[2779],"tags":[6190,937,354,219,592,6189,114,6188,4404,6187],"class_list":["post-30857757","post","type-post","status-publish","format-standard","has-post-thumbnail","hentry","category-docencia-formacion","tag-cerebro-y-libertad","tag-cine","tag-congreso","tag-division-de-neurociencias","tag-jose-maria-delgado","tag-montaje","tag-neurociencia","tag-santiago-de-compostela","tag-senc","tag-sociedad-espanola-de-neurociencia"],"_links":{"self":[{"href":"https:\/\/www.upo.es\/diario\/wp-json\/wp\/v2\/posts\/30857757","targetHints":{"allow":["GET"]}}],"collection":[{"href":"https:\/\/www.upo.es\/diario\/wp-json\/wp\/v2\/posts"}],"about":[{"href":"https:\/\/www.upo.es\/diario\/wp-json\/wp\/v2\/types\/post"}],"author":[{"embeddable":true,"href":"https:\/\/www.upo.es\/diario\/wp-json\/wp\/v2\/users\/15"}],"replies":[{"embeddable":true,"href":"https:\/\/www.upo.es\/diario\/wp-json\/wp\/v2\/comments?post=30857757"}],"version-history":[{"count":3,"href":"https:\/\/www.upo.es\/diario\/wp-json\/wp\/v2\/posts\/30857757\/revisions"}],"predecessor-version":[{"id":30857764,"href":"https:\/\/www.upo.es\/diario\/wp-json\/wp\/v2\/posts\/30857757\/revisions\/30857764"}],"wp:featuredmedia":[{"embeddable":true,"href":"https:\/\/www.upo.es\/diario\/wp-json\/wp\/v2\/media\/30857759"}],"wp:attachment":[{"href":"https:\/\/www.upo.es\/diario\/wp-json\/wp\/v2\/media?parent=30857757"}],"wp:term":[{"taxonomy":"category","embeddable":true,"href":"https:\/\/www.upo.es\/diario\/wp-json\/wp\/v2\/categories?post=30857757"},{"taxonomy":"post_tag","embeddable":true,"href":"https:\/\/www.upo.es\/diario\/wp-json\/wp\/v2\/tags?post=30857757"}],"curies":[{"name":"wp","href":"https:\/\/api.w.org\/{rel}","templated":true}]}}