{"id":30857830,"date":"2019-09-12T00:56:41","date_gmt":"2019-09-11T22:56:41","guid":{"rendered":"https:\/\/www.upo.es\/diario\/?p=30857830"},"modified":"2019-09-12T13:02:47","modified_gmt":"2019-09-12T11:02:47","slug":"queremos-traspasar-los-limites-del-campus-y-conectar-con-la-comunidad-con-las-personas-y-con-los-movimientos-sociales","status":"publish","type":"post","link":"https:\/\/www.upo.es\/diario\/entrevista\/2019\/09\/queremos-traspasar-los-limites-del-campus-y-conectar-con-la-comunidad-con-las-personas-y-con-los-movimientos-sociales\/","title":{"rendered":"\u00abQueremos traspasar los l\u00edmites del campus y conectar con la comunidad, con las personas y con los movimientos sociales\u00bb"},"content":{"rendered":"<figure id=\"attachment_30857832\" aria-describedby=\"caption-attachment-30857832\" style=\"width: 750px\" class=\"wp-caption aligncenter\"><a href=\"https:\/\/www.upo.es\/diario\/wp-content\/uploads\/2019\/09\/Noelia-RadiOlavide-5994.jpg\"><img loading=\"lazy\" decoding=\"async\" class=\"size-large wp-image-30857832\" src=\"https:\/\/www.upo.es\/diario\/wp-content\/uploads\/2019\/09\/Noelia-RadiOlavide-5994-750x500.jpg\" alt=\"Noelia Cameron N\u00fa\u00f1ez, coordinadora de RadiOlavide\" width=\"750\" height=\"500\" srcset=\"https:\/\/www.upo.es\/diario\/wp-content\/uploads\/2019\/09\/Noelia-RadiOlavide-5994-750x500.jpg 750w, https:\/\/www.upo.es\/diario\/wp-content\/uploads\/2019\/09\/Noelia-RadiOlavide-5994-360x240.jpg 360w, https:\/\/www.upo.es\/diario\/wp-content\/uploads\/2019\/09\/Noelia-RadiOlavide-5994-768x512.jpg 768w, https:\/\/www.upo.es\/diario\/wp-content\/uploads\/2019\/09\/Noelia-RadiOlavide-5994-600x400.jpg 600w, https:\/\/www.upo.es\/diario\/wp-content\/uploads\/2019\/09\/Noelia-RadiOlavide-5994-165x109.jpg 165w, https:\/\/www.upo.es\/diario\/wp-content\/uploads\/2019\/09\/Noelia-RadiOlavide-5994-1320x880.jpg 1320w\" sizes=\"auto, (max-width: 750px) 100vw, 750px\" \/><\/a><figcaption id=\"caption-attachment-30857832\" class=\"wp-caption-text\">Noelia Cameron N\u00fa\u00f1ez, coordinadora de RadiOlavide<\/figcaption><\/figure>\n<p><strong>RadiOlavide inicia un nuevo curso acad\u00e9mico cargado de nuevos proyectos, ilusiones y compromisos. Noelia Cameron, coordinadora esta radio universitaria y estudiante del Programa de Doctorado en Ciencias Jur\u00eddicas y Pol\u00edticas, nos habla en esta entrevista de los entresijos de este proyecto educativo y comunitario que comenz\u00f3 a gestarse en septiembre de 2016, a trav\u00e9s de los vicerrectorados de Cultura y Compromiso Social y de Estudiantes, y que se consolida como medio de comunicaci\u00f3n, difusi\u00f3n, recurso pedag\u00f3gico y de participaci\u00f3n de la comunidad universitaria.<\/strong><\/p>\n<p><strong>\u00a0<\/strong><\/p>\n<p><strong>\u00bfCu\u00e1l es para usted la esencia de RadiOlavide?<\/strong><\/p>\n<p>Para m\u00ed la esencia de RadiOlavide es su modelo. Estamos ante una radio universitaria que se constituye principalmente como una herramienta de participaci\u00f3n de la comunidad universitaria y que incluso traspasa las fronteras f\u00edsicas de la misma universidad.<\/p>\n<p>No estamos ante una radio universitaria institucional, aunque lo institucional por supuesto tiene su espacio, sino que estamos ante un medio que pretende facilitar la participaci\u00f3n de las personas en el proyecto, dinamizando adem\u00e1s las distintas redes que ya existen dentro de la comunidad universitaria y promoviendo que se formen nuevas redes en torno al ejercicio de la comunicaci\u00f3n desde un medio<\/p>\n<p>Los programas est\u00e1n hechos por equipos diversos y aut\u00f3nomos y toda persona que quiera puede participar en el proyecto.<\/p>\n<p><strong>Este proyecto cuenta entonces con la participaci\u00f3n directa de la comunidad universitaria, \u00bfqui\u00e9nes forman parte de \u00e9l?<\/strong><\/p>\n<p>RadiOlavide es la diversidad hecha radio, es decir, desde profesores y profesoras, pasando por estudiantes, trabajadores y personal de la universidad, miembros del movimiento asociativo de la ciudad, as\u00ed como personas que aportan, en la medida de sus posibilidades, su tiempo y sus ideas para ir sacando adelante los distintos programas.<\/p>\n<p>La participaci\u00f3n de las personas no est\u00e1 supeditada a la comunidad universitaria, sino que uno de nuestros objetivos es justamente traspasar los l\u00edmites del campus y conectar con la comunidad, con las personas y con los movimientos sociales.<\/p>\n<p><strong>La parrilla consta de cinco programas diversos, \u00bfqu\u00e9 caracter\u00edsticas destacar\u00eda de cada uno de ellos?<\/strong><\/p>\n<p>Realmente cada programa tiene su magia, \u2018Mundo Sostenible\u2019 es un programa sobre medioambiente y sostenibilidad, el primero que se emiti\u00f3 por RadiOlavide, y es un programa con el que aprendemos much\u00edsimo no solo por el contenido en s\u00ed, sino tambi\u00e9n porque en cada uno de los programas se visibiliza el trabajo en red que realiza todo su equipo de producci\u00f3n.<\/p>\n<p>\u2018Venimos del Sur\u2019 es un programa que est\u00e1 hecho por becarios y becarias de la residencia universitaria Flora Trist\u00e1n desde Radio Abierta Sevilla en Pol\u00edgono Sur y que se emite por RadiOlavide con el fin de dar a conocer qu\u00e9 sucede en el barrio y qu\u00e9 proyectos se encuentran en marcha.<\/p>\n<p>Luego tenemos el programa \u2018Con Mucho Cuento\u2019, que es un programa sobre cuentacuentos y narraci\u00f3n oral, muy bueno tanto para los peques como para los grandes y \u2018Porque tu problema tiene mediaci\u00f3n\u2019 es un programa pionero en Andaluc\u00eda y que aborda el trabajo de la mediaci\u00f3n desde sus distintos \u00e1mbitos.<\/p>\n<p>Finalmente, \u2018\u00d3rbita Olavide\u2019 es el programa agenda como tal y el espacio un poco m\u00e1s institucional de la radio en donde comentamos las noticias m\u00e1s destacadas e informamos sobre la agenda de todas las actividades.<\/p>\n<p><strong>Adem\u00e1s de estos cinco programas, \u00bfqu\u00e9 otras acciones destacadas hab\u00e9is llevado a cabo?<\/strong><\/p>\n<p>El primer momento emocionante que vivimos con RadiOlavide fue en octubre de 2017, en donde realizamos nuestra primera emisi\u00f3n en directo desde la Plaza Am\u00e9rica aqu\u00ed en el campus y en compa\u00f1\u00eda del rector Vicente Guzm\u00e1n con motivo de la \u2018I Jornada de Participaci\u00f3n Estudiantil\u2019. Posteriormente repetimos la misma f\u00f3rmula en el \u2018Programa de Bienvenida\u2019 a nuevos estudiantes en septiembre de 2018.<\/p>\n<p>Tampoco me quiero olvidar de dos colaboraciones muy importantes que realizamos tanto con el Grado de Ciencias Ambientales como con el Grado de Sociolog\u00eda y el Doble Grado en Sociolog\u00eda y Ciencias Pol\u00edticas, en donde los alumnos y alumnas trabajan directamente con RadiOlavide produciendo programas de radio con diversos temas y que luego se emiten en forma de marat\u00f3n.<\/p>\n<p>As\u00ed, el paso de tantos estudiantes por la radio siempre supone un impulso, m\u00e1s ganas, m\u00e1s vitalidad.<\/p>\n<p><strong>RadiOlavide forma parte de la Red Universitaria Contra la Violencia de G\u00e9nero, \u00bfqu\u00e9 acciones hab\u00e9is llevado a cabo para poner en valor este compromiso<\/strong>?<\/p>\n<p>Este proyecto tiene un claro compromiso con la igualdad y la erradicaci\u00f3n de la violencia de g\u00e9nero y para contribuir a todo el trabajo que ya se est\u00e1 realizando desde distintas \u00e1reas de la UPO. RadiOlavide produce, en colaboraci\u00f3n con la Oficina para la Igualdad, los programas especiales para las fechas m\u00e1s importante en este tema como es el 8 de Marzo, el 25 de Noviembre e incluso el D\u00eda Internacional de las Mujeres y las Ni\u00f1as en la Ciencia.<\/p>\n<p>Por otro lado, el contenido que se ofrece en los distintos programas que emitimos reflejan el trabajo activo de inclusi\u00f3n y dan difusi\u00f3n a los distintos recursos del que dispone la UPO para acabar con este tipo de violencia.<\/p>\n<p><strong>Este proyecto comenz\u00f3 a gestarse en 2016, \u00bfqu\u00e9 balance haces de todos estos a\u00f1os?<\/strong><\/p>\n<p>Son ya varios a\u00f1os de trabajo y comunicaci\u00f3n que han sido sobre todo un aprendizaje constante. Cada paso que hemos dado ha significado aprender nuevas formas, deconstruir y reconstruir nuestros saberes en torno a un medio de comunicaci\u00f3n.<\/p>\n<p>Ir conociendo las distintas \u00e1reas de la UPO y el trabajo que hacen y poder pensar en modo radio de manera conjunta ha sido y sigue siendo un reto inacabado.<\/p>\n<p>Y sobre todo, y lo m\u00e1s importante, que las personas participen y hagan uso de esta herramienta que supone un sinf\u00edn de posibilidades para el \u00e1mbito universitario.<\/p>\n<p><strong>\u00bfCu\u00e1les son los proyectos futuros de esta radio universitaria?<\/strong><\/p>\n<p>En estos momentos estamos trabajando en el estreno de dos nuevos programas, uno sobre la lengua portuguesa y el otro una propuesta hecha por el Aula Abierta de Mayores de Salteras con tem\u00e1tica educativa y cultural. No quiero desvelar mucho m\u00e1s porque espero que pod\u00e1is o\u00edrlo en breve.<\/p>\n<p>Por otro lado, tambi\u00e9n estamos trabajando en la programaci\u00f3n de talleres para la realizaci\u00f3n de programas de radio, pues hay mucha demanda sobre todo de formaci\u00f3n en la parte t\u00e9cnica, as\u00ed es que, algunos talleres ir\u00e1n encaminados al manejo de la mesa de mezclas, c\u00f3mo montar luego el programa con las herramientas de edici\u00f3n y todos estos temas.<\/p>\n","protected":false},"excerpt":{"rendered":"<p>RadiOlavide inicia un nuevo curso acad\u00e9mico cargado de nuevos proyectos, ilusiones y compromisos. Noelia Cameron, coordinadora esta radio universitaria y estudiante del Programa de Doctorado en Ciencias Jur\u00eddicas y Pol\u00edticas, nos habla en esta entrevista de los entresijos de este proyecto educativo y comunitario que comenz\u00f3 a gestarse en septiembre de 2016, a trav\u00e9s de los vicerrectorados de Cultura y Compromiso Social y de Estudiantes, y que se consolida como medio de comunicaci\u00f3n, difusi\u00f3n, recurso pedag\u00f3gico y de participaci\u00f3n de la comunidad universitaria.<\/p>\n","protected":false},"author":6,"featured_media":30857832,"comment_status":"closed","ping_status":"open","sticky":false,"template":"","format":"standard","meta":{"_monsterinsights_skip_tracking":false,"_monsterinsights_sitenote_active":false,"_monsterinsights_sitenote_note":"","_monsterinsights_sitenote_category":0,"footnotes":""},"categories":[24],"tags":[5834,21,984,3784,2667],"class_list":["post-30857830","post","type-post","status-publish","format-standard","has-post-thumbnail","hentry","category-entrevista","tag-cultura","tag-estudiantes","tag-medios-de-comunicacion","tag-radiolavide","tag-vicerrectorado-de-cultura-y-compromiso-social"],"_links":{"self":[{"href":"https:\/\/www.upo.es\/diario\/wp-json\/wp\/v2\/posts\/30857830","targetHints":{"allow":["GET"]}}],"collection":[{"href":"https:\/\/www.upo.es\/diario\/wp-json\/wp\/v2\/posts"}],"about":[{"href":"https:\/\/www.upo.es\/diario\/wp-json\/wp\/v2\/types\/post"}],"author":[{"embeddable":true,"href":"https:\/\/www.upo.es\/diario\/wp-json\/wp\/v2\/users\/6"}],"replies":[{"embeddable":true,"href":"https:\/\/www.upo.es\/diario\/wp-json\/wp\/v2\/comments?post=30857830"}],"version-history":[{"count":2,"href":"https:\/\/www.upo.es\/diario\/wp-json\/wp\/v2\/posts\/30857830\/revisions"}],"predecessor-version":[{"id":30857833,"href":"https:\/\/www.upo.es\/diario\/wp-json\/wp\/v2\/posts\/30857830\/revisions\/30857833"}],"wp:featuredmedia":[{"embeddable":true,"href":"https:\/\/www.upo.es\/diario\/wp-json\/wp\/v2\/media\/30857832"}],"wp:attachment":[{"href":"https:\/\/www.upo.es\/diario\/wp-json\/wp\/v2\/media?parent=30857830"}],"wp:term":[{"taxonomy":"category","embeddable":true,"href":"https:\/\/www.upo.es\/diario\/wp-json\/wp\/v2\/categories?post=30857830"},{"taxonomy":"post_tag","embeddable":true,"href":"https:\/\/www.upo.es\/diario\/wp-json\/wp\/v2\/tags?post=30857830"}],"curies":[{"name":"wp","href":"https:\/\/api.w.org\/{rel}","templated":true}]}}