{"id":30857853,"date":"2019-09-13T11:11:10","date_gmt":"2019-09-13T09:11:10","guid":{"rendered":"https:\/\/www.upo.es\/diario\/?p=30857853"},"modified":"2019-09-17T15:34:39","modified_gmt":"2019-09-17T13:34:39","slug":"la-universidad-pablo-de-olavide-convoca-el-ii-video-concurso-programar-en-igualdad","status":"publish","type":"post","link":"https:\/\/www.upo.es\/diario\/docencia-formacion\/2019\/09\/la-universidad-pablo-de-olavide-convoca-el-ii-video-concurso-programar-en-igualdad\/","title":{"rendered":"La Universidad Pablo de Olavide convoca el II V\u00eddeo-Concurso \u00abProgramar en Igualdad\u00bb"},"content":{"rendered":"<p><a href=\"https:\/\/www.upo.es\/diario\/wp-content\/uploads\/2019\/09\/CARTEL-II-PROGRAMAR-EN-IGUALDAD-1.png\"><img loading=\"lazy\" decoding=\"async\" class=\"alignright wp-image-30857854 size-medium\" src=\"https:\/\/www.upo.es\/diario\/wp-content\/uploads\/2019\/09\/CARTEL-II-PROGRAMAR-EN-IGUALDAD-1-254x360.png\" alt=\"\" width=\"254\" height=\"360\" srcset=\"https:\/\/www.upo.es\/diario\/wp-content\/uploads\/2019\/09\/CARTEL-II-PROGRAMAR-EN-IGUALDAD-1-254x360.png 254w, https:\/\/www.upo.es\/diario\/wp-content\/uploads\/2019\/09\/CARTEL-II-PROGRAMAR-EN-IGUALDAD-1-768x1086.png 768w, https:\/\/www.upo.es\/diario\/wp-content\/uploads\/2019\/09\/CARTEL-II-PROGRAMAR-EN-IGUALDAD-1-530x750.png 530w, https:\/\/www.upo.es\/diario\/wp-content\/uploads\/2019\/09\/CARTEL-II-PROGRAMAR-EN-IGUALDAD-1-600x849.png 600w, https:\/\/www.upo.es\/diario\/wp-content\/uploads\/2019\/09\/CARTEL-II-PROGRAMAR-EN-IGUALDAD-1-1320x1867.png 1320w, https:\/\/www.upo.es\/diario\/wp-content\/uploads\/2019\/09\/CARTEL-II-PROGRAMAR-EN-IGUALDAD-1.png 1587w\" sizes=\"auto, (max-width: 254px) 100vw, 254px\" \/><\/a>La Universidad Pablo de Olavide lanza la <strong>II edici\u00f3n del V\u00eddeo-Concurso \u201cProgramar en Igualdad\u201d<\/strong>, una iniciativa dirigida al alumnado de los Centros de Educaci\u00f3n Secundaria de la provincia de Sevilla que durante el curso 2019\/2020 se encuentren cursando cualquier nivel de la Educaci\u00f3n Secundaria Obligatoria, Bachillerato y Ciclos Formativos de Grado Medio y Superior.<\/p>\n<p>El objetivo del concurso es promocionar, dentro del \u00e1mbito educativo y con respecto al grado de Ingenier\u00eda Inform\u00e1tica en Sistemas de Informaci\u00f3n, la igualdad entre hombres y mujeres y erradicar los estereotipos que existen en las carreras profesionales a trav\u00e9s del uso de las nuevas tecnolog\u00edas.<\/p>\n<p>Los v\u00eddeos presentados han de ir enfocados a derribar los estereotipos de g\u00e9nero en los estudios de Ingenier\u00eda; visibilizar el papel de las mujeres en las nuevas tecnolog\u00edas; y promover la incorporaci\u00f3n de las mujeres en la Ingenier\u00eda Inform\u00e1tica en Sistemas de Informaci\u00f3n.<\/p>\n<p>El concurso est\u00e1 organizado en tres fases: en la primera, <strong>los centros presentar\u00e1n las<\/strong> <strong>propuestas audiovisuales desde el 16 de septiembre hasta el 3 de noviembre a trav\u00e9s de la p\u00e1gina web http:\/\/eps.upo.es\/concurso\/<\/strong>; en una segunda fase, los<strong> v\u00eddeos presentados tienen hasta el 24 de noviembre para acumular \u201clikes\u201d en la plataforma de v\u00eddeo Youtube; <\/strong>y en una tercera fase, <strong>la UPO organizar\u00e1 un evento donde se entregar\u00e1 el premio al v\u00eddeo ganador y un diploma acreditativo a los finalistas<\/strong>. Los cinco v\u00eddeos finalistas se escoger\u00e1n de entre los que m\u00e1s \u201clikes\u201d hayan logrado conseguir en el periodo indicado.<\/p>\n<p>De entre esos cinco finalistas, se seleccionar\u00e1 el v\u00eddeo ganador que recibir\u00e1 como premio 750 euros y un diploma de participaci\u00f3n a las estudiantes y los estudiantes que hayan elaborado el v\u00eddeo.<\/p>\n<p>Organizado por la Escuela Polit\u00e9cnica Superior de la UPO, en colaboraci\u00f3n con el Vicerrectorado de Cultura y Compromiso Social y la Oficina para la Igualdad, el certamen est\u00e1 enmarcado en el desarrollo de acciones del II Plan de Igualdad de la Universidad Pablo de Olavide, donde se especifica la realizaci\u00f3n de actividades precisas de sensibilizaci\u00f3n dirigidas a estudiantes con el fin de erradicar los estereotipos que existen en las carreras profesionales.<\/p>\n<p><strong>M\u00e1s informaci\u00f3n: <\/strong><a href=\"http:\/\/eps.upo.es\/concurso\/\">http:\/\/eps.upo.es\/concurso\/<\/a><\/p>\n","protected":false},"excerpt":{"rendered":"<p>La Universidad Pablo de Olavide lanza la II edici\u00f3n del V\u00eddeo-Concurso \u201cProgramar en Igualdad\u201d, una iniciativa dirigida al alumnado de los Centros de Educaci\u00f3n Secundaria de la provincia de Sevilla que durante el curso 2019\/2020 se encuentren cursando cualquier nivel de la Educaci\u00f3n Secundaria Obligatoria, Bachillerato y Ciclos Formativos de Grado Medio y Superior.<\/p>\n","protected":false},"author":4,"featured_media":30857854,"comment_status":"closed","ping_status":"open","sticky":false,"template":"","format":"standard","meta":{"_monsterinsights_skip_tracking":false,"_monsterinsights_sitenote_active":false,"_monsterinsights_sitenote_note":"","_monsterinsights_sitenote_category":0,"footnotes":""},"categories":[2779],"tags":[59,152,2479,2209,5555],"class_list":["post-30857853","post","type-post","status-publish","format-standard","has-post-thumbnail","hentry","category-docencia-formacion","tag-concurso","tag-escuela-politecnica-superior","tag-grado-en-ingenieria-informatica-en-sistemas-de-informacion","tag-oficina-para-la-igualdad","tag-programar-en-igualdad"],"_links":{"self":[{"href":"https:\/\/www.upo.es\/diario\/wp-json\/wp\/v2\/posts\/30857853","targetHints":{"allow":["GET"]}}],"collection":[{"href":"https:\/\/www.upo.es\/diario\/wp-json\/wp\/v2\/posts"}],"about":[{"href":"https:\/\/www.upo.es\/diario\/wp-json\/wp\/v2\/types\/post"}],"author":[{"embeddable":true,"href":"https:\/\/www.upo.es\/diario\/wp-json\/wp\/v2\/users\/4"}],"replies":[{"embeddable":true,"href":"https:\/\/www.upo.es\/diario\/wp-json\/wp\/v2\/comments?post=30857853"}],"version-history":[{"count":2,"href":"https:\/\/www.upo.es\/diario\/wp-json\/wp\/v2\/posts\/30857853\/revisions"}],"predecessor-version":[{"id":30857856,"href":"https:\/\/www.upo.es\/diario\/wp-json\/wp\/v2\/posts\/30857853\/revisions\/30857856"}],"wp:featuredmedia":[{"embeddable":true,"href":"https:\/\/www.upo.es\/diario\/wp-json\/wp\/v2\/media\/30857854"}],"wp:attachment":[{"href":"https:\/\/www.upo.es\/diario\/wp-json\/wp\/v2\/media?parent=30857853"}],"wp:term":[{"taxonomy":"category","embeddable":true,"href":"https:\/\/www.upo.es\/diario\/wp-json\/wp\/v2\/categories?post=30857853"},{"taxonomy":"post_tag","embeddable":true,"href":"https:\/\/www.upo.es\/diario\/wp-json\/wp\/v2\/tags?post=30857853"}],"curies":[{"name":"wp","href":"https:\/\/api.w.org\/{rel}","templated":true}]}}