{"id":30857947,"date":"2019-09-20T16:57:31","date_gmt":"2019-09-20T14:57:31","guid":{"rendered":"https:\/\/www.upo.es\/diario\/?p=30857947"},"modified":"2019-09-26T12:44:28","modified_gmt":"2019-09-26T10:44:28","slug":"vicente-guzman-hablemos-de-futuro-porque-nos-jugamos-mucho-como-universidad-como-sistema-como-comunidad-autonoma","status":"publish","type":"post","link":"https:\/\/www.upo.es\/diario\/institucional\/2019\/09\/vicente-guzman-hablemos-de-futuro-porque-nos-jugamos-mucho-como-universidad-como-sistema-como-comunidad-autonoma\/","title":{"rendered":"Vicente Guzm\u00e1n: \u201cHablemos de futuro, porque nos jugamos mucho, como universidad, como sistema, como comunidad aut\u00f3noma\u201d"},"content":{"rendered":"<figure id=\"attachment_30857951\" aria-describedby=\"caption-attachment-30857951\" style=\"width: 750px\" class=\"wp-caption aligncenter\"><a href=\"https:\/\/www.upo.es\/diario\/wp-content\/uploads\/2019\/09\/Apertura-Curso-2019-20_UPO-2.jpg\"><img loading=\"lazy\" decoding=\"async\" class=\"size-large wp-image-30857951\" src=\"https:\/\/www.upo.es\/diario\/wp-content\/uploads\/2019\/09\/Apertura-Curso-2019-20_UPO-2-750x500.jpg\" alt=\"\" width=\"750\" height=\"500\" srcset=\"https:\/\/www.upo.es\/diario\/wp-content\/uploads\/2019\/09\/Apertura-Curso-2019-20_UPO-2-750x500.jpg 750w, https:\/\/www.upo.es\/diario\/wp-content\/uploads\/2019\/09\/Apertura-Curso-2019-20_UPO-2-360x240.jpg 360w, https:\/\/www.upo.es\/diario\/wp-content\/uploads\/2019\/09\/Apertura-Curso-2019-20_UPO-2-768x512.jpg 768w, https:\/\/www.upo.es\/diario\/wp-content\/uploads\/2019\/09\/Apertura-Curso-2019-20_UPO-2-600x400.jpg 600w, https:\/\/www.upo.es\/diario\/wp-content\/uploads\/2019\/09\/Apertura-Curso-2019-20_UPO-2-165x109.jpg 165w, https:\/\/www.upo.es\/diario\/wp-content\/uploads\/2019\/09\/Apertura-Curso-2019-20_UPO-2-1320x880.jpg 1320w\" sizes=\"auto, (max-width: 750px) 100vw, 750px\" \/><\/a><figcaption id=\"caption-attachment-30857951\" class=\"wp-caption-text\">Vicente Guzm\u00e1n durante su discurso de Apertura del Curso 2019\/20<\/figcaption><\/figure>\n<p>La Universidad Pablo de Olavide ha celebrado hoy en el Paraninfo el <strong>Solemne Acto de Apertura Oficial del Curso 2019\/2020<\/strong>, que ha sido presidido por el rector <strong>Vicente Guzm\u00e1n Fluja<\/strong> y que ha contado con la presencia del consejero de Econom\u00eda, Conocimiento, Empresas y Universidad, <strong>Rogelio Velasco P\u00e9rez, <\/strong>adem\u00e1s de diversas autoridades civiles y militares. \u00a0Acompa\u00f1aban al rector y al consejero en la mesa presidencial: <strong>Amparo Rubiales Torrej\u00f3n<\/strong>, presidenta del Consejo Social; <strong>Jos\u00e9 Mar\u00eda Seco Mart\u00ednez<\/strong>, secretario general de la Universidad; y <strong>Pilar Rodr\u00edguez Reina<\/strong>, vicerrectora de Relaciones Institucionales de la UPO.<\/p>\n<p><a href=\"https:\/\/www.upo.es\/diario\/wp-content\/uploads\/2019\/09\/Apertura-Curso-2019-20_UPO-1.jpg\"><img loading=\"lazy\" decoding=\"async\" class=\"alignright size-medium wp-image-30857950\" src=\"https:\/\/www.upo.es\/diario\/wp-content\/uploads\/2019\/09\/Apertura-Curso-2019-20_UPO-1-360x240.jpg\" alt=\"\" width=\"360\" height=\"240\" srcset=\"https:\/\/www.upo.es\/diario\/wp-content\/uploads\/2019\/09\/Apertura-Curso-2019-20_UPO-1-360x240.jpg 360w, https:\/\/www.upo.es\/diario\/wp-content\/uploads\/2019\/09\/Apertura-Curso-2019-20_UPO-1-768x512.jpg 768w, https:\/\/www.upo.es\/diario\/wp-content\/uploads\/2019\/09\/Apertura-Curso-2019-20_UPO-1-750x500.jpg 750w, https:\/\/www.upo.es\/diario\/wp-content\/uploads\/2019\/09\/Apertura-Curso-2019-20_UPO-1-600x400.jpg 600w, https:\/\/www.upo.es\/diario\/wp-content\/uploads\/2019\/09\/Apertura-Curso-2019-20_UPO-1-165x109.jpg 165w, https:\/\/www.upo.es\/diario\/wp-content\/uploads\/2019\/09\/Apertura-Curso-2019-20_UPO-1-1320x880.jpg 1320w\" sizes=\"auto, (max-width: 360px) 100vw, 360px\" \/><\/a>Tras la presentaci\u00f3n de la <strong>memoria del curso pasado 2018\/19<\/strong> por parte del secretario general, el catedr\u00e1tico en Microbiolog\u00eda de la instituci\u00f3n Eduardo Santero Santurino ha pronunciado la <strong>Lecci\u00f3n Inaugural<\/strong> \u2018El fascinante y desconocido mundo de los microbios\u2019, en la que ha querido \u201crealizar una aportaci\u00f3n a la alfabetizaci\u00f3n en Microbiolog\u00eda de la ciudadan\u00eda\u201d y ha abordado asuntos como la \u201cextraordinaria\u201d biodiversidad microbiana, la importancia de los microbios en el planeta, la asociaci\u00f3n de los microbios con otros seres vivos y el desconocido mundo microbiano.<\/p>\n<p>A continuaci\u00f3n, el rector ha hecho entrega de las <strong>Medallas al M\u00e9rito<\/strong> de la Universidad Pablo de Olavide, <strong>tal y como qued\u00f3 aprobado en el \u00faltimo Consejo de Gobierno de la instituci\u00f3n,<\/strong> a los catedr\u00e1ticos\u00a0<strong>Juan Francisco Ojeda Rivera<\/strong>\u00a0y\u00a0<strong>Juan Daniel Ram\u00edrez Garrido<\/strong>\u00a0as\u00ed como al profesor\u00a0<strong>Jos\u00e9 Carlos Miranda Terce\u00f1o. <\/strong><\/p>\n<p>Tras la concesi\u00f3n de las Medallas, el <strong>consejero Rogelio Velasco<\/strong> se ha dirigido a los presentes y ha dedicado unas palabras de elogio a la Universidad Pablo de Olavide y a su rector, Vicente Guzm\u00e1n Fluja por la labor desarrollada durante estos a\u00f1os al frente de una instituci\u00f3n \u201cpionera\u201d, con un \u201cfuerte compromiso social\u201d y que ha conseguido posicionarse en Europa por su \u201cexcelencia docente\u201d. El consejero ha destacado el compromiso y la responsabilidad de la UPO \u201cpor brindar a sus estudiantes y a la sociedad una oferta adaptada a los cambios educativos, socioecon\u00f3micos y tecnol\u00f3gicos y desarrollar una labor encaminada a mejorar la vida de las personas\u201d y ha se\u00f1alado que las universidades deben ser \u201cfuente de creatividad, reflexi\u00f3n cr\u00edtica y di\u00e1logo\u201d para hacer m\u00e1s pr\u00f3speras las sociedades.<\/p>\n<p>Asimismo, Rogelio Velasco ha mostrado su compromiso en continuar trabajando para hacer frente a los desaf\u00edos que demanda el sistema universitario andaluz y durante su alocuci\u00f3n, se ha referido espec\u00edficamente a tres cuestiones: la revisi\u00f3n del mapa de titulaciones, la reforma de la Ley Andaluza de Universidades y la reformulaci\u00f3n del modelo de financiaci\u00f3n universitaria.<\/p>\n<p>Por \u00faltimo, tras resaltar el presupuesto dirigido a las universidades y destacar la importancia de la bonificaci\u00f3n \u201cpara fomentar el rendimiento acad\u00e9mico del alumnado\u201d, Rogelio Velasco ha explicado que, a trav\u00e9s de la promoci\u00f3n de plazas de ayudantes doctores va a buscar, desde su Gobierno, la mejora de la situaci\u00f3n del profesorado, al ser la \u201ccategor\u00eda m\u00e1s id\u00f3nea\u201d. El impulso de las Humanidades, el apoyo a 257 j\u00f3venes doctores con proyecci\u00f3n internacional, o la apuesta por los Campus de Excelencia Internacional son, entre otras, algunas de las medidas previstas por la Consejer\u00eda que tambi\u00e9n han sido destacadas en su discurso.<\/p>\n<p><strong>DISCURSO DE APERTURA DEL RECTOR <\/strong><\/p>\n<p>Para concluir, el rector ha comenzado el que ha sido su \u00faltimo discurso de apertura agradeciendo a la comunidad universitaria el trabajo realizado del que \u201cpodemos sentirnos orgullosos\u201d: \u201cSi con muy pocos medios hemos hecho muchas cosas, \u00bfqu\u00e9 seremos capaces de hacer cuando tengamos los medios suficientes? Ojal\u00e1, consejero, tengamos oportunidad de demostrarlo\u201d.<\/p>\n<p>Vicente Guzm\u00e1n ha recalcado que la comunidad universitaria \u201cha mostrado empuje, innovaci\u00f3n, trabajo incansable, capacidad de respuesta ante las circunstancias, siempre superando los m\u00e1s duros per\u00edodos\u201d y que debe seguir trabajando para su consolidaci\u00f3n.<\/p>\n<p>El rector ha insistido en la necesidad de transformaci\u00f3n de las universidades porque \u201ctenemos que ser ejemplo de transformaci\u00f3n si queremos transformar la sociedad\u201d. Se tratar\u00eda de escalonar las etapas educativas, de conectar educaci\u00f3n superior y formaci\u00f3n profesional de ciclo superior y determinar las fases generalistas y de especializaci\u00f3n de los estudios. Crear y transmitir cr\u00edticamente el conocimiento y transferirlo a la sociedad. Vicente Guzm\u00e1n ha aclarado que el papel de la universidad no es solo formar a profesionales porque \u201cqueremos personas que hagan avanzar a la sociedad\u201d.<\/p>\n<p>Entre las iniciativas que ha propuesto para este proceso de transformaci\u00f3n se encuentran la de comenzar a poner en marcha los procesos de modificaci\u00f3n de los contenidos de las titulaciones ya existentes, la creaci\u00f3n de nuevas titulaciones o la combinaci\u00f3n innovadora de las mismas. \u201cHay que pensar en t\u00e9rminos de modularidad y flexibilidad de los estudios que se ofertan, hay que encontrar el equilibrio entre presencialidad y virtualidad, lo que nos haga m\u00e1s competitivos como universidad; tenemos que impulsar, en este campus \u00fanico y concentrado, la creaci\u00f3n de grupos de investigaci\u00f3n combinativos de diversas \u00e1reas del saber, alentar la petici\u00f3n de proyectos de investigaci\u00f3n europeos y transnacionales, y todo ello para dar un verdadero sentido a la inevitable internacionalizaci\u00f3n del sistema de educaci\u00f3n superior\u201d, ha apuntado.<\/p>\n<p>Asimismo, durante su alocuci\u00f3n, Vicente Guzm\u00e1n ha abordado la cuesti\u00f3n financiera y le ha pedido a la Consejer\u00eda un reparto lo m\u00e1s justo y equitativo posible: \u201cHablemos de futuro, porque nos jugamos mucho, como universidad, como sistema, como comunidad aut\u00f3noma\u201d. Vicente Guzm\u00e1n ha pedido tambi\u00e9n al Gobierno andaluz un mayor fortalecimiento de los recursos humanos, de las plazas de ayudante doctor, de las plazas de promoci\u00f3n\u2026 \u201cUna estructura de plantilla consolidada, con m\u00e1s tiempo completo y menos tiempo parcial para que demos un horizonte a las personas que hacen su trabajo en esta Universidad\u201d, ha se\u00f1alado en su discurso, en el que tambi\u00e9n ha destacado la necesidad de fortalecer la investigaci\u00f3n y la atracci\u00f3n y retenci\u00f3n del talento. \u201cDebemos incentivar a las personas para que se quieran quedar en la universidad y ser profesores universitarios\u201d, ha destacado.<\/p>\n<p>Por \u00faltimo, el rector ha insistido en la necesidad de \u201chacer personas diversas y comprometidas\u201d y ha asegurado que trabajar\u00e1 \u201chasta el \u00faltimo minuto\u201d para dejar la Universidad en las mejores condiciones posibles al siguiente rector y equipo de gobierno: \u201cSigo so\u00f1ando con que esta Universidad puede ser todav\u00eda m\u00e1s\u201d.<\/p>\n<p>Finalmente, Vicente Guzm\u00e1n ha declarado inaugurado el curso 2019\/20 en la Universidad Pablo de Olavide, de Sevilla.<\/p>\n<p><a title=\"Acto de Apertura del Curso Acad\u00e9mico 2019\/2020\" href=\"https:\/\/www.flickr.com\/photos\/pablodeolavide\/albums\/72157710981832317\" data-flickr-embed=\"true\" data-header=\"true\"><img loading=\"lazy\" decoding=\"async\" src=\"https:\/\/live.staticflickr.com\/65535\/48764561997_442f2840b4_z.jpg\" alt=\"Acto de Apertura del Curso Acad\u00e9mico 2019\/2020\" width=\"640\" height=\"426\" \/><\/a><script async src=\"\/\/embedr.flickr.com\/assets\/client-code.js\" charset=\"utf-8\"><\/script><\/p>\n","protected":false},"excerpt":{"rendered":"<p>La Universidad Pablo de Olavide ha celebrado hoy en el Paraninfo el Solemne Acto de Apertura Oficial del Curso 2019\/2020, que ha sido presidido por el rector Vicente Guzm\u00e1n Fluja y que ha contado con la presencia del consejero de Econom\u00eda, Conocimiento, Empresas y Universidad, Rogelio Velasco P\u00e9rez, adem\u00e1s de diversas autoridades civiles y militares.  Acompa\u00f1aban al rector y al consejero en la mesa presidencial: Amparo Rubiales Torrej\u00f3n, presidenta del Consejo Social; Jos\u00e9 Mar\u00eda Seco Mart\u00ednez, secretario general de la Universidad; y Pilar Rodr\u00edguez Reina, vicerrectora de Relaciones Institucionales de la UPO. <\/p>\n","protected":false},"author":6,"featured_media":30857951,"comment_status":"closed","ping_status":"open","sticky":false,"template":"","format":"standard","meta":{"_monsterinsights_skip_tracking":false,"_monsterinsights_sitenote_active":false,"_monsterinsights_sitenote_note":"","_monsterinsights_sitenote_category":0,"footnotes":""},"categories":[6],"tags":[5420,5667,874,203,682,199,38,1915],"class_list":["post-30857947","post","type-post","status-publish","format-standard","has-post-thumbnail","hentry","category-institucional","tag-apertura-del-curso","tag-curso-20192020","tag-financiacion","tag-junta-de-andalucia","tag-pas","tag-profesorado","tag-rector","tag-vicente-guzman-fluja"],"_links":{"self":[{"href":"https:\/\/www.upo.es\/diario\/wp-json\/wp\/v2\/posts\/30857947","targetHints":{"allow":["GET"]}}],"collection":[{"href":"https:\/\/www.upo.es\/diario\/wp-json\/wp\/v2\/posts"}],"about":[{"href":"https:\/\/www.upo.es\/diario\/wp-json\/wp\/v2\/types\/post"}],"author":[{"embeddable":true,"href":"https:\/\/www.upo.es\/diario\/wp-json\/wp\/v2\/users\/6"}],"replies":[{"embeddable":true,"href":"https:\/\/www.upo.es\/diario\/wp-json\/wp\/v2\/comments?post=30857947"}],"version-history":[{"count":2,"href":"https:\/\/www.upo.es\/diario\/wp-json\/wp\/v2\/posts\/30857947\/revisions"}],"predecessor-version":[{"id":30857953,"href":"https:\/\/www.upo.es\/diario\/wp-json\/wp\/v2\/posts\/30857947\/revisions\/30857953"}],"wp:featuredmedia":[{"embeddable":true,"href":"https:\/\/www.upo.es\/diario\/wp-json\/wp\/v2\/media\/30857951"}],"wp:attachment":[{"href":"https:\/\/www.upo.es\/diario\/wp-json\/wp\/v2\/media?parent=30857947"}],"wp:term":[{"taxonomy":"category","embeddable":true,"href":"https:\/\/www.upo.es\/diario\/wp-json\/wp\/v2\/categories?post=30857947"},{"taxonomy":"post_tag","embeddable":true,"href":"https:\/\/www.upo.es\/diario\/wp-json\/wp\/v2\/tags?post=30857947"}],"curies":[{"name":"wp","href":"https:\/\/api.w.org\/{rel}","templated":true}]}}