{"id":30857949,"date":"2019-09-20T01:16:59","date_gmt":"2019-09-19T23:16:59","guid":{"rendered":"https:\/\/www.upo.es\/diario\/?p=30857949"},"modified":"2019-10-09T15:11:15","modified_gmt":"2019-10-09T13:11:15","slug":"presentacion-de-los-resultados-del-proyecto-liderado-por-la-upo-sobre-la-trata-de-personas-genero-y-migraciones","status":"publish","type":"post","link":"https:\/\/www.upo.es\/diario\/docencia-formacion\/2019\/09\/presentacion-de-los-resultados-del-proyecto-liderado-por-la-upo-sobre-la-trata-de-personas-genero-y-migraciones\/","title":{"rendered":"Presentaci\u00f3n de los resultados del proyecto liderado por la UPO sobre la trata de personas, g\u00e9nero y migraciones"},"content":{"rendered":"<figure id=\"attachment_30857981\" aria-describedby=\"caption-attachment-30857981\" style=\"width: 360px\" class=\"wp-caption alignright\"><a href=\"https:\/\/www.upo.es\/diario\/wp-content\/uploads\/2019\/09\/IMG_2374.jpg\"><img loading=\"lazy\" decoding=\"async\" class=\"size-medium wp-image-30857981\" src=\"https:\/\/www.upo.es\/diario\/wp-content\/uploads\/2019\/09\/IMG_2374-360x270.jpg\" alt=\"\" width=\"360\" height=\"270\" srcset=\"https:\/\/www.upo.es\/diario\/wp-content\/uploads\/2019\/09\/IMG_2374-360x270.jpg 360w, https:\/\/www.upo.es\/diario\/wp-content\/uploads\/2019\/09\/IMG_2374-768x576.jpg 768w, https:\/\/www.upo.es\/diario\/wp-content\/uploads\/2019\/09\/IMG_2374-750x563.jpg 750w, https:\/\/www.upo.es\/diario\/wp-content\/uploads\/2019\/09\/IMG_2374-600x450.jpg 600w, https:\/\/www.upo.es\/diario\/wp-content\/uploads\/2019\/09\/IMG_2374-1320x990.jpg 1320w\" sizes=\"auto, (max-width: 360px) 100vw, 360px\" \/><\/a><figcaption id=\"caption-attachment-30857981\" class=\"wp-caption-text\">Nuria Cordero Ramos, investigadora de la UPO y responsable del proyecto (izquierda) y Elodia Hern\u00e1ndez Le\u00f3n, vicerrectora de Cultura y Compromiso Social.<\/figcaption><\/figure>\n<p><strong>El lunes 23 de septiembre, en la Sede Universitaria Olavide en Sevilla-Centro,<\/strong> tuvo lugar el <strong>coloquio con presentaci\u00f3n de resultados del proyecto \u2018Trata de personas, g\u00e9nero y migraciones en Costa Rica, Marruecos y Andaluc\u00eda: por una defensa multi-garnatista y multi-espacial de derechos humanos\u2019<\/strong>, liderado por la Universidad Pablo de Olavide y financiado por la <strong>Agencia Andaluza de Cooperaci\u00f3n Internacional<\/strong> <strong>para el Desarrollo<\/strong> (AACID). La inauguraci\u00f3n estuvo a cargo de <strong>Elodia Hern\u00e1ndez Le\u00f3n<\/strong>, vicerrectora de Cultura y Compromiso Social de la Universidad Pablo de Olavide, que estuvo acompa\u00f1ada por <strong>Nuria Cordero Ramos<\/strong>, investigadora de la UPO y responsable del proyecto, as\u00ed como de un representante de la Agencia Andaluza de Cooperaci\u00f3n para el Desarrollo.<\/p>\n<p>El acto comenz\u00f3 con la presentaci\u00f3n del libro \u2018Trata de personas, g\u00e9nero y migraciones en Andaluc\u00eda (Espa\u00f1a), Costa Rica y Marruecos. Retos y propuestas para la defensa y garant\u00eda de los derechos humanos, y continu\u00f3 con la proyecci\u00f3n del v\u00eddeo \u2018Trata de personas g\u00e9nero y migraciones en Costa Rica, Marruecos y Andaluc\u00eda. Por una defensa multi-garantista y multi-espacial de derechos humanos. Retos en Costa Rica\u2019, as\u00ed como con la visualizaci\u00f3n de otra serie de documentos audiovisuales agrupados bajo el t\u00edtulo \u2018Narraciones de mujeres migrantes en Marruecos\u2019.<\/p>\n<p>En este coloquio con presentaci\u00f3n de resultados han intervenido: Nuria Cordero Ramos, directora del proyecto; David S\u00e1nchez Rubio, investigador de la Universidad de Sevilla; y Pilar Cruz Z\u00fa\u00f1iga, investigadora de la Universidad Pablo de Olavide.<\/p>\n","protected":false},"excerpt":{"rendered":"<p>El acto comenz\u00f3 con la presentaci\u00f3n del libro \u2018Trata de personas, g\u00e9nero y migraciones en Andaluc\u00eda (Espa\u00f1a), Costa Rica y Marruecos. Retos y propuestas para la defensa y garant\u00eda de los derechos humanos, y continu\u00f3 con la proyecci\u00f3n del v\u00eddeo \u2018Trata de personas g\u00e9nero y migraciones en Costa Rica, Marruecos y Andaluc\u00eda. Por una defensa multi-garantista y multi-espacial de derechos humanos. Retos en Costa Rica\u2019, as\u00ed como con la visualizaci\u00f3n de otra serie de documentos audiovisuales agrupados bajo el t\u00edtulo \u2018Narraciones de mujeres migrantes en Marruecos\u2019.<\/p>\n","protected":false},"author":15,"featured_media":30857981,"comment_status":"closed","ping_status":"open","sticky":false,"template":"","format":"standard","meta":{"_monsterinsights_skip_tracking":false,"_monsterinsights_sitenote_active":false,"_monsterinsights_sitenote_note":"","_monsterinsights_sitenote_category":0,"footnotes":""},"categories":[2779],"tags":[190,2759,1695,747,336,869,6216,524,6218,5227,522],"class_list":["post-30857949","post","type-post","status-publish","format-standard","has-post-thumbnail","hentry","category-docencia-formacion","tag-andalucia","tag-compromiso-social","tag-costa-rica","tag-elodia-hernandez","tag-genero","tag-marruecos","tag-migraciones","tag-nuria-cordero","tag-pilar-cruz","tag-sede-centro","tag-trata"],"_links":{"self":[{"href":"https:\/\/www.upo.es\/diario\/wp-json\/wp\/v2\/posts\/30857949","targetHints":{"allow":["GET"]}}],"collection":[{"href":"https:\/\/www.upo.es\/diario\/wp-json\/wp\/v2\/posts"}],"about":[{"href":"https:\/\/www.upo.es\/diario\/wp-json\/wp\/v2\/types\/post"}],"author":[{"embeddable":true,"href":"https:\/\/www.upo.es\/diario\/wp-json\/wp\/v2\/users\/15"}],"replies":[{"embeddable":true,"href":"https:\/\/www.upo.es\/diario\/wp-json\/wp\/v2\/comments?post=30857949"}],"version-history":[{"count":5,"href":"https:\/\/www.upo.es\/diario\/wp-json\/wp\/v2\/posts\/30857949\/revisions"}],"predecessor-version":[{"id":30857982,"href":"https:\/\/www.upo.es\/diario\/wp-json\/wp\/v2\/posts\/30857949\/revisions\/30857982"}],"wp:featuredmedia":[{"embeddable":true,"href":"https:\/\/www.upo.es\/diario\/wp-json\/wp\/v2\/media\/30857981"}],"wp:attachment":[{"href":"https:\/\/www.upo.es\/diario\/wp-json\/wp\/v2\/media?parent=30857949"}],"wp:term":[{"taxonomy":"category","embeddable":true,"href":"https:\/\/www.upo.es\/diario\/wp-json\/wp\/v2\/categories?post=30857949"},{"taxonomy":"post_tag","embeddable":true,"href":"https:\/\/www.upo.es\/diario\/wp-json\/wp\/v2\/tags?post=30857949"}],"curies":[{"name":"wp","href":"https:\/\/api.w.org\/{rel}","templated":true}]}}