{"id":30857959,"date":"2019-09-23T15:25:01","date_gmt":"2019-09-23T13:25:01","guid":{"rendered":"https:\/\/www.upo.es\/diario\/?p=30857959"},"modified":"2019-09-26T12:44:09","modified_gmt":"2019-09-26T10:44:09","slug":"la-upo-caritas-obra-social-la-caixa-y-fundacion-persan-presentan-la-sexta-edicion-del-programa-la-rosa-blanca","status":"publish","type":"post","link":"https:\/\/www.upo.es\/diario\/cultura-social\/2019\/09\/la-upo-caritas-obra-social-la-caixa-y-fundacion-persan-presentan-la-sexta-edicion-del-programa-la-rosa-blanca\/","title":{"rendered":"La UPO, C\u00e1ritas, Obra Social La Caixa y Fundaci\u00f3n Pers\u00e1n presentan la sexta edici\u00f3n del programa \u2018La Rosa Blanca\u2019"},"content":{"rendered":"<p><u><a href=\"https:\/\/www.upo.es\/diario\/wp-content\/uploads\/2019\/09\/convenio_Caritas_Caixa_Persan_UPO.jpg\"><img loading=\"lazy\" decoding=\"async\" class=\"alignright size-medium wp-image-30857960\" src=\"https:\/\/www.upo.es\/diario\/wp-content\/uploads\/2019\/09\/convenio_Caritas_Caixa_Persan_UPO-360x240.jpg\" alt=\"\" width=\"360\" height=\"240\" srcset=\"https:\/\/www.upo.es\/diario\/wp-content\/uploads\/2019\/09\/convenio_Caritas_Caixa_Persan_UPO-360x240.jpg 360w, https:\/\/www.upo.es\/diario\/wp-content\/uploads\/2019\/09\/convenio_Caritas_Caixa_Persan_UPO-768x512.jpg 768w, https:\/\/www.upo.es\/diario\/wp-content\/uploads\/2019\/09\/convenio_Caritas_Caixa_Persan_UPO-750x500.jpg 750w, https:\/\/www.upo.es\/diario\/wp-content\/uploads\/2019\/09\/convenio_Caritas_Caixa_Persan_UPO-600x400.jpg 600w, https:\/\/www.upo.es\/diario\/wp-content\/uploads\/2019\/09\/convenio_Caritas_Caixa_Persan_UPO-165x109.jpg 165w, https:\/\/www.upo.es\/diario\/wp-content\/uploads\/2019\/09\/convenio_Caritas_Caixa_Persan_UPO-1320x880.jpg 1320w\" sizes=\"auto, (max-width: 360px) 100vw, 360px\" \/><\/a>El rector de la Universidad Pablo de Olavide, <strong>Vicente Guzm\u00e1n Fluja<\/strong>; el presidente de C\u00e1ritas Universitaria, <strong>Andr\u00e9s Pablo Guija Rodr\u00edguez<\/strong>; la directora territorial de CaixaBank en Andaluc\u00eda Occidental, <strong>Mar\u00eda Jes\u00fas Catal\u00e1<\/strong>; y la presidenta de la Fundaci\u00f3n Pers\u00e1n, <strong>Concepci\u00f3n Yoldi Garc\u00eda<\/strong>, han presentado esta ma\u00f1ana el programa \u2018La Rosa Blanca\u2019, que promueve ayudas a estudiantes de la UPO con dificultades sociales, econ\u00f3micas o familiares durante el curso 2019-20<\/u><\/p>\n<p>\u201cUna sociedad que avanza no puede dejar a nadie atr\u00e1s\u201d, ha explicado el rector de la Universidad Pablo de Olavide, quien ha subrayado que con iniciativas como \u00e9sta, las universidades contribuyen a la justicia social poniendo los recursos que se encuentran al alcance a disposici\u00f3n de las personas que m\u00e1s lo necesitan. \u201cNada de esto ser\u00eda posible si no hubiera personas que ejecutasen y estuvieran dispuestas a sacar tiempo para dedic\u00e1rselo a los dem\u00e1s\u201d, ha destacado Vicente Guzm\u00e1n, refiri\u00e9ndose a la labor que realizan los voluntarios de C\u00e1ritas en este programa.<\/p>\n<p>Tambi\u00e9n la presidenta de la Fundaci\u00f3n Pers\u00e1n ha tenido palabras de reconocimiento a la labor que desarrollan los voluntarios y ha destacado la preocupaci\u00f3n de la instituci\u00f3n a la que representa por la igualdad de oportunidades. \u201cFundaci\u00f3n Pers\u00e1n intentar\u00e1 ayudar a solucionar esta injusticia\u201d, ha explicado, poniendo en valor un proyecto en el que \u201cse unen dos ideas importantes: juventud y pobreza\u201d.<\/p>\n<p>En la misma l\u00ednea se ha expresado Mar\u00eda Jes\u00fas Catal\u00e1, quien ha insistido en que la inversi\u00f3n en la formaci\u00f3n de las personas es la mejor manera de romper el c\u00edrculo de la desigualdad social. \u201cHay situaciones que no quedan contempladas en las ayudas \u2018normales\u2019 y ah\u00ed debemos estar nosotros\u201d, ha a\u00f1adido.<\/p>\n<p>Asimismo, el presidente de C\u00e1ritas Universitaria ha dedicado algunas palabras a elogiar el trabajo de los voluntarios y ha expresado la responsabilidad y el compromiso de la instituci\u00f3n con los estudiantes.<\/p>\n<p>El programa contempla 36 ayudas en total que son destinadas a estudiantes universitarios que se ven imposibilitados a culminar su titulaci\u00f3n universitaria por situaciones sobrevenidas u otro tipo de dificultades sociales, econ\u00f3micas o familiares.<\/p>\n<p>Existen <strong>cuatro modalidades<\/strong> de ayudas seg\u00fan las caracter\u00edsticas del alumnado: tres ayudas-pr\u00e9stamo para estudiantes de primer curso de Grado con residencia familiar fuera de Sevilla capital y menores de 25 a\u00f1os; doce ayudas de transporte para estudiantes de Grado que hayan superado el 60% de los cr\u00e9ditos del curso precedente y residan fuera de Sevilla capital; cinco ayudas para pago de matr\u00edcula de estudiantes que, habiendo superado el 50% de los cr\u00e9ditos del curso precedente y a quienes reste el 35% de los cr\u00e9ditos globales para finalizar sus estudios de Grado, no puedan acceder a ning\u00fan tipo de ayuda p\u00fablica; y quince ayudas destinadas a estudiantes de Grado que, habiendo superado el 50% de los cr\u00e9ditos del curso precedente y no teniendo posibilidad de recibir otras ayudas, demuestren que viven situaciones familiares sobrevenidas les hacen imposible afrontar el coste del curso acad\u00e9mico (matr\u00edcula, manutenci\u00f3n o alojamiento).<\/p>\n<p>Para acceder a estas ayudas, supervisadas por el Vicerrectorado de Estudiantes, se deber\u00e1 presentar la solicitud correspondiente junto con los documentos requeridos en el Registro de la Universidad Pablo de Olavide o en el servicio universitario de registro electr\u00f3nico. Hay tres plazos establecidos para ello: antes del <strong>9 de noviembre, <\/strong>del<strong> 22 de febrero y <\/strong>del<strong> 31 de mayo<\/strong>. Cuando se entreguen los documentos se deber\u00e1 enviar un email a <a href=\"mailto:fondodesolidaridad@acu.upo.es\">fondodesolidaridad@acu.upo.es<\/a> con el formulario de la solicitud entregado.<\/p>\n<p>En la edici\u00f3n anterior, el programa de ayudas \u2018La Rosa Blanca\u2019 recibi\u00f3 un total de 52 solicitudes, lo que ha supuesto una continuidad en el aumento de peticiones de atenci\u00f3n a estudiantes en serias dificultades econ\u00f3micas y ha posibilitado la continuaci\u00f3n o finalizaci\u00f3n de sus estudios universitarios.<\/p>\n","protected":false},"excerpt":{"rendered":"<p>El rector de la Universidad Pablo de Olavide, Vicente Guzm\u00e1n Fluja; el presidente de C\u00e1ritas Universitaria, Andr\u00e9s Pablo Guija Rodr\u00edguez; la directora territorial de CaixaBank en Andaluc\u00eda Occidental, Mar\u00eda Jes\u00fas Catal\u00e1; y la presidenta de la Fundaci\u00f3n Pers\u00e1n, Concepci\u00f3n Yoldi Garc\u00eda, han presentado esta ma\u00f1ana el programa \u2018La Rosa Blanca\u2019, que promueve ayudas a estudiantes de la UPO con dificultades sociales, econ\u00f3micas o familiares durante el curso 2019-20<\/p>\n","protected":false},"author":15,"featured_media":30857960,"comment_status":"closed","ping_status":"open","sticky":false,"template":"","format":"standard","meta":{"_monsterinsights_skip_tracking":false,"_monsterinsights_sitenote_active":false,"_monsterinsights_sitenote_note":"","_monsterinsights_sitenote_category":0,"footnotes":""},"categories":[5843],"tags":[3719,4400,6219,21,3392,6220,3717,5548,1340,2114],"class_list":["post-30857959","post","type-post","status-publish","format-standard","has-post-thumbnail","hentry","category-cultura-social","tag-ayudas","tag-caritas-universitaria","tag-concepcion-yoldi","tag-estudiantes","tag-fundacion-persan","tag-maria-jesus-catala","tag-obra-social-la-caixa","tag-programa-la-rosa-blanca","tag-vicente-guzman","tag-vicerrectorado-de-estudiantes"],"_links":{"self":[{"href":"https:\/\/www.upo.es\/diario\/wp-json\/wp\/v2\/posts\/30857959","targetHints":{"allow":["GET"]}}],"collection":[{"href":"https:\/\/www.upo.es\/diario\/wp-json\/wp\/v2\/posts"}],"about":[{"href":"https:\/\/www.upo.es\/diario\/wp-json\/wp\/v2\/types\/post"}],"author":[{"embeddable":true,"href":"https:\/\/www.upo.es\/diario\/wp-json\/wp\/v2\/users\/15"}],"replies":[{"embeddable":true,"href":"https:\/\/www.upo.es\/diario\/wp-json\/wp\/v2\/comments?post=30857959"}],"version-history":[{"count":1,"href":"https:\/\/www.upo.es\/diario\/wp-json\/wp\/v2\/posts\/30857959\/revisions"}],"predecessor-version":[{"id":30857961,"href":"https:\/\/www.upo.es\/diario\/wp-json\/wp\/v2\/posts\/30857959\/revisions\/30857961"}],"wp:featuredmedia":[{"embeddable":true,"href":"https:\/\/www.upo.es\/diario\/wp-json\/wp\/v2\/media\/30857960"}],"wp:attachment":[{"href":"https:\/\/www.upo.es\/diario\/wp-json\/wp\/v2\/media?parent=30857959"}],"wp:term":[{"taxonomy":"category","embeddable":true,"href":"https:\/\/www.upo.es\/diario\/wp-json\/wp\/v2\/categories?post=30857959"},{"taxonomy":"post_tag","embeddable":true,"href":"https:\/\/www.upo.es\/diario\/wp-json\/wp\/v2\/tags?post=30857959"}],"curies":[{"name":"wp","href":"https:\/\/api.w.org\/{rel}","templated":true}]}}