{"id":30857983,"date":"2019-09-25T08:00:05","date_gmt":"2019-09-25T06:00:05","guid":{"rendered":"https:\/\/www.upo.es\/diario\/?p=30857983"},"modified":"2019-09-25T14:44:23","modified_gmt":"2019-09-25T12:44:23","slug":"la-upo-acoge-la-presentacion-del-laboratorio-de-participacion-e-innovacion-democratica-de-andalucia","status":"publish","type":"post","link":"https:\/\/www.upo.es\/diario\/docencia-formacion\/2019\/09\/la-upo-acoge-la-presentacion-del-laboratorio-de-participacion-e-innovacion-democratica-de-andalucia\/","title":{"rendered":"La UPO acoge la presentaci\u00f3n del Laboratorio de Participaci\u00f3n e Innovaci\u00f3n Democr\u00e1tica de Andaluc\u00eda"},"content":{"rendered":"<p><a href=\"https:\/\/www.upo.es\/diario\/wp-content\/uploads\/2019\/09\/Lab71702.jpg\"><img loading=\"lazy\" decoding=\"async\" class=\"aligncenter size-large wp-image-30858018\" src=\"https:\/\/www.upo.es\/diario\/wp-content\/uploads\/2019\/09\/Lab71702-750x500.jpg\" alt=\"\" width=\"750\" height=\"500\" srcset=\"https:\/\/www.upo.es\/diario\/wp-content\/uploads\/2019\/09\/Lab71702-750x500.jpg 750w, https:\/\/www.upo.es\/diario\/wp-content\/uploads\/2019\/09\/Lab71702-360x240.jpg 360w, https:\/\/www.upo.es\/diario\/wp-content\/uploads\/2019\/09\/Lab71702-768x512.jpg 768w, https:\/\/www.upo.es\/diario\/wp-content\/uploads\/2019\/09\/Lab71702-600x400.jpg 600w, https:\/\/www.upo.es\/diario\/wp-content\/uploads\/2019\/09\/Lab71702-165x109.jpg 165w, https:\/\/www.upo.es\/diario\/wp-content\/uploads\/2019\/09\/Lab71702-1320x880.jpg 1320w\" sizes=\"auto, (max-width: 750px) 100vw, 750px\" \/><\/a>La Universidad Pablo de Olavide ha acogido hoy mi\u00e9rcoles 25 de septiembre en el sal\u00f3n de grados del edificio 7<u>,<\/u> la jornada de\u00a0lanzamiento del\u00a0<strong><a href=\"https:\/\/ugr.us11.list-manage.com\/track\/click?u=7f4a934f9ba1c62e0add2300f&amp;id=e9b2ebf3c4&amp;e=0164f4f1d5\">Laboratorio 717 \u2013\u00a0Laboratorio de Participaci\u00f3n e Innovaci\u00f3n Democr\u00e1tica de Andaluc\u00eda<\/a>.<\/strong><\/p>\n<p>El Laboratorio 717 (cuyo nombre procede de la propia<strong>\u00a0<\/strong><strong><a href=\"https:\/\/ugr.us11.list-manage.com\/track\/click?u=7f4a934f9ba1c62e0add2300f&amp;id=9c9892feed&amp;e=0164f4f1d5\">Ley 7\/2017 de 27 de diciembre de Participaci\u00f3n Ciudadana de Andaluc\u00eda<\/a><\/strong>) es una plataforma abierta para el<strong>\u00a0an\u00e1lisis y la exploraci\u00f3n de procesos participativos<\/strong>\u00a0generados en toda la comunidad aut\u00f3noma andaluza. El<strong>\u00a0mapeo de experiencias<\/strong>\u00a0realizado en esta plataforma web pretende ayudar al desarrollo y aplicaci\u00f3n de esta ley en todo el territorio andaluz.<\/p>\n<p>El Lab 717 es un proyecto desarrollado por\u00a0<strong>Medialab UGR<\/strong>, desde la\u00a0<strong>Universidad de Granada<\/strong>, en colaboraci\u00f3n con\u00a0la\u00a0<strong>Consejer\u00eda de Igualdad, Pol\u00edticas Sociales y Conciliaci\u00f3n\u00a0<\/strong>de la<strong>\u00a0Junta de Andaluc\u00eda<\/strong>. En esta plataforma colaborativa\u00a0pueden encontrarse m\u00faltiples procesos de participaci\u00f3n ciudadana celebrados en Andaluc\u00eda, as\u00ed como las metodolog\u00edas, recursos y agentes que han participado en ellos.<\/p>\n<p>Durante la jornada, adem\u00e1s de la presentaci\u00f3n del Laboratorio, se han mostrado distintas experiencias de participaci\u00f3n y se ha hablado sobre la adaptaci\u00f3n de los Reglamentos de las Entidades Locales a la<em>\u00a0<\/em>Ley de Participaci\u00f3n Ciudadana\u00a0de Andaluc\u00eda.<\/p>\n<p>Se trata de una iniciativa de inter\u00e9s para todas las\u00a0personas que desempe\u00f1an un papel en la participaci\u00f3n ciudadana en Andaluc\u00eda\u00a0y en especial para quienes ostentan la responsabilidad pol\u00edtica\u00a0de estas \u00e1reas en municipios y diputaciones, as\u00ed como el personal t\u00e9cnico asociado\u00a0a dichas\u00a0\u00e1reas. Tambi\u00e9n para todas aquellas asociaciones, empresas, movimientos, universidades y otras organizaciones en general con un inter\u00e9s en la participaci\u00f3n ciudadana.<\/p>\n<p><a href=\"https:\/\/laboratorio717.org\/jornada-de-presentacion\/?utm_source=Medialab+UGR+-+interesados&amp;utm_campaign=c2b5e11565-EMAIL_CAMPAIGN_2019_09_18_08_33&amp;utm_medium=email&amp;utm_term=0_01e7528dea-c2b5e11565-234681821\">Programaci\u00f3n de la jornada de presentaci\u00f3n<\/a><\/p>\n<p>Fuente: Universidad de Granada<\/p>\n","protected":false},"excerpt":{"rendered":"<p>La Universidad Pablo de Olavide acoge ma\u00f1ana\u00a0mi\u00e9rcoles 25 de septiembre\u00a0a las 9:30 horas, en el sal\u00f3n de grados del edificio 7, la jornada de\u00a0lanzamiento del\u00a0Laboratorio 717 \u2013\u00a0Laboratorio de Participaci\u00f3n e Innovaci\u00f3n Democr\u00e1tica de Andaluc\u00eda.<\/p>\n","protected":false},"author":4,"featured_media":30858018,"comment_status":"closed","ping_status":"open","sticky":false,"template":"","format":"standard","meta":{"_monsterinsights_skip_tracking":false,"_monsterinsights_sitenote_active":false,"_monsterinsights_sitenote_note":"","_monsterinsights_sitenote_category":0,"footnotes":""},"categories":[2779],"tags":[6228,6225,6227,6226,1157,491],"class_list":["post-30857983","post","type-post","status-publish","format-standard","has-post-thumbnail","hentry","category-docencia-formacion","tag-consejeria-de-igualdad","tag-laboratorio-717","tag-medialab","tag-participacion-e-innovacion-democratica-de-andalucia","tag-universidad-de-granada","tag-upo"],"_links":{"self":[{"href":"https:\/\/www.upo.es\/diario\/wp-json\/wp\/v2\/posts\/30857983","targetHints":{"allow":["GET"]}}],"collection":[{"href":"https:\/\/www.upo.es\/diario\/wp-json\/wp\/v2\/posts"}],"about":[{"href":"https:\/\/www.upo.es\/diario\/wp-json\/wp\/v2\/types\/post"}],"author":[{"embeddable":true,"href":"https:\/\/www.upo.es\/diario\/wp-json\/wp\/v2\/users\/4"}],"replies":[{"embeddable":true,"href":"https:\/\/www.upo.es\/diario\/wp-json\/wp\/v2\/comments?post=30857983"}],"version-history":[{"count":5,"href":"https:\/\/www.upo.es\/diario\/wp-json\/wp\/v2\/posts\/30857983\/revisions"}],"predecessor-version":[{"id":30858019,"href":"https:\/\/www.upo.es\/diario\/wp-json\/wp\/v2\/posts\/30857983\/revisions\/30858019"}],"wp:featuredmedia":[{"embeddable":true,"href":"https:\/\/www.upo.es\/diario\/wp-json\/wp\/v2\/media\/30858018"}],"wp:attachment":[{"href":"https:\/\/www.upo.es\/diario\/wp-json\/wp\/v2\/media?parent=30857983"}],"wp:term":[{"taxonomy":"category","embeddable":true,"href":"https:\/\/www.upo.es\/diario\/wp-json\/wp\/v2\/categories?post=30857983"},{"taxonomy":"post_tag","embeddable":true,"href":"https:\/\/www.upo.es\/diario\/wp-json\/wp\/v2\/tags?post=30857983"}],"curies":[{"name":"wp","href":"https:\/\/api.w.org\/{rel}","templated":true}]}}