{"id":30858053,"date":"2019-09-27T12:00:44","date_gmt":"2019-09-27T10:00:44","guid":{"rendered":"https:\/\/www.upo.es\/diario\/?p=30858053"},"modified":"2019-09-27T12:06:34","modified_gmt":"2019-09-27T10:06:34","slug":"la-otra-estamos-construidas-y-no-hemos-elegido-los-elementos-que-nos-han-construido","status":"publish","type":"post","link":"https:\/\/www.upo.es\/diario\/entrevista\/2019\/09\/la-otra-estamos-construidas-y-no-hemos-elegido-los-elementos-que-nos-han-construido\/","title":{"rendered":"La Otra: \u201cEl arte es una gran herramienta de transformaci\u00f3n pol\u00edtica y las mujeres tenemos mucho que ganar desde ah\u00ed\u00bb"},"content":{"rendered":"<p><a href=\"https:\/\/www.upo.es\/diario\/wp-content\/uploads\/2019\/09\/PSX_20190926_211916.jpg\"><img loading=\"lazy\" decoding=\"async\" class=\"alignright size-medium wp-image-30858054\" src=\"https:\/\/www.upo.es\/diario\/wp-content\/uploads\/2019\/09\/PSX_20190926_211916-360x240.jpg\" alt=\"\" width=\"360\" height=\"240\" srcset=\"https:\/\/www.upo.es\/diario\/wp-content\/uploads\/2019\/09\/PSX_20190926_211916-360x240.jpg 360w, https:\/\/www.upo.es\/diario\/wp-content\/uploads\/2019\/09\/PSX_20190926_211916-768x512.jpg 768w, https:\/\/www.upo.es\/diario\/wp-content\/uploads\/2019\/09\/PSX_20190926_211916-750x500.jpg 750w, https:\/\/www.upo.es\/diario\/wp-content\/uploads\/2019\/09\/PSX_20190926_211916-600x400.jpg 600w, https:\/\/www.upo.es\/diario\/wp-content\/uploads\/2019\/09\/PSX_20190926_211916-165x109.jpg 165w, https:\/\/www.upo.es\/diario\/wp-content\/uploads\/2019\/09\/PSX_20190926_211916-1320x880.jpg 1320w\" sizes=\"auto, (max-width: 360px) 100vw, 360px\" \/><\/a>Empez\u00f3 a dar conciertos como una forma de activismo y eligi\u00f3 el nombre art\u00edstico de \u2018La Otra\u2019 porque \u201cten\u00eda el deseo de ser m\u00e1s libre de lo que le hab\u00eda tocado ser\u201d. Para Isa Casanova, el arte y el compromiso social han ido siempre de la mano, como demuestran las letras de sus canciones y las referencias que han marcado su m\u00fasica (la canci\u00f3n de autor cl\u00e1sica latinoamericana o el rap, entre otras). \u00a0Sobre su profesi\u00f3n art\u00edstica y su deseo de mejorar el mundo, nos ha hablado antes del concierto ofrecido en la Sala Antiquarium de Sevilla, en el marco de un encuentro que reflexiona sobre el ejercicio de las artes y la condici\u00f3n de ser mujer.<\/p>\n<p><strong>\u00bfC\u00f3mo surge la idea de dedicarse a la m\u00fasica?<\/strong><\/p>\n<p>La idea de dedicarme a la m\u00fasica surgi\u00f3 cuando ya me estaba dedicando a la m\u00fasica porque, en realidad, nunca fue un plan que yo tuviera en mente. Los primeros a\u00f1os en que empec\u00e9 a dar conciertos lo hac\u00eda como una forma de activismo o, al menos, yo as\u00ed me lo contaba porque en el fondo, eran muchas m\u00e1s cosas: era sanador, era una forma de autoexpresi\u00f3n, una forma de desarrollo personal\u2026<\/p>\n<p>Cada vez fui teniendo m\u00e1s conciertos hasta que lleg\u00f3 un momento en el que no pod\u00eda compatibilizarlo con un trabajo. As\u00ed que pens\u00e9 en armarme una gira (la primera gira intensa fueron 15 conciertos en un mes) e intentar que fuera un oficio. As\u00ed, hasta hoy.<\/p>\n<p><strong>\u00bfPor qu\u00e9 cree que ha conectado tanto con el p\u00fablico? \u00bfQu\u00e9 es lo que m\u00e1s gusta a sus seguidores de su m\u00fasica?<\/strong><\/p>\n<p>Me hago esta pregunta muchas veces y cada vez me respondo de manera diferente. Lo que s\u00ed tengo claro es que muchas mujeres se sienten identificadas con lo que digo y creo que eso tiene que ver con el hecho de que hay un camino com\u00fan que compartimos muchas mujeres en la \u00e9poca en la que vivimos. \u00a0Es un camino que va de buscar esa liberaci\u00f3n personal y colectiva, de replantearnos lo que hemos aprendido, de leernos a nosotras mismas, de leer el mundo\u2026Creo que estamos en un proceso muy bonito de apertura, de cambio.<\/p>\n<p><strong>Dentro de este proceso de cambio en la parcela del feminismo, \u00bfcu\u00e1l considera que es el paso m\u00e1s necesario? \u00bfD\u00f3nde estar\u00eda la clave para avanzar en igualdad?<\/strong><\/p>\n<p>Creo que es una pregunta muy compleja, aunque dir\u00eda que para m\u00ed todo tiene mucho que ver con el sistema econ\u00f3mico en el que vivimos. Las cosas que m\u00e1s pesan y que hacen que nuestra vida sea como es para m\u00ed est\u00e1 vinculada al sistema econ\u00f3mico neoliberal y todo lo que ello implica. Pienso que Silvia Federici tiene una aproximaci\u00f3n muy acertada para entender todo esto.<\/p>\n<p>Por otra parte, a nivel personal, creo que es relevante el tema de las contradicciones: resulta muy dif\u00edcil perseguir otras formas de vida y otras formas de relacionarnos y generar v\u00ednculos. Estamos construidas y no hemos elegido los elementos que nos han construido. Deshacer esto no depende de un acto de voluntad. Ah\u00ed est\u00e1, creo yo, el centro de muchas cuestiones<\/p>\n<p><strong>\u00bfCree que deber\u00edan orientarse los esfuerzos hacia una educaci\u00f3n para \u2018construir\u2019 en igualdad?<\/strong><\/p>\n<p>S\u00ed, pero no solo. Es un cambio estructural a todos los niveles desde lo material hasta lo simb\u00f3lico. Pienso en educaci\u00f3n pero no solo en educaci\u00f3n formal. Entendiendo que la educaci\u00f3n se da a trav\u00e9s de muchos canales que tienen que ver con lo que se dice, con lo que no se dice, con lo que se representa, con lo que no se representa, con c\u00f3mo es visible lo que es visible y c\u00f3mo es invisible lo que es invisible, c\u00f3mo hay cosas que son leg\u00edtimas y cosas que no los son\u2026 Hay una frase que me gusta mucho sobre este tema: \u201cEl orden de las cosas ejerce una persuasi\u00f3n clandestina\u201d.<\/p>\n<p><strong>Es la primera vez que participa en los Encuentros \u2018Arte y Compromiso\u2019 que impulsa la Universidad Pablo de Olavide, \u00bfqu\u00e9 opini\u00f3n le merecen este tipo de actividades?<\/strong><\/p>\n<p>Me encanta que se impulsen este tipo de proyectos desde un espacio acad\u00e9mico. Lo considero muy necesario y estoy encantada de participar. Por lo que he podido ver del programa se ha invitado a personas que est\u00e1n fuera de la academia, en otros espacios, y que est\u00e1n haciendo cosas muy interesantes. Me parece genial que se invite tambi\u00e9n a personas que provengan de distintos espacios para participar en la construcci\u00f3n de la cultura en la que yo creo, que es una cultura de todas y para todas.<\/p>\n<p><strong>En esta edici\u00f3n, el programa \u2018Arte y compromiso\u2019 aborda la relaci\u00f3n entre el ejercicio de las artes y la condici\u00f3n de ser mujer, \u00bfqu\u00e9 idea le viene a la mente sobre este binomio?<\/strong><\/p>\n<p>Es una pregunta muy abierta pero lo primero que se me viene a la cabeza, aunque suene obvio, es que el arte es una gran herramienta de transformaci\u00f3n pol\u00edtica y las mujeres tenemos mucho que ganar desde ah\u00ed.<\/p>\n<p>&nbsp;<\/p>\n<p>&nbsp;<\/p>\n<p>&nbsp;<\/p>\n<p>&nbsp;<\/p>\n","protected":false},"excerpt":{"rendered":"<p>Empez\u00f3 a dar conciertos como una forma de activismo y eligi\u00f3 el nombre art\u00edstico de \u2018La Otra\u2019 porque \u201cten\u00eda el deseo de ser m\u00e1s libre de lo que le hab\u00eda tocado ser\u201d. Para Isa Casanova, el arte y el compromiso social han ido siempre de la mano, como demuestran las letras de sus canciones y las referencias que han marcado su m\u00fasica (la canci\u00f3n de autor cl\u00e1sica latinoamericana o el rap, entre otras).  Sobre su profesi\u00f3n art\u00edstica y su deseo de mejorar el mundo, nos ha hablado antes del concierto ofrecido en la Sala Antiquarium de Sevilla, en el marco de un encuentro que reflexiona sobre el ejercicio de las artes y la condici\u00f3n de ser mujer.  <\/p>\n","protected":false},"author":15,"featured_media":30858054,"comment_status":"closed","ping_status":"open","sticky":false,"template":"","format":"standard","meta":{"_monsterinsights_skip_tracking":false,"_monsterinsights_sitenote_active":false,"_monsterinsights_sitenote_note":"","_monsterinsights_sitenote_category":0,"footnotes":""},"categories":[24],"tags":[3585,265,4033,6232,403,890,6241,6233,94,6243,6242],"class_list":["post-30858053","post","type-post","status-publish","format-standard","has-post-thumbnail","hentry","category-entrevista","tag-activismo","tag-arte","tag-arte-y-compromiso","tag-artes-y-mujeres-invisibilidades-y-nuevas-agencias","tag-concierto","tag-feminismo","tag-isa-casanova","tag-la-otra","tag-proyecto-atalaya","tag-sala-antiquarium","tag-vii-encuentro-mil-formas-de-mirar-y-hacer"],"_links":{"self":[{"href":"https:\/\/www.upo.es\/diario\/wp-json\/wp\/v2\/posts\/30858053","targetHints":{"allow":["GET"]}}],"collection":[{"href":"https:\/\/www.upo.es\/diario\/wp-json\/wp\/v2\/posts"}],"about":[{"href":"https:\/\/www.upo.es\/diario\/wp-json\/wp\/v2\/types\/post"}],"author":[{"embeddable":true,"href":"https:\/\/www.upo.es\/diario\/wp-json\/wp\/v2\/users\/15"}],"replies":[{"embeddable":true,"href":"https:\/\/www.upo.es\/diario\/wp-json\/wp\/v2\/comments?post=30858053"}],"version-history":[{"count":3,"href":"https:\/\/www.upo.es\/diario\/wp-json\/wp\/v2\/posts\/30858053\/revisions"}],"predecessor-version":[{"id":30858057,"href":"https:\/\/www.upo.es\/diario\/wp-json\/wp\/v2\/posts\/30858053\/revisions\/30858057"}],"wp:featuredmedia":[{"embeddable":true,"href":"https:\/\/www.upo.es\/diario\/wp-json\/wp\/v2\/media\/30858054"}],"wp:attachment":[{"href":"https:\/\/www.upo.es\/diario\/wp-json\/wp\/v2\/media?parent=30858053"}],"wp:term":[{"taxonomy":"category","embeddable":true,"href":"https:\/\/www.upo.es\/diario\/wp-json\/wp\/v2\/categories?post=30858053"},{"taxonomy":"post_tag","embeddable":true,"href":"https:\/\/www.upo.es\/diario\/wp-json\/wp\/v2\/tags?post=30858053"}],"curies":[{"name":"wp","href":"https:\/\/api.w.org\/{rel}","templated":true}]}}