{"id":30858078,"date":"2019-10-01T11:11:08","date_gmt":"2019-10-01T09:11:08","guid":{"rendered":"https:\/\/www.upo.es\/diario\/?p=30858078"},"modified":"2019-10-03T13:51:24","modified_gmt":"2019-10-03T11:51:24","slug":"jose-carlos-gomez-villamandos-la-ley-de-universidades-no-puede-ser-una-excusa-para-no-afrontar-situaciones-que-estan-frenando-al-sistema-universitario","status":"publish","type":"post","link":"https:\/\/www.upo.es\/diario\/institucional\/2019\/10\/jose-carlos-gomez-villamandos-la-ley-de-universidades-no-puede-ser-una-excusa-para-no-afrontar-situaciones-que-estan-frenando-al-sistema-universitario\/","title":{"rendered":"Jos\u00e9 Carlos G\u00f3mez Villamandos: \u00abLa Ley de Universidades no puede ser una excusa para no afrontar situaciones que est\u00e1n frenando al Sistema Universitario\u00bb"},"content":{"rendered":"<p><a href=\"https:\/\/www.upo.es\/diario\/wp-content\/uploads\/2019\/03\/descarga.png\"><img loading=\"lazy\" decoding=\"async\" class=\"alignright size-medium wp-image-30855043\" src=\"https:\/\/www.upo.es\/diario\/wp-content\/uploads\/2019\/03\/descarga-320x150.png\" alt=\"\" width=\"320\" height=\"150\" \/><\/a>Su Majestad el Rey ha presidido este lunes la apertura del Curso Universitario 2019-2020 en el Paraninfo del Rectorado de la Universidade da Coru\u00f1a. En la mesa presidencial, Don Felipe ha estado acompa\u00f1ado por el presidente de la Xunta de Galicia, Alberto N\u00fa\u00f1ez Feij\u00f3o; el rector de la UDC, Julio Abalde; el ministro de Ciencia, Innovaci\u00f3n y Universidades, Pedro Duque y por el presidente de Crue Universidades Espa\u00f1olas y rector de la Universidad de C\u00f3rdoba, Jos\u00e9 Carlos G\u00f3mez Villamandos. El Rey ha puesto en valor el papel del Sistema Universitario Espa\u00f1ol que, \u00abconformado a lo largo de 40 a\u00f1os de Democracia, ha contribuido de forma decisiva a la articulaci\u00f3n de nuestra sociedad y ha sido fundamental para que durante estos a\u00f1os hayan crecido de manera muy notable la igualdad de oportunidades entre ciudadanos y la aportaci\u00f3n de conocimiento para nuestro desarrollo\u00bb. \u00abEs crucial que nuestras universidades contin\u00faen desempe\u00f1ando ese papel\u00bb, ha afirmado.<\/p>\n<p>Don Felipe tambi\u00e9n ha mencionado algunos retos de futuro, como \u00abplantear cuanto antes el mejor modo de preparar a nuestros j\u00f3venes para los nuevos empleos digitales\u00bb o \u00abgarantizar que la comunidad estudiantil en su conjunto reciba formaci\u00f3n suficiente con la que evaluar los riesgos, las expectativas y las oportunidades del futuro\u00bb. En este sentido, el Rey ha afirmado que los sistemas universitarios del siglo XXI deber\u00e1n \u00abdesempe\u00f1ar un papel fundamental en la nueva econom\u00eda y, simult\u00e1neamente, reivindicar de un modo riguroso su esp\u00edritu cr\u00edtico como parte de su compromiso social\u00bb. Don Felipe ha se\u00f1alado que un objetivo irrenunciable para la Universidad \u00abdebe seguir siendo el de educar ciudadanos instruidos y con capacidad de juicio; personas comprometidas con el futuro de su comunidad, de su sociedad, atentas a la novedad y al conocimiento\u00bb. En definitiva, hombres y mujeres que \u00abcontribuyan a sostener una sociedad democr\u00e1tica, autocr\u00edtica y abierta a un mundo globalizado, interdependiente e interconectado\u00bb.<\/p>\n<p>Por su parte, el rector de la Universidade da Coru\u00f1a, Julio Abalde, ha agradecido al Rey que su primera visita a la UDC coincida con el trig\u00e9simo aniversario de esta instituci\u00f3n que \u00abpertenece a la generaci\u00f3n de campus p\u00fablicos espa\u00f1oles nacidos al amparo de la Ley de Reforma Universitaria de 1983\u00bb. \u00abSomos una de esas universidades p\u00fablicas que en las tres \u00faltimas d\u00e9cadas ha contribuido a facilitar el ejercicio del derecho a la Educaci\u00f3n Superior, con todo lo que ello implica para la elevaci\u00f3n del nivel cultural y profesional, para la cohesi\u00f3n y equidad social y, en definitiva, para el progreso social, econ\u00f3mico y cultural de Espa\u00f1a\u00bb. Abalde ha remarcado que \u00abnecesitamos revisar a fondo el marco legal, una nueva legislaci\u00f3n estatal que garantice una financiaci\u00f3n estable y suficiente\u00bb y que otorgue \u00abla autonom\u00eda necesaria para el desempe\u00f1o de sus funciones acad\u00e9micas y cient\u00edficas y de su papel reforzado en el sistema de I+D espa\u00f1ol, sin los cors\u00e9s burocr\u00e1ticos que minan su competitividad y su eficiencia\u00bb.<\/p>\n<p>En este sentido, el presidente de Crue Universidades Espa\u00f1olas ha incidido en la importancia y necesidad de aprobar esa nueva Ley de Universidades que \u00absea fruto del consenso, d\u00e9 respuesta a objetivos concretos, con l\u00edneas generales acordadas previamente y abordada de una forma integral\u00bb. Jos\u00e9 Carlos G\u00f3mez Villamandos ha subrayado tambi\u00e9n que esta norma \u00abno puede ser una excusa para no afrontar situaciones que est\u00e1n frenando al Sistema Universitario y que necesitan respuestas inmediatas\u00bb. As\u00ed, ha recordado que \u00abhay herramientas legislativas que podr\u00edan dar soluci\u00f3n a las trabas que afronta la actividad universitaria en su conjunto y la investigaci\u00f3n en particular\u00bb y ha pedido \u00abtener en cuenta la singularidad de la actividad universitaria y de la investigaci\u00f3n\u00bb cuando se legisle, algo que ya ocurre desde hace d\u00e9cadas en otros pa\u00edses de la UE. El presidente de Crue ha solicitado a los responsables pol\u00edticos y autoridades que exijan a la Universidad, pero tambi\u00e9n conf\u00eden y se sientan orgullosos de ella.<\/p>\n<p>Asimismo, Jos\u00e9 Carlos G\u00f3mez Villamandos ha indicado que \u00abEspa\u00f1a cuenta con un s\u00f3lido y consolidado Sistema Universitario, que es referente internacional en muchas \u00e1reas de conocimiento\u00bb. Como ejemplo, ha destacado que \u00absomos el segundo pa\u00eds del mundo con m\u00e1s universidades dentro del 5% de excelencia universitaria por mill\u00f3n de habitantes\u00bb, \u00abla decimoprimera potencia en producci\u00f3n cient\u00edfica de calidad\u00bb y \u00abel s\u00e9ptimo pa\u00eds en eficiencia y eficacia universitaria\u00bb. El presidente de Crue ha se\u00f1alado que las universidades \u00abhan vertebrado nuestro territorio, han generado igualdad de oportunidades y equidad\u00bb, aunque ha advertido de que \u00abel ascensor social est\u00e1 en peligro, como consecuencia de la menor inversi\u00f3n p\u00fablica, de un mercado laboral y de una estructura econ\u00f3mica anquilosados\u00bb. Por todo ello, ha apostado por una Universidad que \u00abmejora la capacidad de pensamiento individual y colectivo, base de la creatividad y la innovaci\u00f3n\u00bb con el objetivo de \u00abprepararnos para el futuro\u00bb.<\/p>\n<p>El ministro de Ciencia, Innovaci\u00f3n y Universidades, Pedro Duque, ha considerado que \u00abno vivimos tiempos f\u00e1ciles\u00bb y ha insistido en que su departamento trabaja para \u00abmejorar el uso de los recursos e intentar incrementarlos\u00bb. El presidente de la Xunta de Galicia, Alberto N\u00fa\u00f1ez Feij\u00f3o, ha sostenido que ve en la Universidad \u00abuna vanguardia decisiva en la defensa de que no hay una verdad \u00fanica ni una posverdad, sino una verdad dialogada\u00bb.  Al acto de apertura del Curso Universitario 2019-2020 han asistido 27 rectoras y rectores de universidades espa\u00f1olas.<\/p>\n<p>Fuente: CRUE<\/p>\n","protected":false},"excerpt":{"rendered":"<p>Su Majestad el Rey ha presidido este lunes la apertura del Curso Universitario 2019-2020 en el Paraninfo del Rectorado de la Universidade da Coru\u00f1a. En la mesa presidencial, Don Felipe ha estado acompa\u00f1ado por el presidente de la Xunta de Galicia, Alberto N\u00fa\u00f1ez Feij\u00f3o; el rector de la UDC, Julio Abalde; el ministro de Ciencia, Innovaci\u00f3n y Universidades, Pedro Duque y por el presidente de Crue Universidades Espa\u00f1olas y rector de la Universidad de C\u00f3rdoba, Jos\u00e9 Carlos G\u00f3mez Villamandos. El Rey ha puesto en valor el papel del Sistema Universitario Espa\u00f1ol que, \u00abconformado a lo largo de 40 a\u00f1os de Democracia, ha contribuido de forma decisiva a la articulaci\u00f3n de nuestra sociedad y ha sido fundamental para que durante estos a\u00f1os hayan crecido de manera muy notable la igualdad de oportunidades entre ciudadanos y la aportaci\u00f3n de conocimiento para nuestro desarrollo\u00bb. \u00abEs crucial que nuestras universidades contin\u00faen desempe\u00f1ando ese papel\u00bb, ha afirmado.<\/p>\n","protected":false},"author":15,"featured_media":0,"comment_status":"closed","ping_status":"open","sticky":false,"template":"","format":"standard","meta":{"_monsterinsights_skip_tracking":false,"_monsterinsights_sitenote_active":false,"_monsterinsights_sitenote_note":"","_monsterinsights_sitenote_category":0,"footnotes":""},"categories":[6],"tags":[6251,243,6248,6249,5346,5676,6247,6250],"class_list":["post-30858078","post","type-post","status-publish","format-standard","hentry","category-institucional","tag-acto-de-apertura","tag-crue","tag-felipe-vi","tag-jose-carlos-gomez-villamandos","tag-ley-de-universidades","tag-pedro-duque","tag-rey","tag-universidade-da-coruna"],"_links":{"self":[{"href":"https:\/\/www.upo.es\/diario\/wp-json\/wp\/v2\/posts\/30858078","targetHints":{"allow":["GET"]}}],"collection":[{"href":"https:\/\/www.upo.es\/diario\/wp-json\/wp\/v2\/posts"}],"about":[{"href":"https:\/\/www.upo.es\/diario\/wp-json\/wp\/v2\/types\/post"}],"author":[{"embeddable":true,"href":"https:\/\/www.upo.es\/diario\/wp-json\/wp\/v2\/users\/15"}],"replies":[{"embeddable":true,"href":"https:\/\/www.upo.es\/diario\/wp-json\/wp\/v2\/comments?post=30858078"}],"version-history":[{"count":3,"href":"https:\/\/www.upo.es\/diario\/wp-json\/wp\/v2\/posts\/30858078\/revisions"}],"predecessor-version":[{"id":30858142,"href":"https:\/\/www.upo.es\/diario\/wp-json\/wp\/v2\/posts\/30858078\/revisions\/30858142"}],"wp:attachment":[{"href":"https:\/\/www.upo.es\/diario\/wp-json\/wp\/v2\/media?parent=30858078"}],"wp:term":[{"taxonomy":"category","embeddable":true,"href":"https:\/\/www.upo.es\/diario\/wp-json\/wp\/v2\/categories?post=30858078"},{"taxonomy":"post_tag","embeddable":true,"href":"https:\/\/www.upo.es\/diario\/wp-json\/wp\/v2\/tags?post=30858078"}],"curies":[{"name":"wp","href":"https:\/\/api.w.org\/{rel}","templated":true}]}}