{"id":30858082,"date":"2019-10-04T01:48:29","date_gmt":"2019-10-03T23:48:29","guid":{"rendered":"https:\/\/www.upo.es\/diario\/?p=30858082"},"modified":"2019-10-04T14:12:51","modified_gmt":"2019-10-04T12:12:51","slug":"expertos-abordan-la-actualidad-social-y-politica-en-las-ii-jornadas-del-grupo-de-investigacion-de-la-upo-demospain","status":"publish","type":"post","link":"https:\/\/www.upo.es\/diario\/docencia-formacion\/2019\/10\/expertos-abordan-la-actualidad-social-y-politica-en-las-ii-jornadas-del-grupo-de-investigacion-de-la-upo-demospain\/","title":{"rendered":"Expertos abordan la actualidad social y pol\u00edtica en las II Jornadas del grupo de investigaci\u00f3n de la UPO &#8216;DEMOSPAIN&#8217;"},"content":{"rendered":"<figure id=\"attachment_30858106\" aria-describedby=\"caption-attachment-30858106\" style=\"width: 750px\" class=\"wp-caption aligncenter\"><a href=\"https:\/\/www.upo.es\/diario\/wp-content\/uploads\/2019\/10\/Demospain_II_20191002.jpg\"><img loading=\"lazy\" decoding=\"async\" class=\"wp-image-30858106 size-large\" src=\"https:\/\/www.upo.es\/diario\/wp-content\/uploads\/2019\/10\/Demospain_II_20191002-750x500.jpg\" alt=\"Presentaci\u00f3n de las II Jornadas DEMOSPAIN\" width=\"750\" height=\"500\" srcset=\"https:\/\/www.upo.es\/diario\/wp-content\/uploads\/2019\/10\/Demospain_II_20191002-750x500.jpg 750w, https:\/\/www.upo.es\/diario\/wp-content\/uploads\/2019\/10\/Demospain_II_20191002-360x240.jpg 360w, https:\/\/www.upo.es\/diario\/wp-content\/uploads\/2019\/10\/Demospain_II_20191002-768x512.jpg 768w, https:\/\/www.upo.es\/diario\/wp-content\/uploads\/2019\/10\/Demospain_II_20191002-600x400.jpg 600w, https:\/\/www.upo.es\/diario\/wp-content\/uploads\/2019\/10\/Demospain_II_20191002-165x109.jpg 165w, https:\/\/www.upo.es\/diario\/wp-content\/uploads\/2019\/10\/Demospain_II_20191002-1320x880.jpg 1320w\" sizes=\"auto, (max-width: 750px) 100vw, 750px\" \/><\/a><figcaption id=\"caption-attachment-30858106\" class=\"wp-caption-text\">Presentaci\u00f3n de las II Jornadas DEMOSPAIN<\/figcaption><\/figure>\n<p><u>Los d\u00edas 2 y 3 de octubre se celebraron <\/u>las II Jornadas del grupo de investigaci\u00f3n de la Universidad Pablo de Olavide <strong>\u2018DEMOSPAIN. Democracia, Territorios e identidades\u2019<\/strong>. Antonio Herrera Gonz\u00e1lez de Molina, vicerrector de Estudiantes; Inmaculada Zambrano \u00c1lvarez, secretaria Acad\u00e9mica y Atenci\u00f3n al Alumnado de la Facultad de Ciencias Sociales, y Antonia Mar\u00eda Ruiz Jim\u00e9nez directora del Departamento de Sociolog\u00eda, presentaron la segunda edici\u00f3n de este encuentro.<\/p>\n<p><a href=\"https:\/\/www.upo.es\/diario\/wp-content\/uploads\/2019\/10\/jdemospain-jueves.jpg\"><img loading=\"lazy\" decoding=\"async\" class=\"alignright size-medium wp-image-30858155\" src=\"https:\/\/www.upo.es\/diario\/wp-content\/uploads\/2019\/10\/jdemospain-jueves-360x270.jpg\" alt=\"\" width=\"360\" height=\"270\" srcset=\"https:\/\/www.upo.es\/diario\/wp-content\/uploads\/2019\/10\/jdemospain-jueves-360x270.jpg 360w, https:\/\/www.upo.es\/diario\/wp-content\/uploads\/2019\/10\/jdemospain-jueves-768x576.jpg 768w, https:\/\/www.upo.es\/diario\/wp-content\/uploads\/2019\/10\/jdemospain-jueves-750x563.jpg 750w, https:\/\/www.upo.es\/diario\/wp-content\/uploads\/2019\/10\/jdemospain-jueves-600x450.jpg 600w, https:\/\/www.upo.es\/diario\/wp-content\/uploads\/2019\/10\/jdemospain-jueves-1320x990.jpg 1320w\" sizes=\"auto, (max-width: 360px) 100vw, 360px\" \/><\/a>Estas jornadas tienen como objetivo que el alumnado conozca las l\u00edneas de este grupo de investigaci\u00f3n y la experiencia acad\u00e9mica y profesional de los compa\u00f1eros que se han formado dentro del mismo, as\u00ed como acercar a la sociedad a los temas de investigaci\u00f3n de DEMOSPAIN, poniendo de relieve su impacto social y pol\u00edtico.<\/p>\n<p>Promovidas por estos investigadores y apoyadas tambi\u00e9n por la Facultad de Ciencias Sociales y el Departamento de Sociolog\u00eda de la misma universidad, como parte de las actividades de difusi\u00f3n del seminario de investigaci\u00f3n de dicho departamento, constaron de tres sesiones que se desarrollaron a lo largo del 2 y el 3 de octubre en las que tuvieron cabida una mesa de iniciaci\u00f3n acad\u00e9mica y otra de proyecci\u00f3n profesional, cursos de formaci\u00f3n paralelos gratuitos y un coloquio que cont\u00f3 con la participaci\u00f3n de Ignacio S\u00e1nchez-Cuenca, director del Instituto Juan March-Carlos III de Madrid, e Ignacio Escolar, director de eldiario.es.<\/p>\n<p>As\u00ed, durante la ma\u00f1ana del mi\u00e9rcoles 2 de octubre, con sede en la sala de grados de la Biblioteca de la UPO, tomaron la palabra los colaboradores m\u00e1s j\u00f3venes, quienes explicaron sus inicios en la trayectoria investigadora a trav\u00e9s de DEMOSPAIN, planteando ejemplos y resolviendo dudas sobre la compatibilizaci\u00f3n de estudios e investigaci\u00f3n.<\/p>\n<p>Tras la citada mesa de iniciaci\u00f3n acad\u00e9mica fue el turno de los profesionales que han pasado alguna etapa de su formaci\u00f3n en este grupo de investigaci\u00f3n de la UPO y desarrollan actualmente su labor profesional como asesores, consultores, t\u00e9cnicos de investigaci\u00f3n, o profesores. Por la tarde, el grupo DEMOSPAIN ofreci\u00f3 formaci\u00f3n gratuita a quienes realizaron su inscripci\u00f3n en <a href=\"http:\/\/eventos.upo.es\/38113\/detail\/ii-jornadas-demospain-2019.html\">http:\/\/eventos.upo.es\/38113\/detail\/ii-jornadas-demospain-2019.html<\/a>.<\/p>\n<p><strong>Coloquio \u2018Debatir el futuro. Identidades y democracia: M\u00e1s all\u00e1 de Catalu\u00f1a\u2019<\/strong><\/p>\n<p><u>El jueves 3 de octubre las jornadas se trasladaron a la Sede Olavide en Sevilla Centro (C\/Lara\u00f1a, 4, 2\u00ba planta)<\/u>, donde se celebr\u00f3 un coloquio que cont\u00f3 con las intervenciones del soci\u00f3logo y director del Instituto Juan March-Carlos III de Madrid, <strong>Ignacio S\u00e1nchez-Cuenca<\/strong>, y del periodista y director de eldiario.es <strong>Ignacio Escolar<\/strong>, quienes abordar\u00e1n temas ligados a las identidades y la democracia m\u00e1s all\u00e1 de Catalu\u00f1a. El acto cont\u00f3 con\u00a0 Amparo Rubiales, presidenta del Consejo Social de la UPO.<\/p>\n<p>En este acto dirigido al p\u00fablico en general y en un formato dialogado, el grupo DEMOSPAIN quiso compartir sus hallazgos y reflexiones con el p\u00fablico sevillano enriqueci\u00e9ndolo con los comentarios y cr\u00edticas de estos dos intelectuales con experiencia en temas de actualidad de nuestro pa\u00eds.<\/p>\n<p><strong>Ignacio S\u00e1nchez-Cuenca<\/strong> es soci\u00f3logo, fil\u00f3sofo y profesor de Ciencia Pol\u00edtica. El actual director del Instituto Juan March-Carlos III de Madrid, es autor de numerosos libros de gran inter\u00e9s que reflexionan sobre la realidad nacional contempor\u00e1nea de nuestro pa\u00eds. T\u00edtulos como \u2018La superioridad moral de la izquierda\u2019, \u2018La confusi\u00f3n nacional\u2019, \u2018La desfachez intelectual\u2019, y un largo etc\u00e9tera analizan cuestiones que Ignacio S\u00e1nchez-Cuenca debati\u00f3 con los miembros de DEMOSPAIN el d\u00eda 3.<\/p>\n<p><strong>Ignacio Escolar Garc\u00eda<\/strong> es un periodista espa\u00f1ol que actualmente dirige el peri\u00f3dico digital eldiario.es y es analista pol\u00edtico en radio y televisi\u00f3n. Fue fundador y primer director del peri\u00f3dico P\u00fablico. Autor de ensayos como \u2018La naci\u00f3n inventada\u2019, \u2018La crisis en cien apuntes\u2019 o \u2018El secuestro de la justicia\u2019, Ignacio Escolar aport\u00f3 tambi\u00e9n su visi\u00f3n cr\u00edtica sobre las preguntas y hallazgos que plantearon los miembros del grupo de investigaci\u00f3n de la UPO.<\/p>\n<p><strong><a href=\"https:\/\/www.upo.es\/diario\/wp-content\/uploads\/2019\/10\/cartel_jdemospain.jpg\"><img loading=\"lazy\" decoding=\"async\" class=\"alignleft size-medium wp-image-30858085\" src=\"https:\/\/www.upo.es\/diario\/wp-content\/uploads\/2019\/10\/cartel_jdemospain-360x219.jpg\" alt=\"\" width=\"360\" height=\"219\" srcset=\"https:\/\/www.upo.es\/diario\/wp-content\/uploads\/2019\/10\/cartel_jdemospain-360x219.jpg 360w, https:\/\/www.upo.es\/diario\/wp-content\/uploads\/2019\/10\/cartel_jdemospain.jpg 460w\" sizes=\"auto, (max-width: 360px) 100vw, 360px\" \/><\/a>DEMOSPAIN<\/strong> (Democracia, Territorios e Identidades) es un grupo de investigaci\u00f3n y difusi\u00f3n creado en 2017, integrado en el Sistema Andaluz de Conocimiento (con referencia SEJ-598) y perteneciente al Departamento de Sociolog\u00eda de la Universidad Pablo de Olavide, del cual forman parte la mayor\u00eda de sus integrantes. Agrupa varias l\u00edneas de investigaci\u00f3n con un nexo com\u00fan en torno al estudio de la democracia, los territorios y las identidades. Estas l\u00edneas abordan cuestiones sociales y pol\u00edticas relevantes para Espa\u00f1a y su contexto inmediato, y han dado lugar a diferentes tesis doctorales y un amplio n\u00famero de publicaciones acad\u00e9micas. Adem\u00e1s, DEMOSPAIN surge con la intenci\u00f3n de constituirse como un interlocutor activo entre los agentes sociales y pol\u00edticos, promoviendo la transferencia y difusi\u00f3n de conocimiento con el objetivo de mejorar la sociedad en la que vivimos.<\/p>\n<p>&nbsp;<\/p>\n<p><strong>M\u00e1s informaci\u00f3n:<\/strong><\/p>\n<p><a href=\"https:\/\/eventos.upo.es\/event_detail\/38113\/detail\/ii-jornadas-demospain-2019.html\">II Jornadas DEMOSPAIN<\/a><\/p>\n","protected":false},"excerpt":{"rendered":"<p>Estas jornadas tienen como objetivo que el alumnado conozca las l\u00edneas de este grupo de investigaci\u00f3n y la experiencia acad\u00e9mica y profesional de los compa\u00f1eros que se han formado dentro del mismo, as\u00ed como acercar a la sociedad a los temas de investigaci\u00f3n de DEMOSPAIN, poniendo de relieve su impacto social y pol\u00edtico.<\/p>\n","protected":false},"author":2,"featured_media":30858106,"comment_status":"closed","ping_status":"open","sticky":false,"template":"","format":"standard","meta":{"_monsterinsights_skip_tracking":false,"_monsterinsights_sitenote_active":false,"_monsterinsights_sitenote_note":"","_monsterinsights_sitenote_category":0,"footnotes":""},"categories":[2779],"tags":[2304,2303,603,4841,1450,487,734,84,3147],"class_list":["post-30858082","post","type-post","status-publish","format-standard","has-post-thumbnail","hentry","category-docencia-formacion","tag-actualidad-politica","tag-actualidad-social","tag-coloquio","tag-demospain","tag-departamento-de-sociologia","tag-facultad-ciencias-sociales","tag-investigadores","tag-jornadas","tag-profesionales"],"_links":{"self":[{"href":"https:\/\/www.upo.es\/diario\/wp-json\/wp\/v2\/posts\/30858082","targetHints":{"allow":["GET"]}}],"collection":[{"href":"https:\/\/www.upo.es\/diario\/wp-json\/wp\/v2\/posts"}],"about":[{"href":"https:\/\/www.upo.es\/diario\/wp-json\/wp\/v2\/types\/post"}],"author":[{"embeddable":true,"href":"https:\/\/www.upo.es\/diario\/wp-json\/wp\/v2\/users\/2"}],"replies":[{"embeddable":true,"href":"https:\/\/www.upo.es\/diario\/wp-json\/wp\/v2\/comments?post=30858082"}],"version-history":[{"count":7,"href":"https:\/\/www.upo.es\/diario\/wp-json\/wp\/v2\/posts\/30858082\/revisions"}],"predecessor-version":[{"id":30858156,"href":"https:\/\/www.upo.es\/diario\/wp-json\/wp\/v2\/posts\/30858082\/revisions\/30858156"}],"wp:featuredmedia":[{"embeddable":true,"href":"https:\/\/www.upo.es\/diario\/wp-json\/wp\/v2\/media\/30858106"}],"wp:attachment":[{"href":"https:\/\/www.upo.es\/diario\/wp-json\/wp\/v2\/media?parent=30858082"}],"wp:term":[{"taxonomy":"category","embeddable":true,"href":"https:\/\/www.upo.es\/diario\/wp-json\/wp\/v2\/categories?post=30858082"},{"taxonomy":"post_tag","embeddable":true,"href":"https:\/\/www.upo.es\/diario\/wp-json\/wp\/v2\/tags?post=30858082"}],"curies":[{"name":"wp","href":"https:\/\/api.w.org\/{rel}","templated":true}]}}