{"id":30858102,"date":"2019-10-02T13:22:21","date_gmt":"2019-10-02T11:22:21","guid":{"rendered":"https:\/\/www.upo.es\/diario\/?p=30858102"},"modified":"2019-10-09T15:10:57","modified_gmt":"2019-10-09T13:10:57","slug":"la-upo-y-el-colegio-de-medicos-de-sevilla-se-unen-para-impulsar-actividades-cientificas-y-de-formacion","status":"publish","type":"post","link":"https:\/\/www.upo.es\/diario\/institucional\/2019\/10\/la-upo-y-el-colegio-de-medicos-de-sevilla-se-unen-para-impulsar-actividades-cientificas-y-de-formacion\/","title":{"rendered":"La UPO y el Colegio de M\u00e9dicos de Sevilla se unen para impulsar actividades cient\u00edficas y de formaci\u00f3n"},"content":{"rendered":"<figure id=\"attachment_30858103\" aria-describedby=\"caption-attachment-30858103\" style=\"width: 750px\" class=\"wp-caption aligncenter\"><a href=\"https:\/\/www.upo.es\/diario\/wp-content\/uploads\/2019\/10\/conve_UPO-ColegioMedicos_20191002.jpg\"><img loading=\"lazy\" decoding=\"async\" class=\"size-large wp-image-30858103\" src=\"https:\/\/www.upo.es\/diario\/wp-content\/uploads\/2019\/10\/conve_UPO-ColegioMedicos_20191002-750x500.jpg\" alt=\"\" width=\"750\" height=\"500\" srcset=\"https:\/\/www.upo.es\/diario\/wp-content\/uploads\/2019\/10\/conve_UPO-ColegioMedicos_20191002-750x500.jpg 750w, https:\/\/www.upo.es\/diario\/wp-content\/uploads\/2019\/10\/conve_UPO-ColegioMedicos_20191002-360x240.jpg 360w, https:\/\/www.upo.es\/diario\/wp-content\/uploads\/2019\/10\/conve_UPO-ColegioMedicos_20191002-768x512.jpg 768w, https:\/\/www.upo.es\/diario\/wp-content\/uploads\/2019\/10\/conve_UPO-ColegioMedicos_20191002-600x400.jpg 600w, https:\/\/www.upo.es\/diario\/wp-content\/uploads\/2019\/10\/conve_UPO-ColegioMedicos_20191002-165x109.jpg 165w, https:\/\/www.upo.es\/diario\/wp-content\/uploads\/2019\/10\/conve_UPO-ColegioMedicos_20191002-1320x880.jpg 1320w\" sizes=\"auto, (max-width: 750px) 100vw, 750px\" \/><\/a><figcaption id=\"caption-attachment-30858103\" class=\"wp-caption-text\">Vicente Guzm\u00e1n y Alfonso Carmona<\/figcaption><\/figure>\n<p>El rector de la Universidad Pablo de Olavide, <strong>Vicente Guzm\u00e1n Fluja<\/strong>, y el presidente del Real e Ilustre Colegio Oficial de M\u00e9dicos de Sevilla, <strong>Alfonso Carmona Mart\u00ednez<\/strong>, han firmado en la ma\u00f1ana de hoy un protocolo general de colaboraci\u00f3n entre ambas instituciones con el objetivo <strong>de impulsar la celebraci\u00f3n de actividades conjuntas en el \u00e1rea formativa y de investigaci\u00f3n, as\u00ed como actividades pr\u00e1cticas dirigidas al alumnado de la UPO<\/strong>.<\/p>\n<p>Durante el acto de firma, el rector de la UPO ha destacado la importancia de vincular la formaci\u00f3n y el ejercicio de la profesi\u00f3n en un \u00e1rea tan importante como la salud y ha puesto en valor la labor que realizan muchos investigadores de la Universidad en este campo: \u201cEn la Universidad Pablo de Olavide hacemos investigaciones m\u00e9dicas de gran calidad que se conocen poco\u201d.<\/p>\n<p>Asimismo, Vicente Guzm\u00e1n ha subrayado que, a pesar de su juventud y tama\u00f1o, a la UPO siempre le ha gustado asumir retos que persigan mejorar la vida de las personas, y ha apuntado algunas acciones futuras que podr\u00edan llevarse a cabo en el marco del convenio: \u201cAl igual que contamos con el Aula Abierta de Mayores, podr\u00edamos explorar la posibilidad de poner en marcha el Aula Abierta de Salud en los municipios con la idea de formar en prevenci\u00f3n a la sociedad y evitar colapsos en la gesti\u00f3n\u201d.<\/p>\n<p>Por su parte, Alfonso Carmona se ha mostrado tambi\u00e9n muy satisfecho de esta uni\u00f3n y ha se\u00f1alado que cualquier pa\u00eds debe invertir en formaci\u00f3n porque es una de las claves que marcan la pauta de su crecimiento y desarrollo. En este sentido, el presidente del Real e Ilustre Colegio Oficial de M\u00e9dicos de Sevilla, espera que el convenio de colaboraci\u00f3n con la Universidad Pablo de Olavide signifique oportunidades de desarrollo para Espa\u00f1a y para Andaluc\u00eda.<\/p>\n<p>El desarrollo de programas de intercambio de conocimiento cient\u00edfico, tecnol\u00f3gico, educativo y cultural, la puesta en marcha de proyectos de innovaci\u00f3n docente e investigaciones conjuntas, la organizaci\u00f3n de cursos, seminarios, simposio, congresos m\u00e1steres, etc., as\u00ed como otras actividades docentes e investigadoras de inter\u00e9s com\u00fan, son algunas de las acciones que se llevar\u00e1n a cabo en el marco de este convenio. Adem\u00e1s, se desarrollar\u00e1n programas de participaci\u00f3n en pr\u00e1cticas, servicios y actividades de asesoramiento cient\u00edfico.<\/p>\n<p>Este protocolo general de colaboraci\u00f3n entre la Universidad Pablo de Olavide y el Colegio de M\u00e9dicos de Sevilla establece de esta manera un marco jur\u00eddico e institucional para impulsar la celebraci\u00f3n de actividades formativas de tipo acad\u00e9mico, cient\u00edfico, t\u00e9cnico y de investigaci\u00f3n en materias de inter\u00e9s com\u00fan.<\/p>\n<p>&nbsp;<\/p>\n<p>&nbsp;<\/p>\n","protected":false},"excerpt":{"rendered":"<p>El rector de la Universidad Pablo de Olavide, Vicente Guzm\u00e1n Fluja, y el presidente del Real e Ilustre Colegio Oficial de M\u00e9dicos de Sevilla, Alfonso Carmona Mart\u00ednez, han firmado en la ma\u00f1ana de hoy un protocolo general de colaboraci\u00f3n entre ambas instituciones con el objetivo de impulsar la celebraci\u00f3n de actividades conjuntas en el \u00e1rea formativa y de investigaci\u00f3n, as\u00ed como actividades pr\u00e1cticas dirigidas al alumnado de la UPO. <\/p>\n","protected":false},"author":6,"featured_media":30858103,"comment_status":"closed","ping_status":"open","sticky":false,"template":"","format":"standard","meta":{"_monsterinsights_skip_tracking":false,"_monsterinsights_sitenote_active":false,"_monsterinsights_sitenote_note":"","_monsterinsights_sitenote_category":0,"footnotes":""},"categories":[6],"tags":[326,56,218,106],"class_list":["post-30858102","post","type-post","status-publish","format-standard","has-post-thumbnail","hentry","category-institucional","tag-convenio","tag-investigacion","tag-salud","tag-vicente-c-guzman"],"_links":{"self":[{"href":"https:\/\/www.upo.es\/diario\/wp-json\/wp\/v2\/posts\/30858102","targetHints":{"allow":["GET"]}}],"collection":[{"href":"https:\/\/www.upo.es\/diario\/wp-json\/wp\/v2\/posts"}],"about":[{"href":"https:\/\/www.upo.es\/diario\/wp-json\/wp\/v2\/types\/post"}],"author":[{"embeddable":true,"href":"https:\/\/www.upo.es\/diario\/wp-json\/wp\/v2\/users\/6"}],"replies":[{"embeddable":true,"href":"https:\/\/www.upo.es\/diario\/wp-json\/wp\/v2\/comments?post=30858102"}],"version-history":[{"count":1,"href":"https:\/\/www.upo.es\/diario\/wp-json\/wp\/v2\/posts\/30858102\/revisions"}],"predecessor-version":[{"id":30858104,"href":"https:\/\/www.upo.es\/diario\/wp-json\/wp\/v2\/posts\/30858102\/revisions\/30858104"}],"wp:featuredmedia":[{"embeddable":true,"href":"https:\/\/www.upo.es\/diario\/wp-json\/wp\/v2\/media\/30858103"}],"wp:attachment":[{"href":"https:\/\/www.upo.es\/diario\/wp-json\/wp\/v2\/media?parent=30858102"}],"wp:term":[{"taxonomy":"category","embeddable":true,"href":"https:\/\/www.upo.es\/diario\/wp-json\/wp\/v2\/categories?post=30858102"},{"taxonomy":"post_tag","embeddable":true,"href":"https:\/\/www.upo.es\/diario\/wp-json\/wp\/v2\/tags?post=30858102"}],"curies":[{"name":"wp","href":"https:\/\/api.w.org\/{rel}","templated":true}]}}