{"id":30858108,"date":"2019-10-02T13:59:19","date_gmt":"2019-10-02T11:59:19","guid":{"rendered":"https:\/\/www.upo.es\/diario\/?p=30858108"},"modified":"2019-10-02T14:28:33","modified_gmt":"2019-10-02T12:28:33","slug":"investigadores-de-la-upo-alertan-sobre-la-desaparicion-de-lagunas-peridunares-de-donana-por-la-extraccion-de-aguas-subterraneas-en-el-acuifero","status":"publish","type":"post","link":"https:\/\/www.upo.es\/diario\/docencia-formacion\/2019\/10\/investigadores-de-la-upo-alertan-sobre-la-desaparicion-de-lagunas-peridunares-de-donana-por-la-extraccion-de-aguas-subterraneas-en-el-acuifero\/","title":{"rendered":"Investigadores de la UPO alertan sobre la desaparici\u00f3n de lagunas peridunares de Do\u00f1ana por la extracci\u00f3n de aguas subterr\u00e1neas en el acu\u00edfero"},"content":{"rendered":"<p><a href=\"https:\/\/www.upo.es\/diario\/wp-content\/uploads\/2019\/10\/congreso_aguas-e1570017514916.jpg\"><img loading=\"lazy\" decoding=\"async\" class=\"alignright size-medium wp-image-30858115\" src=\"https:\/\/www.upo.es\/diario\/wp-content\/uploads\/2019\/10\/congreso_aguas-e1570017514916-360x211.jpg\" alt=\"\" width=\"360\" height=\"211\" srcset=\"https:\/\/www.upo.es\/diario\/wp-content\/uploads\/2019\/10\/congreso_aguas-e1570017514916-360x211.jpg 360w, https:\/\/www.upo.es\/diario\/wp-content\/uploads\/2019\/10\/congreso_aguas-e1570017514916-768x449.jpg 768w, https:\/\/www.upo.es\/diario\/wp-content\/uploads\/2019\/10\/congreso_aguas-e1570017514916-750x439.jpg 750w, https:\/\/www.upo.es\/diario\/wp-content\/uploads\/2019\/10\/congreso_aguas-e1570017514916-600x351.jpg 600w, https:\/\/www.upo.es\/diario\/wp-content\/uploads\/2019\/10\/congreso_aguas-e1570017514916-1320x772.jpg 1320w, https:\/\/www.upo.es\/diario\/wp-content\/uploads\/2019\/10\/congreso_aguas-e1570017514916.jpg 1600w\" sizes=\"auto, (max-width: 360px) 100vw, 360px\" \/><\/a>La Universidad Pablo de Olavide, a trav\u00e9s del proyecto \u2018El impacto del cambio clim\u00e1tico en los recursos de agua subterr\u00e1nea. Un estudio sobre los humedales del Parque Nacional de Do\u00f1ana, que dependen del agua subterr\u00e1nea\u2019, ha participado en el Congreso Mundial de Aguas Subterr\u00e1neas celebrado en M\u00e1laga, un evento que ha reunido a unos 800 expertos de m\u00e1s de 80 pa\u00edses de todos los continentes. Durante el encuentro, el investigador de la UPO <strong>Miguel Rodr\u00edguez-Rodr\u00edguez<\/strong> ha presentado los resultados de su estudio y ha alertado sobre la desaparici\u00f3n de algunas de las lagunas peridunares del Parque Nacional de Do\u00f1ana a consecuencia de la extracci\u00f3n de aguas subterr\u00e1neas en el acu\u00edfero.<\/p>\n<p>Seg\u00fan explica la investigaci\u00f3n presentada, se ha producido una reducci\u00f3n en la superficie media de inundaci\u00f3n de una serie de lagunas temporales, las denominadas <em>lagunas peridunares<\/em> de Do\u00f1ana. Algunas de ellas han sufrido una reducci\u00f3n de m\u00e1s del 80% de su superficie media de inundaci\u00f3n entre la \u00faltima d\u00e9cada del siglo XX y la primera del siglo XXI. La distancia al n\u00facleo urbano de Matalasca\u00f1as y la cota topogr\u00e1fica a la que se sit\u00faan las lagunas son los dos factores principales de los que depende la reducci\u00f3n de la superficie de inundaci\u00f3n de las mencionadas lagunas.<\/p>\n<p>El Congreso Mundial de Aguas Subterr\u00e1neas est\u00e1 organizado por la Asociaci\u00f3n Internacional de Hidroge\u00f3logos (AIH), una organizaci\u00f3n sin \u00e1nimo de lucro que cuenta con m\u00e1s de 4.500 asociados en 145 pa\u00edses y que ha celebrado su 46 edici\u00f3n. Es la segunda vez que Espa\u00f1a acoge este evento, tras el celebrado en Santa Cruz de Tenerife en 1991. El Congreso cuenta con el apoyo de unas 40 entidades y empresas, as\u00ed como de los principales servicios geol\u00f3gicos europeos: Espa\u00f1a (IGME), Reino Unido (BGS), Francia (BRGM) y Alemania (BGR). Entre las instituciones colaboradoras se encuentra la Universidad Pablo de Olavide, que ha participado a trav\u00e9s de su Facultad de Ciencias Experimentales.<\/p>\n<p>Los temas que se han abordado durante el Congreso han sido, entre otros: la gobernanza del agua, las t\u00e9cnicas de investigaci\u00f3n, la contaminaci\u00f3n o la relaci\u00f3n de las aguas subterr\u00e1neas con humedales. \u00a0El agua subterr\u00e1nea almacenada en los acu\u00edferos es el mayor volumen de agua dulce al que la humanidad puede tener acceso y constituye un recurso de primera necesidad, imprescindible para el abastecimiento de la poblaci\u00f3n, para regad\u00edo e industria y para el sostenimiento de muchos ecosistemas del planeta.<\/p>\n<p><a href=\"https:\/\/www.upo.es\/diario\/wp-content\/uploads\/2019\/10\/congreso_aguas-01-e1570017402760.jpg\"><img loading=\"lazy\" decoding=\"async\" class=\"aligncenter size-large wp-image-30858111\" src=\"https:\/\/www.upo.es\/diario\/wp-content\/uploads\/2019\/10\/congreso_aguas-01-e1570017402760-750x286.jpg\" alt=\"\" width=\"750\" height=\"286\" srcset=\"https:\/\/www.upo.es\/diario\/wp-content\/uploads\/2019\/10\/congreso_aguas-01-e1570017402760-750x286.jpg 750w, https:\/\/www.upo.es\/diario\/wp-content\/uploads\/2019\/10\/congreso_aguas-01-e1570017402760-360x137.jpg 360w, https:\/\/www.upo.es\/diario\/wp-content\/uploads\/2019\/10\/congreso_aguas-01-e1570017402760-768x293.jpg 768w, https:\/\/www.upo.es\/diario\/wp-content\/uploads\/2019\/10\/congreso_aguas-01-e1570017402760-600x229.jpg 600w, https:\/\/www.upo.es\/diario\/wp-content\/uploads\/2019\/10\/congreso_aguas-01-e1570017402760-1320x503.jpg 1320w\" sizes=\"auto, (max-width: 750px) 100vw, 750px\" \/><\/a><\/p>\n<p>&nbsp;<\/p>\n","protected":false},"excerpt":{"rendered":"<p>La Universidad Pablo de Olavide, a trav\u00e9s del proyecto \u2018El impacto del cambio clim\u00e1tico en los recursos de agua subterr\u00e1nea. Un estudio sobre los humedales del Parque Nacional de Do\u00f1ana, que dependen del agua subterr\u00e1nea\u2019, ha participado en el Congreso Mundial de Aguas Subterr\u00e1neas celebrado en M\u00e1laga, un evento que ha reunido a unos 800 expertos de m\u00e1s de 80 pa\u00edses de todos los continentes. Durante el encuentro, el investigador de la UPO Miguel Rodr\u00edguez-Rodr\u00edguez ha presentado los resultados de su estudio y ha alertado sobre la desaparici\u00f3n de algunas de las lagunas peridunares del Parque Nacional de Do\u00f1ana a consecuencia de la extracci\u00f3n de aguas subterr\u00e1neas en el acu\u00edfero.<\/p>\n","protected":false},"author":15,"featured_media":30858115,"comment_status":"closed","ping_status":"open","sticky":false,"template":"","format":"standard","meta":{"_monsterinsights_skip_tracking":false,"_monsterinsights_sitenote_active":false,"_monsterinsights_sitenote_note":"","_monsterinsights_sitenote_category":0,"footnotes":""},"categories":[2779],"tags":[6257,354,2600,6258,6259,3074,3984],"class_list":["post-30858108","post","type-post","status-publish","format-standard","has-post-thumbnail","hentry","category-docencia-formacion","tag-aguas-subterraneas","tag-congreso","tag-donana","tag-extraccion","tag-lagunas-peridunares","tag-malaga","tag-miguel-rodriguez-rodriguez"],"_links":{"self":[{"href":"https:\/\/www.upo.es\/diario\/wp-json\/wp\/v2\/posts\/30858108","targetHints":{"allow":["GET"]}}],"collection":[{"href":"https:\/\/www.upo.es\/diario\/wp-json\/wp\/v2\/posts"}],"about":[{"href":"https:\/\/www.upo.es\/diario\/wp-json\/wp\/v2\/types\/post"}],"author":[{"embeddable":true,"href":"https:\/\/www.upo.es\/diario\/wp-json\/wp\/v2\/users\/15"}],"replies":[{"embeddable":true,"href":"https:\/\/www.upo.es\/diario\/wp-json\/wp\/v2\/comments?post=30858108"}],"version-history":[{"count":4,"href":"https:\/\/www.upo.es\/diario\/wp-json\/wp\/v2\/posts\/30858108\/revisions"}],"predecessor-version":[{"id":30858123,"href":"https:\/\/www.upo.es\/diario\/wp-json\/wp\/v2\/posts\/30858108\/revisions\/30858123"}],"wp:featuredmedia":[{"embeddable":true,"href":"https:\/\/www.upo.es\/diario\/wp-json\/wp\/v2\/media\/30858115"}],"wp:attachment":[{"href":"https:\/\/www.upo.es\/diario\/wp-json\/wp\/v2\/media?parent=30858108"}],"wp:term":[{"taxonomy":"category","embeddable":true,"href":"https:\/\/www.upo.es\/diario\/wp-json\/wp\/v2\/categories?post=30858108"},{"taxonomy":"post_tag","embeddable":true,"href":"https:\/\/www.upo.es\/diario\/wp-json\/wp\/v2\/tags?post=30858108"}],"curies":[{"name":"wp","href":"https:\/\/api.w.org\/{rel}","templated":true}]}}