{"id":30858134,"date":"2019-10-03T12:23:51","date_gmt":"2019-10-03T10:23:51","guid":{"rendered":"https:\/\/www.upo.es\/diario\/?p=30858134"},"modified":"2019-10-09T15:10:55","modified_gmt":"2019-10-09T13:10:55","slug":"la-upo-y-el-istituto-di-cultura-salentina-se-unen-para-promover-proyectos-culturales-educativos-y-de-investigacion","status":"publish","type":"post","link":"https:\/\/www.upo.es\/diario\/institucional\/2019\/10\/la-upo-y-el-istituto-di-cultura-salentina-se-unen-para-promover-proyectos-culturales-educativos-y-de-investigacion\/","title":{"rendered":"La UPO y el Istituto di Cultura Salentina se unen para promover proyectos culturales, educativos y de investigaci\u00f3n"},"content":{"rendered":"<figure id=\"attachment_30858135\" aria-describedby=\"caption-attachment-30858135\" style=\"width: 360px\" class=\"wp-caption alignright\"><a href=\"https:\/\/www.upo.es\/diario\/wp-content\/uploads\/2019\/10\/Conv-Salentina-UPO_1.jpg\"><img loading=\"lazy\" decoding=\"async\" class=\"wp-image-30858135 size-medium\" src=\"https:\/\/www.upo.es\/diario\/wp-content\/uploads\/2019\/10\/Conv-Salentina-UPO_1-360x240.jpg\" alt=\"\" width=\"360\" height=\"240\" srcset=\"https:\/\/www.upo.es\/diario\/wp-content\/uploads\/2019\/10\/Conv-Salentina-UPO_1-360x240.jpg 360w, https:\/\/www.upo.es\/diario\/wp-content\/uploads\/2019\/10\/Conv-Salentina-UPO_1-768x512.jpg 768w, https:\/\/www.upo.es\/diario\/wp-content\/uploads\/2019\/10\/Conv-Salentina-UPO_1-750x500.jpg 750w, https:\/\/www.upo.es\/diario\/wp-content\/uploads\/2019\/10\/Conv-Salentina-UPO_1-600x400.jpg 600w, https:\/\/www.upo.es\/diario\/wp-content\/uploads\/2019\/10\/Conv-Salentina-UPO_1-165x109.jpg 165w, https:\/\/www.upo.es\/diario\/wp-content\/uploads\/2019\/10\/Conv-Salentina-UPO_1-1320x880.jpg 1320w, https:\/\/www.upo.es\/diario\/wp-content\/uploads\/2019\/10\/Conv-Salentina-UPO_1.jpg 1770w\" sizes=\"auto, (max-width: 360px) 100vw, 360px\" \/><\/a><figcaption id=\"caption-attachment-30858135\" class=\"wp-caption-text\">Vicente Guzm\u00e1n y Annalaura Giannelli<\/figcaption><\/figure>\n<p>El rector de la Universidad Pablo de Olavide, <strong>Vicente Guzm\u00e1n Fluja<\/strong>, y la presidenta en ejercicio del Istituto di Cultura Salentina, <strong>Annalaura Giannelli<\/strong>, han firmado un convenio de colaboraci\u00f3n para promover y apoyar proyectos culturales, educativos y de investigaci\u00f3n con el objetivo de valorizar sus territorios de origen. El acuerdo se ha sellado gracias al impulso de la vicerrectora de Relaciones Institucionales de la UPO, <strong>Pilar Rodr\u00edguez Reina<\/strong>, y de la directora del Centro Cultural Italiano de Sevilla, <strong>Marina Sciarretta<\/strong>.<\/p>\n<p>As\u00ed, el <strong>Istituto di Cultura Salentina<\/strong> se compromete a visibilizar la Universidad Pablo de Olavide en la zona del Salento, en relaci\u00f3n con las actividades y proyectos culturales que esta \u00faltima quiera promover en el sector de la formaci\u00f3n y de la investigaci\u00f3n en favor de sus estudiantes universitarios.<\/p>\n<p>Por su parte, la <strong>Universidad Pablo de Olavide<\/strong> se compromete a apoyar las iniciativas y las actividades culturales que el Istituto di Cultura Salentina promover\u00e1 en Sevilla y en Andaluc\u00eda, para dar a conocer el Salento y sus excelencias.<\/p>\n<p>Seg\u00fan ha subrayado el rector de la UPO durante la firma del convenio, este proyecto responde a una de las principales tareas que tiene encomendada la universidad, aquella que se vincula a la protecci\u00f3n, conservaci\u00f3n, transmisi\u00f3n y difusi\u00f3n de la cultura.<\/p>\n<p>Asimismo, la presidenta del Istituto di Cultura Salentina ha expresado su satisfacci\u00f3n ante una relaci\u00f3n que potencia y sella relaciones de valor y abre posibilidades de crecimiento y desarrollo cultural entre ambos territorios.<\/p>\n<p>Durante la firma del convenio, tambi\u00e9n ha estado presente el profesor Oronzo Trio, en representaci\u00f3n de la Universit\u00e0 del Salento, quien ha participado en el intercambio de regalos institucionales al que se ha procedido al finalizar el acto.<\/p>\n<p>Con objeto de iniciar el primer compromiso del convenio, referido a la promoci\u00f3n y al intercambio de un proyecto de investigaci\u00f3n en el sector vitivin\u00edcola, la delegaci\u00f3n italiana ha tenido ocasi\u00f3n de conocer de primera mano el trabajo que desarrollan los investigadores de la UPO en la elaboraci\u00f3n del vino Olavidium, en la Sede Olavide en Carmona-Rectora Rosario Valpuesta.<\/p>\n<p>El Istituto di Cultura Salentina es una asociaci\u00f3n cuya misi\u00f3n es la puesta en valor y promoci\u00f3n de la cultura y de la identidad de la zona del Salento, especialmente en el extranjero. Su objetivo es tambi\u00e9n desarrollar una red de figuras de excelencia de esta regi\u00f3n italiana, operativas en los distintos y variados sectores del saber, que pueda fomentar una mayor conciencia cultural y de identidad del territorio y, al mismo tiempo, seleccionar aquellos aspectos m\u00e1s relevantes del Salento cuyas peculiaridades merezcan ser resaltadas no solo a nivel local, sino tambi\u00e9n a nivel nacional e internacional.<\/p>\n<p><a href=\"https:\/\/www.upo.es\/diario\/wp-content\/uploads\/2019\/10\/Conv-Salentina-UPO_1-2.jpg\"><img loading=\"lazy\" decoding=\"async\" class=\"aligncenter size-large wp-image-30858136\" src=\"https:\/\/www.upo.es\/diario\/wp-content\/uploads\/2019\/10\/Conv-Salentina-UPO_1-2-750x418.jpg\" alt=\"\" width=\"750\" height=\"418\" srcset=\"https:\/\/www.upo.es\/diario\/wp-content\/uploads\/2019\/10\/Conv-Salentina-UPO_1-2-750x418.jpg 750w, https:\/\/www.upo.es\/diario\/wp-content\/uploads\/2019\/10\/Conv-Salentina-UPO_1-2-360x201.jpg 360w, https:\/\/www.upo.es\/diario\/wp-content\/uploads\/2019\/10\/Conv-Salentina-UPO_1-2-768x428.jpg 768w, https:\/\/www.upo.es\/diario\/wp-content\/uploads\/2019\/10\/Conv-Salentina-UPO_1-2-600x334.jpg 600w, https:\/\/www.upo.es\/diario\/wp-content\/uploads\/2019\/10\/Conv-Salentina-UPO_1-2-1320x735.jpg 1320w\" sizes=\"auto, (max-width: 750px) 100vw, 750px\" \/><\/a><\/p>\n","protected":false},"excerpt":{"rendered":"<p>El rector de la Universidad Pablo de Olavide, Vicente Guzm\u00e1n Fluja, y la presidenta en ejercicio del Istituto di Cultura Salentina, Annalaura Giannelli, han firmado un convenio de colaboraci\u00f3n para promover y apoyar proyectos culturales, educativos y de investigaci\u00f3n con el objetivo de valorizar sus territorios de origen. El acuerdo se ha sellado gracias al impulso de la vicerrectora de Relaciones Institucionales de la UPO, Pilar Rodr\u00edguez Reina, y de la directora del Centro Cultural Italiano de Sevilla, Marina Sciarretta.<\/p>\n","protected":false},"author":6,"featured_media":30858136,"comment_status":"closed","ping_status":"open","sticky":false,"template":"","format":"standard","meta":{"_monsterinsights_skip_tracking":false,"_monsterinsights_sitenote_active":false,"_monsterinsights_sitenote_note":"","_monsterinsights_sitenote_category":0,"footnotes":""},"categories":[6],"tags":[3240,326,5834,982,1794,5512],"class_list":["post-30858134","post","type-post","status-publish","format-standard","has-post-thumbnail","hentry","category-institucional","tag-centro-cultural-italiano-de-sevilla","tag-convenio","tag-cultura","tag-italia","tag-pilar-rodriguez-reina","tag-vicerrectorado-de-relaciones-institucionales"],"_links":{"self":[{"href":"https:\/\/www.upo.es\/diario\/wp-json\/wp\/v2\/posts\/30858134","targetHints":{"allow":["GET"]}}],"collection":[{"href":"https:\/\/www.upo.es\/diario\/wp-json\/wp\/v2\/posts"}],"about":[{"href":"https:\/\/www.upo.es\/diario\/wp-json\/wp\/v2\/types\/post"}],"author":[{"embeddable":true,"href":"https:\/\/www.upo.es\/diario\/wp-json\/wp\/v2\/users\/6"}],"replies":[{"embeddable":true,"href":"https:\/\/www.upo.es\/diario\/wp-json\/wp\/v2\/comments?post=30858134"}],"version-history":[{"count":1,"href":"https:\/\/www.upo.es\/diario\/wp-json\/wp\/v2\/posts\/30858134\/revisions"}],"predecessor-version":[{"id":30858137,"href":"https:\/\/www.upo.es\/diario\/wp-json\/wp\/v2\/posts\/30858134\/revisions\/30858137"}],"wp:featuredmedia":[{"embeddable":true,"href":"https:\/\/www.upo.es\/diario\/wp-json\/wp\/v2\/media\/30858136"}],"wp:attachment":[{"href":"https:\/\/www.upo.es\/diario\/wp-json\/wp\/v2\/media?parent=30858134"}],"wp:term":[{"taxonomy":"category","embeddable":true,"href":"https:\/\/www.upo.es\/diario\/wp-json\/wp\/v2\/categories?post=30858134"},{"taxonomy":"post_tag","embeddable":true,"href":"https:\/\/www.upo.es\/diario\/wp-json\/wp\/v2\/tags?post=30858134"}],"curies":[{"name":"wp","href":"https:\/\/api.w.org\/{rel}","templated":true}]}}