{"id":30858144,"date":"2019-10-04T13:07:17","date_gmt":"2019-10-04T11:07:17","guid":{"rendered":"https:\/\/www.upo.es\/diario\/?p=30858144"},"modified":"2019-10-09T15:10:52","modified_gmt":"2019-10-09T13:10:52","slug":"acto-academico-en-honor-al-profesor-de-la-upo-juan-daniel-ramirez-garrido","status":"publish","type":"post","link":"https:\/\/www.upo.es\/diario\/comunidad\/2019\/10\/acto-academico-en-honor-al-profesor-de-la-upo-juan-daniel-ramirez-garrido\/","title":{"rendered":"Acto acad\u00e9mico en honor al profesor de la UPO Juan Daniel Ram\u00edrez Garrido"},"content":{"rendered":"<figure id=\"attachment_30858145\" aria-describedby=\"caption-attachment-30858145\" style=\"width: 750px\" class=\"wp-caption aligncenter\"><a href=\"https:\/\/www.upo.es\/diario\/wp-content\/uploads\/2019\/10\/Homenaje-JDRamirez_20191004.jpg\"><img loading=\"lazy\" decoding=\"async\" class=\"size-large wp-image-30858145\" src=\"https:\/\/www.upo.es\/diario\/wp-content\/uploads\/2019\/10\/Homenaje-JDRamirez_20191004-750x422.jpg\" alt=\"\" width=\"750\" height=\"422\" srcset=\"https:\/\/www.upo.es\/diario\/wp-content\/uploads\/2019\/10\/Homenaje-JDRamirez_20191004-750x422.jpg 750w, https:\/\/www.upo.es\/diario\/wp-content\/uploads\/2019\/10\/Homenaje-JDRamirez_20191004-360x203.jpg 360w, https:\/\/www.upo.es\/diario\/wp-content\/uploads\/2019\/10\/Homenaje-JDRamirez_20191004-768x432.jpg 768w, https:\/\/www.upo.es\/diario\/wp-content\/uploads\/2019\/10\/Homenaje-JDRamirez_20191004-600x338.jpg 600w, https:\/\/www.upo.es\/diario\/wp-content\/uploads\/2019\/10\/Homenaje-JDRamirez_20191004-1320x743.jpg 1320w\" sizes=\"auto, (max-width: 750px) 100vw, 750px\" \/><\/a><figcaption id=\"caption-attachment-30858145\" class=\"wp-caption-text\">Mar\u00eda Jos\u00e9 Marco Macarro presentando la mesa redonda \u2018Conversando sobre el desarrollo de la Psicolog\u00eda Hist\u00f3rico-Cultural. Vivencias compartidas\u2019<\/figcaption><\/figure>\n<p>Investigadores de procedentes de distintas universidades espa\u00f1olas se han reunido hoy viernes en la UPO para acompa\u00f1ar a Juan Daniel Ram\u00edrez Garrido, <strong>catedr\u00e1tico de Psicolog\u00eda B\u00e1sica de esta universidad, en un acto acad\u00e9mico organizado en su honor con motivo de su jubilaci\u00f3n<\/strong>.<\/p>\n<p>Este acto, <strong>organizado por el Grupo de Estudios en Cultura y Cognici\u00f3n de la Universidad Pablo de Olavide y por el Laboratorio de Actividad Humana de la Universidad de Sevilla<\/strong>, lleva por nombre \u2018Semblanzas y Reflexiones sobre la Psicolog\u00eda Cultural\u2019, y en \u00e9l han participado compa\u00f1eros y compa\u00f1eras de ambos grupos de investigaci\u00f3n, as\u00ed como procedentes de otras universidades.<\/p>\n<p>Tras la presentaci\u00f3n realizada por Mar\u00eda Jos\u00e9 Marco Macarro (UPO) se ha celebrado la mesa redonda \u2018Conversando sobre el desarrollo de la Psicolog\u00eda Hist\u00f3rico-Cultural. Vivencias compartidas\u2019, presentada por Mercedes Cubero (US) y en la que han participado Jes\u00fas Palacios, catedr\u00e1tico de Psicolog\u00eda Evolutiva (US); Jos\u00e9 Ignacio Guzm\u00e1n, catedr\u00e1tico de Psicolog\u00eda de la Educaci\u00f3n (Universidad de C\u00e1diz); Gis\u00e8lle Marty, catedr\u00e1tica de Psicolog\u00eda B\u00e1sica (Universitat de les Illes Balears); Pablo del R\u00edo, catedr\u00e1tico de Comunicaci\u00f3n (Universidad Carlos III); y Jos\u00e9 A. Carranza, catedr\u00e1tico de Psicolog\u00eda Evolutiva (Universidad de Murcia).<\/p>\n<p>Despu\u00e9s, con la presentaci\u00f3n de Virginia Mart\u00ednez Lozano (UPO), los catedr\u00e1ticos de Psicolog\u00eda B\u00e1sica Manuel de la Mata Ben\u00edtez (US) y Jos\u00e9 Antonio S\u00e1nchez Medina (UPO), han pronunciado la charla \u2018Semblanzas sobre una trayectoria acad\u00e9mica\u2019.<\/p>\n<p>Finalmente, con la presentaci\u00f3n del profesor de la Universidad de Sevilla Andr\u00e9s Santamar\u00eda, el profesor Juan Daniel Ram\u00edrez Garrido ha ofrecido la charla \u2018Experiencia y Conocimiento. Una Autobiograf\u00eda Acad\u00e9mica\u2019.<\/p>\n<figure id=\"attachment_30858147\" aria-describedby=\"caption-attachment-30858147\" style=\"width: 255px\" class=\"wp-caption alignleft\"><a href=\"https:\/\/www.upo.es\/diario\/wp-content\/uploads\/2019\/10\/Homenaje-JDRamirez_2019_10_04_39.jpg\"><img loading=\"lazy\" decoding=\"async\" class=\"size-medium wp-image-30858147\" src=\"https:\/\/www.upo.es\/diario\/wp-content\/uploads\/2019\/10\/Homenaje-JDRamirez_2019_10_04_39-255x360.jpg\" alt=\"\" width=\"255\" height=\"360\" srcset=\"https:\/\/www.upo.es\/diario\/wp-content\/uploads\/2019\/10\/Homenaje-JDRamirez_2019_10_04_39-255x360.jpg 255w, https:\/\/www.upo.es\/diario\/wp-content\/uploads\/2019\/10\/Homenaje-JDRamirez_2019_10_04_39-768x1086.jpg 768w, https:\/\/www.upo.es\/diario\/wp-content\/uploads\/2019\/10\/Homenaje-JDRamirez_2019_10_04_39-531x750.jpg 531w, https:\/\/www.upo.es\/diario\/wp-content\/uploads\/2019\/10\/Homenaje-JDRamirez_2019_10_04_39-600x848.jpg 600w, https:\/\/www.upo.es\/diario\/wp-content\/uploads\/2019\/10\/Homenaje-JDRamirez_2019_10_04_39-1320x1866.jpg 1320w\" sizes=\"auto, (max-width: 255px) 100vw, 255px\" \/><\/a><figcaption id=\"caption-attachment-30858147\" class=\"wp-caption-text\">Juan Daniel Ram\u00edrez Garrido ha dedicado su labor docente e investigadora al estudio de la comunicaci\u00f3n humana<\/figcaption><\/figure>\n<p><strong>Juan Daniel Ram\u00edrez Garrido<\/strong>, nacido el 21 de febrero de 1949 en Don Benito, Badajoz, tras finalizar sus estudios de Magisterio, se licenci\u00f3 en Psicolog\u00eda en la Universidad de Barcelona, universidad a la que se incorpor\u00f3 como profesor no-numerario en el curso 1976-1977. En 1977 se traslad\u00f3 a la reci\u00e9n creada Facultad de Psicolog\u00eda de la Universidad de Sevilla, en donde permaneci\u00f3 hasta 2005. En ese a\u00f1o se incorpor\u00f3 a la Universidad Pablo de Olavide hasta la finalizaci\u00f3n de su carrera acad\u00e9mica. Catedr\u00e1tico del Departamento de Antropolog\u00eda Social, Psicolog\u00eda B\u00e1sica y Salud P\u00fablica de la Facultad de Ciencias Sociales, ha dedicado su labor docente e investigadora al estudio de la comunicaci\u00f3n humana. En este extenso \u00e1mbito acad\u00e9mico, ha realizado investigaciones en la relaci\u00f3n entre pensamiento y lenguaje, las transformaciones cognitivas que la alfabetizaci\u00f3n promueve, el desarrollo de la identidad y, en los \u00faltimos a\u00f1os, en el \u00e1mbito de la \u2018alfabetizaci\u00f3n multimodal\u2019 (multiliteracies), un proceso comunicativo directamente conectado con la cultura digital y las redes sociales. Juan Daniel Ram\u00edrez cuenta con un buen n\u00famero de publicaciones en espa\u00f1ol e ingl\u00e9s tanto en revistas como en cap\u00edtulos de libros sobre pensamiento y lenguaje, alfabetizaci\u00f3n de adultos y discurso en contextos de aprendizaje. El pasado 20 de septiembre de 2019 recibi\u00f3 la condecoraci\u00f3n de la Medalla al M\u00e9rito de la Universidad Pablo de Olavide.<\/p>\n<p><a title=\"Homenaje al profesor Juan Daniel Ram\u00edrez Garrido\" href=\"https:\/\/www.flickr.com\/photos\/pablodeolavide\/albums\/72157711186018526\" data-flickr-embed=\"true\" data-header=\"true\"><img loading=\"lazy\" decoding=\"async\" src=\"https:\/\/live.staticflickr.com\/65535\/48841398638_23e86a3e17_z.jpg\" alt=\"Homenaje al profesor Juan Daniel Ram\u00edrez Garrido\" width=\"640\" height=\"427\" \/><\/a><script async src=\"\/\/embedr.flickr.com\/assets\/client-code.js\" charset=\"utf-8\"><\/script><\/p>\n","protected":false},"excerpt":{"rendered":"<p>Investigadores de procedentes de distintas universidades espa\u00f1olas se han reunido hoy viernes en la UPO para acompa\u00f1ar a Juan Daniel Ram\u00edrez Garrido, catedr\u00e1tico de Psicolog\u00eda B\u00e1sica de esta universidad, en un acto acad\u00e9mico organizado en su honor con motivo de su jubilaci\u00f3n.<\/p>\n","protected":false},"author":6,"featured_media":30858145,"comment_status":"closed","ping_status":"open","sticky":false,"template":"","format":"standard","meta":{"_monsterinsights_skip_tracking":false,"_monsterinsights_sitenote_active":false,"_monsterinsights_sitenote_note":"","_monsterinsights_sitenote_category":0,"footnotes":""},"categories":[5842],"tags":[545,308,960,3323,199,142],"class_list":["post-30858144","post","type-post","status-publish","format-standard","has-post-thumbnail","hentry","category-comunidad","tag-ciencias-sociales","tag-homenaje","tag-juan-daniel-ramirez","tag-jubilacion","tag-profesorado","tag-psicologia"],"_links":{"self":[{"href":"https:\/\/www.upo.es\/diario\/wp-json\/wp\/v2\/posts\/30858144","targetHints":{"allow":["GET"]}}],"collection":[{"href":"https:\/\/www.upo.es\/diario\/wp-json\/wp\/v2\/posts"}],"about":[{"href":"https:\/\/www.upo.es\/diario\/wp-json\/wp\/v2\/types\/post"}],"author":[{"embeddable":true,"href":"https:\/\/www.upo.es\/diario\/wp-json\/wp\/v2\/users\/6"}],"replies":[{"embeddable":true,"href":"https:\/\/www.upo.es\/diario\/wp-json\/wp\/v2\/comments?post=30858144"}],"version-history":[{"count":3,"href":"https:\/\/www.upo.es\/diario\/wp-json\/wp\/v2\/posts\/30858144\/revisions"}],"predecessor-version":[{"id":30858167,"href":"https:\/\/www.upo.es\/diario\/wp-json\/wp\/v2\/posts\/30858144\/revisions\/30858167"}],"wp:featuredmedia":[{"embeddable":true,"href":"https:\/\/www.upo.es\/diario\/wp-json\/wp\/v2\/media\/30858145"}],"wp:attachment":[{"href":"https:\/\/www.upo.es\/diario\/wp-json\/wp\/v2\/media?parent=30858144"}],"wp:term":[{"taxonomy":"category","embeddable":true,"href":"https:\/\/www.upo.es\/diario\/wp-json\/wp\/v2\/categories?post=30858144"},{"taxonomy":"post_tag","embeddable":true,"href":"https:\/\/www.upo.es\/diario\/wp-json\/wp\/v2\/tags?post=30858144"}],"curies":[{"name":"wp","href":"https:\/\/api.w.org\/{rel}","templated":true}]}}