{"id":30858204,"date":"2019-10-10T07:55:30","date_gmt":"2019-10-10T05:55:30","guid":{"rendered":"https:\/\/www.upo.es\/diario\/?p=30858204"},"modified":"2019-10-10T08:49:38","modified_gmt":"2019-10-10T06:49:38","slug":"seminario-de-la-upo-sobre-la-real-academia-en-el-siglo-xviii-en-la-real-academia-sevillana-de-buenas-letras","status":"publish","type":"post","link":"https:\/\/www.upo.es\/diario\/docencia-formacion\/2019\/10\/seminario-de-la-upo-sobre-la-real-academia-en-el-siglo-xviii-en-la-real-academia-sevillana-de-buenas-letras\/","title":{"rendered":"Seminario de la UPO sobre &#8216;La Real Academia en el siglo XVIII&#8217; en la Real Academia Sevillana de Buenas Letras"},"content":{"rendered":"<p><u><a href=\"https:\/\/www.upo.es\/diario\/wp-content\/uploads\/2019\/10\/Cartel_SemRealArmada.jpg\"><img loading=\"lazy\" decoding=\"async\" class=\"alignright size-medium wp-image-30858207\" src=\"https:\/\/www.upo.es\/diario\/wp-content\/uploads\/2019\/10\/Cartel_SemRealArmada-360x255.jpg\" alt=\"\" width=\"360\" height=\"255\" srcset=\"https:\/\/www.upo.es\/diario\/wp-content\/uploads\/2019\/10\/Cartel_SemRealArmada-360x255.jpg 360w, https:\/\/www.upo.es\/diario\/wp-content\/uploads\/2019\/10\/Cartel_SemRealArmada-768x543.jpg 768w, https:\/\/www.upo.es\/diario\/wp-content\/uploads\/2019\/10\/Cartel_SemRealArmada-750x530.jpg 750w, https:\/\/www.upo.es\/diario\/wp-content\/uploads\/2019\/10\/Cartel_SemRealArmada-600x424.jpg 600w, https:\/\/www.upo.es\/diario\/wp-content\/uploads\/2019\/10\/Cartel_SemRealArmada-1320x933.jpg 1320w\" sizes=\"auto, (max-width: 360px) 100vw, 360px\" \/><\/a>Hoy jueves 10 de octubre a las 18:00 horas, en el Sal\u00f3n de Actos de la Real Academia Sevilla de Buenas Letras (C\/ Abades, 14)<\/u>, se celebrar\u00e1 el <strong>seminario \u2018La Real Armada en el siglo XVIII. Apogeo y crisis\u2019<\/strong>, organizado por el \u00c1rea de Historia de Am\u00e9rica y el Doctorado en Historia y Humanidades de la Universidad Pablo de Olavide y la Real Academia Sevillana de Buenas Letras. <strong>La entrada es libre hasta completar aforo.<\/strong><strong>\u00a0<\/strong><\/p>\n<p>En este seminario se abordar\u00e1 la problem\u00e1tica de la Real Armada en el siglo XVIII a partir del trabajo de investigaci\u00f3n que han realizado doce investigadores de diferentes pa\u00edses y universidades, liderados por el \u00c1rea de Historia de Am\u00e9rica de la UPO. Dicho trabajo ha pertenecido a un Proyecto de Excelencia de la Junta de Andaluc\u00eda realizado a lo largo de los \u00faltimos diez a\u00f1os y publicado en tres vol\u00famenes por Ediciones Doce Calles.<\/p>\n<p>Asimismo, la jornada contar\u00e1 con la intervenci\u00f3n de expertos e investigadores como Allan J. Kuethe de la Texas Tech University; Jos\u00e9 Mar\u00eda Miura Andrades, Justo Cu\u00f1o Bonito y Juan Marchena Fern\u00e1ndez de la Universidad Pablo de Olavide; Jos\u00e9 Manuel V\u00e1zquez Lij\u00f3 de la Universidad de A Coru\u00f1a; y Juan Jos\u00e9 S\u00e1nchez Baena de la C\u00e1tedra de Historia Naval de la Universidad de Murcia.<\/p>\n","protected":false},"excerpt":{"rendered":"<p>Hoy jueves 10 de octubre a las 18:00 horas, en el Sal\u00f3n de Actos de la Real Academia Sevilla de Buenas Letras (C\/ Abades, 14), se celebrar\u00e1 el seminario \u2018La Real Armada en el siglo XVIII. Apogeo y crisis\u2019, organizado por el \u00c1rea de Historia de Am\u00e9rica y el Doctorado en Historia y Humanidades de la Universidad Pablo de Olavide y la Real Academia Sevillana de Buenas Letras. La entrada es libre hasta completar aforo.\u00a0<\/p>\n","protected":false},"author":4,"featured_media":30858207,"comment_status":"closed","ping_status":"open","sticky":false,"template":"","format":"standard","meta":{"_monsterinsights_skip_tracking":false,"_monsterinsights_sitenote_active":false,"_monsterinsights_sitenote_note":"","_monsterinsights_sitenote_category":0,"footnotes":""},"categories":[2779],"tags":[1115,6272,6271,78],"class_list":["post-30858204","post","type-post","status-publish","format-standard","has-post-thumbnail","hentry","category-docencia-formacion","tag-juan-marchena","tag-real-academia-sevillana-de-buenas-letras","tag-real-armada","tag-seminario"],"_links":{"self":[{"href":"https:\/\/www.upo.es\/diario\/wp-json\/wp\/v2\/posts\/30858204","targetHints":{"allow":["GET"]}}],"collection":[{"href":"https:\/\/www.upo.es\/diario\/wp-json\/wp\/v2\/posts"}],"about":[{"href":"https:\/\/www.upo.es\/diario\/wp-json\/wp\/v2\/types\/post"}],"author":[{"embeddable":true,"href":"https:\/\/www.upo.es\/diario\/wp-json\/wp\/v2\/users\/4"}],"replies":[{"embeddable":true,"href":"https:\/\/www.upo.es\/diario\/wp-json\/wp\/v2\/comments?post=30858204"}],"version-history":[{"count":3,"href":"https:\/\/www.upo.es\/diario\/wp-json\/wp\/v2\/posts\/30858204\/revisions"}],"predecessor-version":[{"id":30858219,"href":"https:\/\/www.upo.es\/diario\/wp-json\/wp\/v2\/posts\/30858204\/revisions\/30858219"}],"wp:featuredmedia":[{"embeddable":true,"href":"https:\/\/www.upo.es\/diario\/wp-json\/wp\/v2\/media\/30858207"}],"wp:attachment":[{"href":"https:\/\/www.upo.es\/diario\/wp-json\/wp\/v2\/media?parent=30858204"}],"wp:term":[{"taxonomy":"category","embeddable":true,"href":"https:\/\/www.upo.es\/diario\/wp-json\/wp\/v2\/categories?post=30858204"},{"taxonomy":"post_tag","embeddable":true,"href":"https:\/\/www.upo.es\/diario\/wp-json\/wp\/v2\/tags?post=30858204"}],"curies":[{"name":"wp","href":"https:\/\/api.w.org\/{rel}","templated":true}]}}