{"id":30858226,"date":"2019-10-10T13:16:42","date_gmt":"2019-10-10T11:16:42","guid":{"rendered":"https:\/\/www.upo.es\/diario\/?p=30858226"},"modified":"2019-10-14T13:12:02","modified_gmt":"2019-10-14T11:12:02","slug":"la-upo-recibe-a-representantes-de-los-municipios-y-entidades-que-integran-el-aula-abierta-de-mayores","status":"publish","type":"post","link":"https:\/\/www.upo.es\/diario\/cultura-social\/2019\/10\/la-upo-recibe-a-representantes-de-los-municipios-y-entidades-que-integran-el-aula-abierta-de-mayores\/","title":{"rendered":"La UPO recibe a representantes de los municipios y entidades que integran el Aula Abierta de Mayores"},"content":{"rendered":"<figure id=\"attachment_30858227\" aria-describedby=\"caption-attachment-30858227\" style=\"width: 750px\" class=\"wp-caption aligncenter\"><a href=\"https:\/\/www.upo.es\/diario\/wp-content\/uploads\/2019\/10\/Enc_AuladeMayores1.jpg\"><img loading=\"lazy\" decoding=\"async\" class=\"size-large wp-image-30858227\" src=\"https:\/\/www.upo.es\/diario\/wp-content\/uploads\/2019\/10\/Enc_AuladeMayores1-750x453.jpg\" alt=\"\" width=\"750\" height=\"453\" srcset=\"https:\/\/www.upo.es\/diario\/wp-content\/uploads\/2019\/10\/Enc_AuladeMayores1-750x453.jpg 750w, https:\/\/www.upo.es\/diario\/wp-content\/uploads\/2019\/10\/Enc_AuladeMayores1-360x217.jpg 360w, https:\/\/www.upo.es\/diario\/wp-content\/uploads\/2019\/10\/Enc_AuladeMayores1-768x464.jpg 768w, https:\/\/www.upo.es\/diario\/wp-content\/uploads\/2019\/10\/Enc_AuladeMayores1-600x362.jpg 600w, https:\/\/www.upo.es\/diario\/wp-content\/uploads\/2019\/10\/Enc_AuladeMayores1-1320x797.jpg 1320w, https:\/\/www.upo.es\/diario\/wp-content\/uploads\/2019\/10\/Enc_AuladeMayores1.jpg 1368w\" sizes=\"auto, (max-width: 750px) 100vw, 750px\" \/><\/a><figcaption id=\"caption-attachment-30858227\" class=\"wp-caption-text\">Representantes de los municipios y entidades que han participado en el encuentro<\/figcaption><\/figure>\n<p>Hoy jueves 10 de octubre se ha celebrado en la Universidad Pablo de Olavide un <strong>encuentro institucional<\/strong> que ha reunido a los alcaldes, alcaldesas y concejales de las localidades adscritas al <strong>programa Aula Abierta de Mayores de la UPO<\/strong>, as\u00ed como a representantes de la Diputaci\u00f3n de Sevilla y Obra Social \u201cLa Caixa\u201d, instituciones que colaboran con este programa de intervenci\u00f3n socioeducativa.<\/p>\n<p>El acto, que ha estado presidido por el rector de la Universidad Pablo de Olavide, Vicente Guzm\u00e1n Fluja, ha contado con las intervenciones de Alejandro Moyano Molina, diputado del \u00c1rea de Cultura y Ciudadan\u00eda de la Diputaci\u00f3n de Sevilla; Mar\u00eda Jes\u00fas Catal\u00e1, directora territorial de Caixabank en Andaluc\u00eda Occidental; Javier Fern\u00e1ndez Gualda, alcalde-presidente del Ayuntamiento de Gerena -en representaci\u00f3n de las sedes que cuentan con m\u00e1s antig\u00fcedad-,\u00a0 Fernando Soriano G\u00f3mez, alcalde-presidente del Ayuntamiento de Bollullos de la Mitaci\u00f3n -sede de reciente incorporaci\u00f3n-, y David Naranjo Gil, vicepresidente de la Fundaci\u00f3n Universidad Pablo de Olavide.<\/p>\n<p>En el acto tambi\u00e9n han estado presentes la directora general de Igualdad, Cultura y Participaci\u00f3n Social de la UPO, Roc\u00edo C\u00e1rdenas Rodr\u00edguez, y el personal del Aula Abierta de Mayores de esta universidad.<\/p>\n<p>\u201cEs importante dar oportunidad a las personas que no pudieron acceder a la universidad por diversas circunstancias y es tambi\u00e9n fundamental educar para el fomento de la capacidad cr\u00edtica ante los fen\u00f3menos cambiantes de la actualidad\u201d, ha se\u00f1alado el rector de la UPO, que ha puesto tambi\u00e9n en valor el papel de los municipios: \u201cEl servicio que se presta desde los municipios es incalculable. Son las administraciones que tienen las responsabilidades directas con las personas y son las que menos recursos tienen\u201d.<\/p>\n<p>Asimismo, Vicente Guzm\u00e1n, ha compartido con los representantes de los municipios la idea de creaci\u00f3n de aulas abiertas de salud, un espacio educacional para que las personas en sus municipios reciban formaci\u00f3n en esta \u00e1rea: \u201cEn la Universidad Pablo de Olavide somos inquietos por naturaleza y nos gustar\u00eda que \u00e9ste fuese el siguiente paso\u201d.<\/p>\n<p>Por otra parte, Mar\u00eda Jes\u00fas Catal\u00e1 ha subrayado la importancia del Aula Abierta de Mayores porque, por un lado, representa una oportunidad para devolver y reconocer a los mayores la labor que llevan hecha por la sociedad, y por otro, permite una gran capilaridad. La directora territorial de Caixabank en Andaluc\u00eda Occidental ha destacado que representa a una instituci\u00f3n que apuesta por la \u201cinclusi\u00f3n financiera\u201d y que busca \u201cidentificarse con el territorio en el que est\u00e1 implantado\u201d.<\/p>\n<p>El Aula Abierta de Mayores de la Universidad Pablo de Olavide es un programa de intervenci\u00f3n socioeducativa para fomentar el acceso a la formaci\u00f3n permanente de las personas mayores de 50 a\u00f1os, para el que no se necesita titulaci\u00f3n previa. Las instituciones que colaboran, adem\u00e1s de la propia Universidad Pablo de Olavide y los ayuntamientos cuyos municipios tienen sede del programa, son la Consejer\u00eda de Igualdad, Pol\u00edticas Sociales y Conciliaci\u00f3n de la Junta de Andaluc\u00eda, la Diputaci\u00f3n de Sevilla, Obra Social \u2018La Caixa\u2019.<\/p>\n<p>Durante el curso acad\u00e9mico 2019-2020 el Aula contar\u00e1 con m\u00e1s de 1000 estudiantes y 22 sedes en la provincia de Sevilla: Alcal\u00e1 de Guadaira, Almensilla, Aznalc\u00f3llar, Bollullos de la Mitaci\u00f3n (nueva sede este curso), Bormujos, Castilleja de la Cuesta, Dos Hermanas, Gerena, Gilena, Gines, Herrera, La Algaba, La Puebla de Cazalla, La Puebla del R\u00edo, Las Cabezas de San Juan, Lebrija, Mairena del Alcor, Pedrera, Pilas, Salteras, Santiponce y Tomares, siendo m\u00e1s de 1000 estudiantes para el curso vigente.<\/p>\n<p>El alumnado del Aula Abierta de Mayores de la UPO recibe formaci\u00f3n en materias como Arte y Humanidades; Ciencias Sociales; Ciencias de la Salud y Biosanitarias; Ciencias Experimentales, de la Tierra y del Medio Ambiente; Ciencias Tecnol\u00f3gicas y de la Comunicaci\u00f3n; Ciencias Jur\u00eddicas y Econ\u00f3micas; Ciencias de la Actividad F\u00edsica y del Deporte; M\u00e9todos y Modelos de Investigaci\u00f3n. El programa se estructura en dos ciclos, b\u00e1sico y de continuidad, cada uno de un m\u00ednimo de 135 horas. Durante este curso acad\u00e9mico participar\u00e1n m\u00e1s de 300 docentes de la Universidad Pablo de Olavide y profesorado colaborador de los respectivos municipios, as\u00ed como expertos en las distintas materias.<\/p>\n<p><strong>Obra Social \u201cLa Caixa\u201d apoya un a\u00f1o m\u00e1s el Aula Abierta de Mayores de la UPO<\/strong><\/p>\n<p><a href=\"https:\/\/www.upo.es\/diario\/wp-content\/uploads\/2019\/10\/Enc_AuladeMayores.jpg\"><img loading=\"lazy\" decoding=\"async\" class=\"alignright size-medium wp-image-30858228\" src=\"https:\/\/www.upo.es\/diario\/wp-content\/uploads\/2019\/10\/Enc_AuladeMayores-360x240.jpg\" alt=\"\" width=\"360\" height=\"240\" srcset=\"https:\/\/www.upo.es\/diario\/wp-content\/uploads\/2019\/10\/Enc_AuladeMayores-360x240.jpg 360w, https:\/\/www.upo.es\/diario\/wp-content\/uploads\/2019\/10\/Enc_AuladeMayores-768x512.jpg 768w, https:\/\/www.upo.es\/diario\/wp-content\/uploads\/2019\/10\/Enc_AuladeMayores-750x500.jpg 750w, https:\/\/www.upo.es\/diario\/wp-content\/uploads\/2019\/10\/Enc_AuladeMayores-600x400.jpg 600w, https:\/\/www.upo.es\/diario\/wp-content\/uploads\/2019\/10\/Enc_AuladeMayores-165x109.jpg 165w, https:\/\/www.upo.es\/diario\/wp-content\/uploads\/2019\/10\/Enc_AuladeMayores-1320x880.jpg 1320w\" sizes=\"auto, (max-width: 360px) 100vw, 360px\" \/><\/a> En el marco de este encuentro institucional, la directora territorial de Caixabank en Andaluc\u00eda Occidental, Mar\u00eda Jes\u00fas Catal\u00e1, ha hecho entrega al rector de la UPO, Vicente Guzm\u00e1n Fluja, de la donaci\u00f3n por parte de Obra Social \u201cLa Caixa\u201d, en virtud del convenio suscrito entre ambas entidades, para el desarrollo del programa Aula Abierta de Mayores de esta universidad.<\/p>\n<p>En concreto, Obra Social \u201cLa Caixa\u201d apoya este proyecto mediante la formaci\u00f3n en competencias relacionadas con las Ciencias Jur\u00eddicas y Econ\u00f3micas que aborda durante el curso cuestiones tan trascendentales como los derechos de las personas mayores, la econom\u00eda de la felicidad, el sistema electoral o los derechos humanos en el mundo.<\/p>\n<p>Adem\u00e1s, los integrantes del Aula de Mayores de la UPO van a poder formar parte del Programa Gente 3.0 de \u201cLa Caixa\u201d, a trav\u00e9s del cual recibir\u00e1n formaci\u00f3n en el \u00e1rea de salud y bienestar social, desarrollo personal y ciclo vital.<\/p>\n<p>&nbsp;<\/p>\n<p>&nbsp;<\/p>\n<p>&nbsp;<\/p>\n","protected":false},"excerpt":{"rendered":"<p>La Universidad Pablo de Olavide ha celebrado un encuentro institucional que ha reunido a los alcaldes, alcaldesas y concejales de las localidades adscritas al programa Aula Abierta de Mayores de la UPO, as\u00ed como a representantes de la Diputaci\u00f3n de Sevilla y Obra Social \u201cLa Caixa\u201d, instituciones que colaboran con este programa de intervenci\u00f3n socioeducativa.<\/p>\n","protected":false},"author":4,"featured_media":30858227,"comment_status":"closed","ping_status":"open","sticky":false,"template":"","format":"standard","meta":{"_monsterinsights_skip_tracking":false,"_monsterinsights_sitenote_active":false,"_monsterinsights_sitenote_note":"","_monsterinsights_sitenote_category":0,"footnotes":""},"categories":[5843],"tags":[52,3690,202,6273,3717,38],"class_list":["post-30858226","post","type-post","status-publish","format-standard","has-post-thumbnail","hentry","category-cultura-social","tag-aula-abierta-de-mayores","tag-diputacion-de-sevilla","tag-encuentro-institucional","tag-intervencion-socioeducativa","tag-obra-social-la-caixa","tag-rector"],"_links":{"self":[{"href":"https:\/\/www.upo.es\/diario\/wp-json\/wp\/v2\/posts\/30858226","targetHints":{"allow":["GET"]}}],"collection":[{"href":"https:\/\/www.upo.es\/diario\/wp-json\/wp\/v2\/posts"}],"about":[{"href":"https:\/\/www.upo.es\/diario\/wp-json\/wp\/v2\/types\/post"}],"author":[{"embeddable":true,"href":"https:\/\/www.upo.es\/diario\/wp-json\/wp\/v2\/users\/4"}],"replies":[{"embeddable":true,"href":"https:\/\/www.upo.es\/diario\/wp-json\/wp\/v2\/comments?post=30858226"}],"version-history":[{"count":1,"href":"https:\/\/www.upo.es\/diario\/wp-json\/wp\/v2\/posts\/30858226\/revisions"}],"predecessor-version":[{"id":30858229,"href":"https:\/\/www.upo.es\/diario\/wp-json\/wp\/v2\/posts\/30858226\/revisions\/30858229"}],"wp:featuredmedia":[{"embeddable":true,"href":"https:\/\/www.upo.es\/diario\/wp-json\/wp\/v2\/media\/30858227"}],"wp:attachment":[{"href":"https:\/\/www.upo.es\/diario\/wp-json\/wp\/v2\/media?parent=30858226"}],"wp:term":[{"taxonomy":"category","embeddable":true,"href":"https:\/\/www.upo.es\/diario\/wp-json\/wp\/v2\/categories?post=30858226"},{"taxonomy":"post_tag","embeddable":true,"href":"https:\/\/www.upo.es\/diario\/wp-json\/wp\/v2\/tags?post=30858226"}],"curies":[{"name":"wp","href":"https:\/\/api.w.org\/{rel}","templated":true}]}}