{"id":30858249,"date":"2019-10-11T14:52:54","date_gmt":"2019-10-11T12:52:54","guid":{"rendered":"https:\/\/www.upo.es\/diario\/?p=30858249"},"modified":"2019-10-11T14:54:37","modified_gmt":"2019-10-11T12:54:37","slug":"encuentro-en-la-upo-de-la-promocion-1969-de-la-universidad-laboral-de-sevilla","status":"publish","type":"post","link":"https:\/\/www.upo.es\/diario\/comunidad\/2019\/10\/encuentro-en-la-upo-de-la-promocion-1969-de-la-universidad-laboral-de-sevilla\/","title":{"rendered":"Encuentro en la UPO de la promoci\u00f3n 1969 de la Universidad Laboral de Sevilla"},"content":{"rendered":"<figure id=\"attachment_30858250\" aria-describedby=\"caption-attachment-30858250\" style=\"width: 750px\" class=\"wp-caption aligncenter\"><a href=\"https:\/\/www.upo.es\/diario\/wp-content\/uploads\/2019\/10\/UnivLaboral-Sevilla-1969_20191011.jpg\"><img loading=\"lazy\" decoding=\"async\" class=\"size-large wp-image-30858250\" src=\"https:\/\/www.upo.es\/diario\/wp-content\/uploads\/2019\/10\/UnivLaboral-Sevilla-1969_20191011-750x422.jpg\" alt=\"\" width=\"750\" height=\"422\" srcset=\"https:\/\/www.upo.es\/diario\/wp-content\/uploads\/2019\/10\/UnivLaboral-Sevilla-1969_20191011-750x422.jpg 750w, https:\/\/www.upo.es\/diario\/wp-content\/uploads\/2019\/10\/UnivLaboral-Sevilla-1969_20191011-360x203.jpg 360w, https:\/\/www.upo.es\/diario\/wp-content\/uploads\/2019\/10\/UnivLaboral-Sevilla-1969_20191011-768x432.jpg 768w, https:\/\/www.upo.es\/diario\/wp-content\/uploads\/2019\/10\/UnivLaboral-Sevilla-1969_20191011-600x338.jpg 600w, https:\/\/www.upo.es\/diario\/wp-content\/uploads\/2019\/10\/UnivLaboral-Sevilla-1969_20191011-1320x743.jpg 1320w\" sizes=\"auto, (max-width: 750px) 100vw, 750px\" \/><\/a><figcaption id=\"caption-attachment-30858250\" class=\"wp-caption-text\">Promoci\u00f3n 1969 de la Universidad Laboral<\/figcaption><\/figure>\n<p>La vicerrectora de Relaciones Institucionales de la Universidad Pablo de Olavide, <strong>Pilar Rodr\u00edguez Reina<\/strong>, ha clausurado este mediod\u00eda el encuentro que han celebrado <strong>antiguos estudiantes de la Universidad Laboral de Sevilla con motivo del quincuag\u00e9simo aniversario de su promoci\u00f3n, que inici\u00f3 sus estudios en lo que hoy es el campus de la UPO en 1969<\/strong>.<\/p>\n<p><a href=\"https:\/\/www.upo.es\/diario\/wp-content\/uploads\/2019\/10\/UnivLaboral-Sevilla-1969_2019_10_11_07.jpg\"><img loading=\"lazy\" decoding=\"async\" class=\"alignright size-medium wp-image-30858251\" src=\"https:\/\/www.upo.es\/diario\/wp-content\/uploads\/2019\/10\/UnivLaboral-Sevilla-1969_2019_10_11_07-360x203.jpg\" alt=\"\" width=\"360\" height=\"203\" srcset=\"https:\/\/www.upo.es\/diario\/wp-content\/uploads\/2019\/10\/UnivLaboral-Sevilla-1969_2019_10_11_07-360x203.jpg 360w, https:\/\/www.upo.es\/diario\/wp-content\/uploads\/2019\/10\/UnivLaboral-Sevilla-1969_2019_10_11_07-768x432.jpg 768w, https:\/\/www.upo.es\/diario\/wp-content\/uploads\/2019\/10\/UnivLaboral-Sevilla-1969_2019_10_11_07-750x422.jpg 750w, https:\/\/www.upo.es\/diario\/wp-content\/uploads\/2019\/10\/UnivLaboral-Sevilla-1969_2019_10_11_07-600x338.jpg 600w, https:\/\/www.upo.es\/diario\/wp-content\/uploads\/2019\/10\/UnivLaboral-Sevilla-1969_2019_10_11_07-1320x743.jpg 1320w\" sizes=\"auto, (max-width: 360px) 100vw, 360px\" \/><\/a>Un grupo de cuarenta y un exalumnos de diversa procedencia geogr\u00e1fica se ha dado cita durante la jornada de hoy en las instalaciones de la Universidad con motivo del aniversario, en una jornada festiva en la que han compartido recuerdos y vivencias de su etapa como estudiantes y en la que, <strong>acompa\u00f1ados de sus familiares, han recorrido el campus de la Universidad<\/strong>, desde la Plaza de Am\u00e9rica hasta la Biblioteca, en cuya Sala de Grados han concluido su estancia en el campus tras saludarlos Pilar Rodr\u00edguez Reina, quien ha se\u00f1alado que \u201clas puertas de la UPO siempre estar\u00e1n abiertas para sus primeros estudiantes\u201d.<\/p>\n","protected":false},"excerpt":{"rendered":"<p>La vicerrectora de Relaciones Institucionales de la Universidad Pablo de Olavide, Pilar Rodr\u00edguez Reina, ha clausurado este mediod\u00eda el encuentro que han celebrado antiguos estudiantes de la Universidad Laboral de Sevilla con motivo del quincuag\u00e9simo aniversario de su promoci\u00f3n, que inici\u00f3 sus estudios en lo que hoy es el campus de la UPO en 1969. <\/p>\n","protected":false},"author":6,"featured_media":30858250,"comment_status":"closed","ping_status":"open","sticky":false,"template":"","format":"standard","meta":{"_monsterinsights_skip_tracking":false,"_monsterinsights_sitenote_active":false,"_monsterinsights_sitenote_note":"","_monsterinsights_sitenote_category":0,"footnotes":""},"categories":[5842],"tags":[568,107,1794,1261,4838],"class_list":["post-30858249","post","type-post","status-publish","format-standard","has-post-thumbnail","hentry","category-comunidad","tag-aniversario","tag-campus","tag-pilar-rodriguez-reina","tag-universidad-laboral","tag-visita-antiguos-alumnos"],"_links":{"self":[{"href":"https:\/\/www.upo.es\/diario\/wp-json\/wp\/v2\/posts\/30858249","targetHints":{"allow":["GET"]}}],"collection":[{"href":"https:\/\/www.upo.es\/diario\/wp-json\/wp\/v2\/posts"}],"about":[{"href":"https:\/\/www.upo.es\/diario\/wp-json\/wp\/v2\/types\/post"}],"author":[{"embeddable":true,"href":"https:\/\/www.upo.es\/diario\/wp-json\/wp\/v2\/users\/6"}],"replies":[{"embeddable":true,"href":"https:\/\/www.upo.es\/diario\/wp-json\/wp\/v2\/comments?post=30858249"}],"version-history":[{"count":2,"href":"https:\/\/www.upo.es\/diario\/wp-json\/wp\/v2\/posts\/30858249\/revisions"}],"predecessor-version":[{"id":30858253,"href":"https:\/\/www.upo.es\/diario\/wp-json\/wp\/v2\/posts\/30858249\/revisions\/30858253"}],"wp:featuredmedia":[{"embeddable":true,"href":"https:\/\/www.upo.es\/diario\/wp-json\/wp\/v2\/media\/30858250"}],"wp:attachment":[{"href":"https:\/\/www.upo.es\/diario\/wp-json\/wp\/v2\/media?parent=30858249"}],"wp:term":[{"taxonomy":"category","embeddable":true,"href":"https:\/\/www.upo.es\/diario\/wp-json\/wp\/v2\/categories?post=30858249"},{"taxonomy":"post_tag","embeddable":true,"href":"https:\/\/www.upo.es\/diario\/wp-json\/wp\/v2\/tags?post=30858249"}],"curies":[{"name":"wp","href":"https:\/\/api.w.org\/{rel}","templated":true}]}}