{"id":30858273,"date":"2019-10-15T03:33:14","date_gmt":"2019-10-15T01:33:14","guid":{"rendered":"https:\/\/www.upo.es\/diario\/?p=30858273"},"modified":"2019-10-17T11:48:03","modified_gmt":"2019-10-17T09:48:03","slug":"expertos-abordaran-la-criminalidad-organizada-transnacional-en-un-congreso-en-la-upo","status":"publish","type":"post","link":"https:\/\/www.upo.es\/diario\/docencia-formacion\/2019\/10\/expertos-abordaran-la-criminalidad-organizada-transnacional-en-un-congreso-en-la-upo\/","title":{"rendered":"Expertos abordan la criminalidad organizada transnacional en un congreso en la UPO"},"content":{"rendered":"<p>&nbsp;<\/p>\n<figure id=\"attachment_30858302\" aria-describedby=\"caption-attachment-30858302\" style=\"width: 750px\" class=\"wp-caption aligncenter\"><a href=\"https:\/\/www.upo.es\/diario\/wp-content\/uploads\/2019\/10\/Criminalidad-Organiza-15102019_2019_10_15_16.jpg\"><img loading=\"lazy\" decoding=\"async\" class=\"size-large wp-image-30858302\" src=\"https:\/\/www.upo.es\/diario\/wp-content\/uploads\/2019\/10\/Criminalidad-Organiza-15102019_2019_10_15_16-750x500.jpg\" alt=\"\" width=\"750\" height=\"500\" srcset=\"https:\/\/www.upo.es\/diario\/wp-content\/uploads\/2019\/10\/Criminalidad-Organiza-15102019_2019_10_15_16-750x500.jpg 750w, https:\/\/www.upo.es\/diario\/wp-content\/uploads\/2019\/10\/Criminalidad-Organiza-15102019_2019_10_15_16-360x240.jpg 360w, https:\/\/www.upo.es\/diario\/wp-content\/uploads\/2019\/10\/Criminalidad-Organiza-15102019_2019_10_15_16-768x512.jpg 768w, https:\/\/www.upo.es\/diario\/wp-content\/uploads\/2019\/10\/Criminalidad-Organiza-15102019_2019_10_15_16-600x400.jpg 600w, https:\/\/www.upo.es\/diario\/wp-content\/uploads\/2019\/10\/Criminalidad-Organiza-15102019_2019_10_15_16-165x109.jpg 165w, https:\/\/www.upo.es\/diario\/wp-content\/uploads\/2019\/10\/Criminalidad-Organiza-15102019_2019_10_15_16-1320x880.jpg 1320w\" sizes=\"auto, (max-width: 750px) 100vw, 750px\" \/><\/a><figcaption id=\"caption-attachment-30858302\" class=\"wp-caption-text\">Juana del Carpio, Bruno Mart\u00ednez y Laura Z\u00fa\u00f1iga en la presentaci\u00f3n del Congreso<\/figcaption><\/figure>\n<p>Hoy ha dado comienzo, en la sala de grados del edificio 7 de la Universidad Pablo de Olavide, el <strong>VII Congreso Internacional sobre Criminalidad Organizada Transnacional (y recuperaci\u00f3n de activos)<\/strong>, que ha sido inaugurado por Bruno Mart\u00ednez Haya, vicerrector de Investigaci\u00f3n y Transferencia Tecnol\u00f3gica de la UPO, y Juana del Carpio Delgado, profesora de Derecho penal de la UPO y directora del encuentro.<\/p>\n<p><a href=\"https:\/\/www.upo.es\/diario\/wp-content\/uploads\/2019\/10\/cartel_congreso_criminalidad.jpg\"><img loading=\"lazy\" decoding=\"async\" class=\"alignright size-medium wp-image-30858274\" src=\"https:\/\/www.upo.es\/diario\/wp-content\/uploads\/2019\/10\/cartel_congreso_criminalidad-360x290.jpg\" alt=\"\" width=\"360\" height=\"290\" srcset=\"https:\/\/www.upo.es\/diario\/wp-content\/uploads\/2019\/10\/cartel_congreso_criminalidad-360x290.jpg 360w, https:\/\/www.upo.es\/diario\/wp-content\/uploads\/2019\/10\/cartel_congreso_criminalidad-600x484.jpg 600w, https:\/\/www.upo.es\/diario\/wp-content\/uploads\/2019\/10\/cartel_congreso_criminalidad.jpg 642w\" sizes=\"auto, (max-width: 360px) 100vw, 360px\" \/><\/a>El congreso, que se celebra los d\u00edas 15 y 16 de octubre en la Universidad Pablo de Olavide y que est\u00e1 organizado por el Grupo de Investigaci\u00f3n en Ciencias Penales y Criminol\u00f3gicas (CIPEC-SEJ 047), <strong>abordar\u00e1 el trinomio crimen organizado, terrorismo y la criminalidad empresarial, que, seg\u00fan los organizadores del encuentro, debilita las estructuras econ\u00f3micas y pol\u00edticas de los Estados y constituye un reto impostergable para el Derecho Penal en el presente y en el medio plazo<\/strong>.<\/p>\n<p>As\u00ed, <strong>uno de los ejes principales del congreso ser\u00e1 examinar el papel que juegan las grandes corporaciones en el fen\u00f3meno de la criminalidad transnacional<\/strong>, a fin de arbitrar mecanismos eficaces de responsabilidad penal de las empresas multinacionales. Concretamente, se estudiar\u00e1n los principales \u00e1mbitos de actuaci\u00f3n de la criminalidad empresarial transnacional que erosionan los fundamentos de Estado democr\u00e1ticos y germinan con facilidad en Estados totalitarios o con d\u00e9ficits democr\u00e1ticos: inmigraci\u00f3n ilegal, medio ambiente y terrorismo.<\/p>\n<p>Por otro lado,<strong> el otro eje del encuentro se refiere a la recuperaci\u00f3n de los activos derivados de estas actividades il\u00edcitas<\/strong>. Para los organizadores del congreso resulta necesario seguir trabajando sobre el decomiso como \u00fatil estrategia para la recuperaci\u00f3n de ganancias il\u00edcitas. Al mismo tiempo, debe revisarse la legislaci\u00f3n vigente sobre el blanqueo de capitales y analizar las propuestas <em>lege ferenda<\/em> de un eventual de delito de enriquecimiento il\u00edcito. Es por estos objetivos que el congreso se enmarca en la l\u00ednea de investigaci\u00f3n propia \u2018Estudio transversal de los mecanismos jur\u00eddicos para la recuperaci\u00f3n de bienes de procedencia delictiva\u2019, del V Plan Propio de Investigaci\u00f3n y Transferencia de la UPO.<\/p>\n<p>Expertos en la materia abordar\u00e1n as\u00ed cuestiones decisivas y abiertas en la actualidad sobre la delincuencia internacional de empresas, con un destacado enfoque investigador. A tales efectos, este encuentro cient\u00edfico se enmarca tambi\u00e9n en el Proyecto Nacional de Investigaci\u00f3n DER2016-79705, del Ministerio de Econom\u00eda y Competitividad, \u2018Criminalidad organizada, terrorismo y responsabilidad penal de las personas jur\u00eddicas\u2019.<\/p>\n<p>Pero adem\u00e1s de personal investigador, alumnado y profesorado, el congreso posee una imprescindible orientaci\u00f3n pr\u00e1ctica y profesional, y se dirige tambi\u00e9n a funcionarios de la administraci\u00f3n p\u00fablica, especialmente a miembros de los Cuerpos y Fuerzas de Seguridad del Estado, as\u00ed como al sector privado representado en asesores y responsables de cumplimiento normativo de las empresas.<\/p>\n<p><strong>M\u00e1s informaci\u00f3n:<\/strong><\/p>\n<p><a href=\"https:\/\/eventos.upo.es\/event_detail\/37959\/programme\/vii-congreso-internacional-sobre-criminalidad-organizada-transnacional-y-recuperacion-de-activos.html\">VII Congreso Internacional sobre Criminalidad Organizada Transnacional (y recuperaci\u00f3n de activos)<\/a><\/p>\n","protected":false},"excerpt":{"rendered":"<p>El congreso, que se celebra los d\u00edas 15 y 16 de octubre en la Universidad Pablo de Olavide y que est\u00e1 organizado por el Grupo de Investigaci\u00f3n en Ciencias Penales y Criminol\u00f3gicas (CIPEC-SEJ 047), abordar\u00e1 el trinomio crimen organizado, terrorismo y la criminalidad empresarial, que, seg\u00fan los organizadores del encuentro, debilita las estructuras econ\u00f3micas y pol\u00edticas de los Estados y constituye un reto impostergable para el Derecho Penal en el presente y en el medio plazo.<\/p>\n","protected":false},"author":2,"featured_media":30858302,"comment_status":"closed","ping_status":"open","sticky":false,"template":"","format":"standard","meta":{"_monsterinsights_skip_tracking":false,"_monsterinsights_sitenote_active":false,"_monsterinsights_sitenote_note":"","_monsterinsights_sitenote_category":0,"footnotes":""},"categories":[2779],"tags":[354,6284,3176,6285,6282,744,842,821,56,482,6283],"class_list":["post-30858273","post","type-post","status-publish","format-standard","has-post-thumbnail","hentry","category-docencia-formacion","tag-congreso","tag-crimen-organizado","tag-criminalidad","tag-criminalidad-empresarial","tag-criminalidad-organizada","tag-democracia","tag-derecho-penal","tag-encuentro","tag-investigacion","tag-terrorismo","tag-transnacional"],"_links":{"self":[{"href":"https:\/\/www.upo.es\/diario\/wp-json\/wp\/v2\/posts\/30858273","targetHints":{"allow":["GET"]}}],"collection":[{"href":"https:\/\/www.upo.es\/diario\/wp-json\/wp\/v2\/posts"}],"about":[{"href":"https:\/\/www.upo.es\/diario\/wp-json\/wp\/v2\/types\/post"}],"author":[{"embeddable":true,"href":"https:\/\/www.upo.es\/diario\/wp-json\/wp\/v2\/users\/2"}],"replies":[{"embeddable":true,"href":"https:\/\/www.upo.es\/diario\/wp-json\/wp\/v2\/comments?post=30858273"}],"version-history":[{"count":4,"href":"https:\/\/www.upo.es\/diario\/wp-json\/wp\/v2\/posts\/30858273\/revisions"}],"predecessor-version":[{"id":30858303,"href":"https:\/\/www.upo.es\/diario\/wp-json\/wp\/v2\/posts\/30858273\/revisions\/30858303"}],"wp:featuredmedia":[{"embeddable":true,"href":"https:\/\/www.upo.es\/diario\/wp-json\/wp\/v2\/media\/30858302"}],"wp:attachment":[{"href":"https:\/\/www.upo.es\/diario\/wp-json\/wp\/v2\/media?parent=30858273"}],"wp:term":[{"taxonomy":"category","embeddable":true,"href":"https:\/\/www.upo.es\/diario\/wp-json\/wp\/v2\/categories?post=30858273"},{"taxonomy":"post_tag","embeddable":true,"href":"https:\/\/www.upo.es\/diario\/wp-json\/wp\/v2\/tags?post=30858273"}],"curies":[{"name":"wp","href":"https:\/\/api.w.org\/{rel}","templated":true}]}}