{"id":30858288,"date":"2019-10-15T01:07:44","date_gmt":"2019-10-14T23:07:44","guid":{"rendered":"https:\/\/www.upo.es\/diario\/?p=30858288"},"modified":"2019-10-16T18:11:49","modified_gmt":"2019-10-16T16:11:49","slug":"mas-de-1200-profesionales-se-daran-cita-en-la-upo-en-el-congreso-de-innovacion-publica-novagob-2019","status":"publish","type":"post","link":"https:\/\/www.upo.es\/diario\/docencia-formacion\/2019\/10\/mas-de-1200-profesionales-se-daran-cita-en-la-upo-en-el-congreso-de-innovacion-publica-novagob-2019\/","title":{"rendered":"M\u00e1s de 1200 profesionales se dar\u00e1n cita en la UPO en el Congreso de Innovaci\u00f3n P\u00fablica &#8216;NovaGob 2019&#8217;"},"content":{"rendered":"<p><u><a href=\"https:\/\/www.upo.es\/diario\/wp-content\/uploads\/2019\/10\/cartel_congreso_novagob2019.jpg\"><img loading=\"lazy\" decoding=\"async\" class=\"alignright size-medium wp-image-30858289\" src=\"https:\/\/www.upo.es\/diario\/wp-content\/uploads\/2019\/10\/cartel_congreso_novagob2019-360x229.jpg\" alt=\"\" width=\"360\" height=\"229\" srcset=\"https:\/\/www.upo.es\/diario\/wp-content\/uploads\/2019\/10\/cartel_congreso_novagob2019-360x229.jpg 360w, https:\/\/www.upo.es\/diario\/wp-content\/uploads\/2019\/10\/cartel_congreso_novagob2019-768x488.jpg 768w, https:\/\/www.upo.es\/diario\/wp-content\/uploads\/2019\/10\/cartel_congreso_novagob2019-750x476.jpg 750w, https:\/\/www.upo.es\/diario\/wp-content\/uploads\/2019\/10\/cartel_congreso_novagob2019-600x381.jpg 600w, https:\/\/www.upo.es\/diario\/wp-content\/uploads\/2019\/10\/cartel_congreso_novagob2019-1320x838.jpg 1320w\" sizes=\"auto, (max-width: 360px) 100vw, 360px\" \/><\/a>Ma\u00f1ana mi\u00e9rcoles 16 de octubre, a las 16:00 horas en el Paraninfo de la Universidad Pablo de Olavide, de Sevilla<\/u>, dar\u00e1 comienzo el <strong>Congreso de Innovaci\u00f3n P\u00fablica \u2018NovaGob 2019\u2019<\/strong>, que ser\u00e1 inaugurado por el rector de la UPO Vicente Guzm\u00e1n Fluja; El\u00edas Bendodo Benasayag, consejero de Presidencia, Administraci\u00f3n P\u00fablica e Interior de la Junta de Andaluc\u00eda; Fernando Rodr\u00edguez Villalobos, presidente de la\u00a0 Diputaci\u00f3n Sevilla y presidente de la Federaci\u00f3n Andaluza de Municipios y Provincias; Mar\u00eda Sonia Gaya S\u00e1nchez, teniente de alcalde delegada de Hacienda y Administraci\u00f3n P\u00fablica del Ayuntamiento de Sevilla, y Francisco Rojas Mart\u00edn, presidente de la Fundaci\u00f3n NovaGob.<\/p>\n<p>La Universidad Pablo de Olavide ser\u00e1 la sede durante los d\u00edas 16, 17 y 18 de octubre de la sexta edici\u00f3n de este encuentro que reunir\u00e1 a m\u00e1s de 1200 profesionales del sector p\u00fablico, instituciones y empresas para analizar los principales retos a los que se enfrenta la Administraci\u00f3n p\u00fablica para innovar en el dise\u00f1o y prestaci\u00f3n de mejores pol\u00edticas y servicios p\u00fablicos para la ciudadan\u00eda.<\/p>\n<p>El programa del evento abordar\u00e1 cinco grandes \u00e1reas tem\u00e1ticas como son la Administraci\u00f3n 4.0 (completamente digital y m\u00e1s inteligente), la Administraci\u00f3n abierta (nuevas formas de comunicaci\u00f3n y relaci\u00f3n con la ciudadan\u00eda), la Administraci\u00f3n comprometida (dando una respuesta efectiva a las principales demandas), la Administraci\u00f3n f\u00e1cil (m\u00e1s accesible, con menos burocracia) y la Administraci\u00f3n humana (gestionando y atrayendo el talento). Todo ello con la participaci\u00f3n de m\u00e1s de 100 ponentes que intervendr\u00e1n en distintos espacios para la reflexi\u00f3n, el debate y la co-creaci\u00f3n, con diferentes formatos como charlas cortas, conferencias, mesas redondas y talleres, incluyendo espacios para el networking, entretenimiento y el humor.<\/p>\n<p>Adem\u00e1s, esta edici\u00f3n cuenta con la novedad de ser la primera en la que se plantea el reto del \u2018papel cero\u2019, habi\u00e9ndose habilitado para lograrlo diferentes herramientas de asistencia virtual a las personas asistentes, tales como App m\u00f3vil y un bot dise\u00f1ado para la ocasi\u00f3n.<\/p>\n<p>NovaGob 2019 llega a Sevilla con el impulso como co-organizadores de la Universidad Pablo de Olavide -sede del evento-, la Federaci\u00f3n Andaluza de Municipios y Provincias (FAMP), el Instituto Andaluz de Administraci\u00f3n P\u00fablica (IAAP), la Consejer\u00eda de Econom\u00eda, Conocimiento, Empresas y Universidad de la Junta de Andaluc\u00eda y el Ayuntamiento de Sevilla. Colaboraciones importantes como las de la Universidad de La Laguna -impulsor del Congreso en sus cuatro primeras ediciones- y la Fundaci\u00f3n Democracia y Gobierno Local. Y el apoyo de empresas l\u00edderes en Espa\u00f1a como Gestiona, Berger Levrault, Savia, Wolters Kluwer, Everis, SPAI innova, Validated ID, eCityclic, Ingenia, S\u00e9neca, Enreda, Kuorum y Opendatasoft.<\/p>\n<p><strong>M\u00e1s informaci\u00f3n:<\/strong><\/p>\n<p><a href=\"https:\/\/www.congresonovagob.com\/presentacioncongreso\/\">Congreso de Innovaci\u00f3n P\u00fablica \u2018NovaGob 2019\u2019<\/a><\/p>\n","protected":false},"excerpt":{"rendered":"<p>La Universidad Pablo de Olavide ser\u00e1 la sede durante los d\u00edas 16, 17 y 18 de octubre de la sexta edici\u00f3n de este encuentro que reunir\u00e1 a m\u00e1s de 1200 profesionales del sector p\u00fablico, instituciones y empresas para analizar los principales retos a los que se enfrenta la Administraci\u00f3n p\u00fablica para innovar en el dise\u00f1o y prestaci\u00f3n de mejores pol\u00edticas y servicios p\u00fablicos para la ciudadan\u00eda.<\/p>\n","protected":false},"author":2,"featured_media":30858289,"comment_status":"closed","ping_status":"open","sticky":false,"template":"","format":"standard","meta":{"_monsterinsights_skip_tracking":false,"_monsterinsights_sitenote_active":false,"_monsterinsights_sitenote_note":"","_monsterinsights_sitenote_category":0,"footnotes":""},"categories":[2779],"tags":[4363,458,354,1059,554,6286,2262,6289,6290,6288,6287,3138],"class_list":["post-30858288","post","type-post","status-publish","format-standard","has-post-thumbnail","hentry","category-docencia-formacion","tag-administracion-publica","tag-ciudadania","tag-congreso","tag-empresas","tag-innovacion","tag-innovacion-publica","tag-instituciones","tag-novagob","tag-papel-cero","tag-politicas","tag-sector-publico","tag-servicio-publico"],"_links":{"self":[{"href":"https:\/\/www.upo.es\/diario\/wp-json\/wp\/v2\/posts\/30858288","targetHints":{"allow":["GET"]}}],"collection":[{"href":"https:\/\/www.upo.es\/diario\/wp-json\/wp\/v2\/posts"}],"about":[{"href":"https:\/\/www.upo.es\/diario\/wp-json\/wp\/v2\/types\/post"}],"author":[{"embeddable":true,"href":"https:\/\/www.upo.es\/diario\/wp-json\/wp\/v2\/users\/2"}],"replies":[{"embeddable":true,"href":"https:\/\/www.upo.es\/diario\/wp-json\/wp\/v2\/comments?post=30858288"}],"version-history":[{"count":3,"href":"https:\/\/www.upo.es\/diario\/wp-json\/wp\/v2\/posts\/30858288\/revisions"}],"predecessor-version":[{"id":30858338,"href":"https:\/\/www.upo.es\/diario\/wp-json\/wp\/v2\/posts\/30858288\/revisions\/30858338"}],"wp:featuredmedia":[{"embeddable":true,"href":"https:\/\/www.upo.es\/diario\/wp-json\/wp\/v2\/media\/30858289"}],"wp:attachment":[{"href":"https:\/\/www.upo.es\/diario\/wp-json\/wp\/v2\/media?parent=30858288"}],"wp:term":[{"taxonomy":"category","embeddable":true,"href":"https:\/\/www.upo.es\/diario\/wp-json\/wp\/v2\/categories?post=30858288"},{"taxonomy":"post_tag","embeddable":true,"href":"https:\/\/www.upo.es\/diario\/wp-json\/wp\/v2\/tags?post=30858288"}],"curies":[{"name":"wp","href":"https:\/\/api.w.org\/{rel}","templated":true}]}}