{"id":30858312,"date":"2019-10-16T12:24:59","date_gmt":"2019-10-16T10:24:59","guid":{"rendered":"https:\/\/www.upo.es\/diario\/?p=30858312"},"modified":"2019-10-21T13:31:43","modified_gmt":"2019-10-21T11:31:43","slug":"el-poligono-sur-subira-al-escenario-del-teatro-alameda-de-la-mano-de-factoria-cultural","status":"publish","type":"post","link":"https:\/\/www.upo.es\/diario\/cultura\/2019\/10\/el-poligono-sur-subira-al-escenario-del-teatro-alameda-de-la-mano-de-factoria-cultural\/","title":{"rendered":"El Pol\u00edgono Sur subir\u00e1 al escenario del Teatro Alameda de la mano de Factor\u00eda Cultural"},"content":{"rendered":"<figure id=\"attachment_30858313\" aria-describedby=\"caption-attachment-30858313\" style=\"width: 750px\" class=\"wp-caption aligncenter\"><a href=\"https:\/\/www.upo.es\/diario\/wp-content\/uploads\/2019\/10\/Campus-FC-1.jpg\"><img loading=\"lazy\" decoding=\"async\" class=\"size-large wp-image-30858313\" src=\"https:\/\/www.upo.es\/diario\/wp-content\/uploads\/2019\/10\/Campus-FC-1-750x508.jpg\" alt=\"\" width=\"750\" height=\"508\" srcset=\"https:\/\/www.upo.es\/diario\/wp-content\/uploads\/2019\/10\/Campus-FC-1-750x508.jpg 750w, https:\/\/www.upo.es\/diario\/wp-content\/uploads\/2019\/10\/Campus-FC-1-360x244.jpg 360w, https:\/\/www.upo.es\/diario\/wp-content\/uploads\/2019\/10\/Campus-FC-1-768x520.jpg 768w, https:\/\/www.upo.es\/diario\/wp-content\/uploads\/2019\/10\/Campus-FC-1-600x406.jpg 600w, https:\/\/www.upo.es\/diario\/wp-content\/uploads\/2019\/10\/Campus-FC-1-1320x893.jpg 1320w, https:\/\/www.upo.es\/diario\/wp-content\/uploads\/2019\/10\/Campus-FC-1.jpg 1800w\" sizes=\"auto, (max-width: 750px) 100vw, 750px\" \/><\/a><figcaption id=\"caption-attachment-30858313\" class=\"wp-caption-text\">El videoclip se ha rodado \u00edntegramente en el Pol\u00edgono Sur y ha contado con la participaci\u00f3n de entidades, comercios y numerosos vecinos y vecinas del barrio<\/figcaption><\/figure>\n<p>El Pol\u00edgono Sur se mostrar\u00e1 en el Teatro Alameda ma\u00f1ana<strong> jueves 17 de octubre a las 21.00 horas<\/strong> a trav\u00e9s del <strong>estreno del videoclip \u2018Aqu\u00ed Pol\u00edgono Sur\u2019, dirigido por el cineasta Paco Ba\u00f1os y con m\u00fasica del guitarrista Ra\u00fal Cantizano<\/strong>. Con esta pieza cierra su primera edici\u00f3n el proyecto \u2018Campus Pol\u00edgono Sur. Arte de contexto en la periferia\u2019 del Ayuntamiento de Sevilla, articulado a trav\u00e9s del Instituto de la Cultura y las Artes de Sevilla (ICAS) y la Factor\u00eda Cultural, y cuenta con el apoyo oficial de la Universidad Pablo de Olavide a trav\u00e9s del proyecto Atalaya \u2018Arte y Compromiso\u2019 y de la Fundaci\u00f3n SGAE.<\/p>\n<p><strong><a href=\"https:\/\/www.upo.es\/diario\/wp-content\/uploads\/2019\/10\/Campus-FC-4.jpg\"><img loading=\"lazy\" decoding=\"async\" class=\"alignright size-medium wp-image-30858314\" src=\"https:\/\/www.upo.es\/diario\/wp-content\/uploads\/2019\/10\/Campus-FC-4-288x360.jpg\" alt=\"\" width=\"288\" height=\"360\" srcset=\"https:\/\/www.upo.es\/diario\/wp-content\/uploads\/2019\/10\/Campus-FC-4-288x360.jpg 288w, https:\/\/www.upo.es\/diario\/wp-content\/uploads\/2019\/10\/Campus-FC-4-768x960.jpg 768w, https:\/\/www.upo.es\/diario\/wp-content\/uploads\/2019\/10\/Campus-FC-4-600x750.jpg 600w, https:\/\/www.upo.es\/diario\/wp-content\/uploads\/2019\/10\/Campus-FC-4.jpg 1080w\" sizes=\"auto, (max-width: 288px) 100vw, 288px\" \/><\/a>\u2018Campus Pol\u00edgono Sur. Arte <\/strong><strong>de contexto en la periferia\u2019 ha sido un encuentro art\u00edstico y formativo con el objetivo de producir una serie de obras transdisciplinares que tuvieran como motor el espacio p\u00fablico de este conocido barrio sevillano.<\/strong> Se trata de un proceso que comenz\u00f3 el pasado mes de marzo y concluye ahora, con el estreno de esta obra, ideada por el propio alumnado que eligi\u00f3 el formato videoclip como el id\u00f3neo para reflejar las conclusiones del proyecto.<\/p>\n<p>La pieza audiovisual est\u00e1 <strong>rodada \u00edntegramente en el Pol\u00edgono<\/strong> <strong>Sur<\/strong> y ha contado con la participaci\u00f3n de entidades, comercios y numerosos vecinos y vecinas del barrio. En ella tambi\u00e9n han participado artistas que mantienen una estrecha relaci\u00f3n con el barrio, entre los que se encuentran Emilio Caracaf\u00e9, Negro Jari, Samu, el Coro Meridianos, Afrika Move o el grupo Fuera de Serie, todos ellos coordinados y con el apoyo del equipo de profesionales de Factor\u00eda Cultural y el alumnado del Campus.<\/p>\n<p>Con el estreno de esta creaci\u00f3n en el Teatro Alameda, el Ayuntamiento con el apoyo de la Universidad Pablo de Olavide apuesta por la integraci\u00f3n del Pol\u00edgono Sur en la ciudad con la convicci\u00f3n de que puede aportar valores al resto de Sevilla. Por eso, para la <strong>presentaci\u00f3n de \u2018Aqu\u00ed Pol\u00edgono Sur\u2019<\/strong> se ha elegido un espacio cultural de referencia, situado en el centro de la capital, en una zona con larga tradici\u00f3n cultural y flamenca como es la Alameda de H\u00e9rcules.<\/p>\n<p>La entrada para disfrutar del estreno del videoclip es libre hasta completar el aforo del teatro, al que se podr\u00e1 acceder desde las 20.30h. Antes de la proyecci\u00f3n del jueves, el equipo de Factor\u00eda Cultural presentar\u00e1 el proyecto y despu\u00e9s de ver la pieza se celebrar\u00e1 un concierto en el que participar\u00e1n los artistas del videoclip y que tendr\u00e1 como broche el tema \u2018Aqu\u00ed Pol\u00edgono Sur\u2019 en directo. El acto contar\u00e1 tambi\u00e9n con la presencia de entidades, y vecinos y vecinas del barrio que han estado presentes en la pieza.<\/p>\n<p>El videoclip es la segunda obra tras \u2018Para\u00edso Sur\u2019, una\u00a0\u201cfake news\u201d\u00a0que pretend\u00eda mostrar objetivamente el barrio, usando la especulaci\u00f3n inmobiliaria como una puesta en valor del territorio del Pol\u00edgono Sur, organizado por el ICAS, desde la Factor\u00eda Cultural, y es tambi\u00e9n el resultado del trabajo conjunto de distintas instituciones. Cuenta con el apoyo como socio de la Universidad Pablo de Olavide a trav\u00e9s del <strong>proyecto Atalaya <em>Arte y Compromiso Experiencias para el Cambio Social<\/em> que se coordina desde el Vicerrectorado de Cultura y Compromiso social<\/strong> de la UPO. Este Campus tambi\u00e9n tiene como colaborador principal a la Fundaci\u00f3n SGAE, entre cuyos fines se hallan la promoci\u00f3n de la obra de los autores, las actividades de investigaci\u00f3n, desarrollo, formaci\u00f3n y asistencia a los creadores. La Fundaci\u00f3n recaba tambi\u00e9n el apoyo de la Unidad para la Igualdad de la Universidad de Sevilla y el \u00c1rea de Igualdad, Juventud y Relaciones con la Comunidad Universitaria del Ayuntamiento de Sevilla y la Universidad Loyola Andaluc\u00eda.<\/p>\n<p>&nbsp;<\/p>\n<p>&nbsp;<\/p>\n","protected":false},"excerpt":{"rendered":"<p>El Pol\u00edgono Sur se mostrar\u00e1 en el Teatro Alameda ma\u00f1ana jueves 17 de octubre a las 21.00 horas a trav\u00e9s del estreno del videoclip \u2018Aqu\u00ed Pol\u00edgono Sur\u2019, dirigido por el cineasta Paco Ba\u00f1os y con m\u00fasica del guitarrista Ra\u00fal Cantizano. Con esta pieza cierra su primera edici\u00f3n el proyecto \u2018Campus Pol\u00edgono Sur. Arte de contexto en la periferia\u2019 del Ayuntamiento de Sevilla, articulado a trav\u00e9s del Instituto de la Cultura y las Artes de Sevilla (ICAS) y la Factor\u00eda Cultural, y cuenta con el apoyo oficial de la Universidad Pablo de Olavide a trav\u00e9s del proyecto Atalaya \u2018Arte y Compromiso\u2019 y de la Fundaci\u00f3n SGAE.  <\/p>\n","protected":false},"author":6,"featured_media":30858314,"comment_status":"closed","ping_status":"open","sticky":false,"template":"","format":"standard","meta":{"_monsterinsights_skip_tracking":false,"_monsterinsights_sitenote_active":false,"_monsterinsights_sitenote_note":"","_monsterinsights_sitenote_category":0,"footnotes":""},"categories":[7],"tags":[4033,1842,621,3427,357,94,2667],"class_list":["post-30858312","post","type-post","status-publish","format-standard","has-post-thumbnail","hentry","category-cultura","tag-arte-y-compromiso","tag-audiovisual","tag-ayuntamiento-de-sevilla","tag-estreno","tag-poligono-sur","tag-proyecto-atalaya","tag-vicerrectorado-de-cultura-y-compromiso-social"],"_links":{"self":[{"href":"https:\/\/www.upo.es\/diario\/wp-json\/wp\/v2\/posts\/30858312","targetHints":{"allow":["GET"]}}],"collection":[{"href":"https:\/\/www.upo.es\/diario\/wp-json\/wp\/v2\/posts"}],"about":[{"href":"https:\/\/www.upo.es\/diario\/wp-json\/wp\/v2\/types\/post"}],"author":[{"embeddable":true,"href":"https:\/\/www.upo.es\/diario\/wp-json\/wp\/v2\/users\/6"}],"replies":[{"embeddable":true,"href":"https:\/\/www.upo.es\/diario\/wp-json\/wp\/v2\/comments?post=30858312"}],"version-history":[{"count":1,"href":"https:\/\/www.upo.es\/diario\/wp-json\/wp\/v2\/posts\/30858312\/revisions"}],"predecessor-version":[{"id":30858315,"href":"https:\/\/www.upo.es\/diario\/wp-json\/wp\/v2\/posts\/30858312\/revisions\/30858315"}],"wp:featuredmedia":[{"embeddable":true,"href":"https:\/\/www.upo.es\/diario\/wp-json\/wp\/v2\/media\/30858314"}],"wp:attachment":[{"href":"https:\/\/www.upo.es\/diario\/wp-json\/wp\/v2\/media?parent=30858312"}],"wp:term":[{"taxonomy":"category","embeddable":true,"href":"https:\/\/www.upo.es\/diario\/wp-json\/wp\/v2\/categories?post=30858312"},{"taxonomy":"post_tag","embeddable":true,"href":"https:\/\/www.upo.es\/diario\/wp-json\/wp\/v2\/tags?post=30858312"}],"curies":[{"name":"wp","href":"https:\/\/api.w.org\/{rel}","templated":true}]}}