{"id":30858332,"date":"2019-10-17T18:26:07","date_gmt":"2019-10-17T16:26:07","guid":{"rendered":"https:\/\/www.upo.es\/diario\/?p=30858332"},"modified":"2019-10-21T13:31:20","modified_gmt":"2019-10-21T11:31:20","slug":"un-seminario-aborda-manana-la-implementacion-de-planes-estrategicos-de-ciudad","status":"publish","type":"post","link":"https:\/\/www.upo.es\/diario\/docencia-formacion\/2019\/10\/un-seminario-aborda-manana-la-implementacion-de-planes-estrategicos-de-ciudad\/","title":{"rendered":"Un seminario aborda la implementaci\u00f3n de planes estrat\u00e9gicos de ciudad"},"content":{"rendered":"<figure id=\"attachment_30858366\" aria-describedby=\"caption-attachment-30858366\" style=\"width: 750px\" class=\"wp-caption aligncenter\"><a href=\"https:\/\/www.upo.es\/diario\/wp-content\/uploads\/2019\/10\/Presentacion-PE-Sevilla.jpeg\"><img loading=\"lazy\" decoding=\"async\" class=\"wp-image-30858366 size-large\" src=\"https:\/\/www.upo.es\/diario\/wp-content\/uploads\/2019\/10\/Presentacion-PE-Sevilla-750x364.jpeg\" alt=\"\" width=\"750\" height=\"364\" srcset=\"https:\/\/www.upo.es\/diario\/wp-content\/uploads\/2019\/10\/Presentacion-PE-Sevilla-750x364.jpeg 750w, https:\/\/www.upo.es\/diario\/wp-content\/uploads\/2019\/10\/Presentacion-PE-Sevilla-360x175.jpeg 360w, https:\/\/www.upo.es\/diario\/wp-content\/uploads\/2019\/10\/Presentacion-PE-Sevilla.jpeg 768w, https:\/\/www.upo.es\/diario\/wp-content\/uploads\/2019\/10\/Presentacion-PE-Sevilla-600x291.jpeg 600w\" sizes=\"auto, (max-width: 750px) 100vw, 750px\" \/><\/a><figcaption id=\"caption-attachment-30858366\" class=\"wp-caption-text\">Juan Espadas ha presentado el Plan Estrat\u00e9gico Sevilla 2030 a media docena de ciudades espa\u00f1olas durante el seminario organizado por el Departamento de Sociolog\u00eda de la UPO<\/figcaption><\/figure>\n<p>El alcalde de Sevilla<strong> Juan Espadas<\/strong> y el vicerrector de Estrategia, Empleabilidad y Emprendimiento de la Universidad Pablo de Olavide, <strong>Jos\u00e9 Manuel Feria<\/strong>, han inaugurado el <strong>seminario \u2018Implementaci\u00f3n de planes estrat\u00e9gicos de ciudad\u2019<\/strong>, un encuentro desarrollado en el marco del <strong>Seminario de Investigaci\u00f3n del Departamento de Sociolog\u00eda de la UPO<\/strong> y\u00a0 organizado en colaboraci\u00f3n con el <strong>Ayuntamiento de Sevilla, <\/strong>cuyo\u00a0 coordinador general de An\u00e1lisis, Datos y Planificaci\u00f3n Estrat\u00e9gica, Gaspar Llanes ha estado tambi\u00e9n presente en la inauguraci\u00f3n.<\/p>\n<p><u><a href=\"https:\/\/www.upo.es\/diario\/wp-content\/uploads\/2019\/10\/sem-sociologia-planes-estrategicos-sevilla.jpg\"><img loading=\"lazy\" decoding=\"async\" class=\"alignright size-medium wp-image-30858339\" src=\"https:\/\/www.upo.es\/diario\/wp-content\/uploads\/2019\/10\/sem-sociologia-planes-estrategicos-sevilla-360x255.jpg\" alt=\"\" width=\"360\" height=\"255\" srcset=\"https:\/\/www.upo.es\/diario\/wp-content\/uploads\/2019\/10\/sem-sociologia-planes-estrategicos-sevilla-360x255.jpg 360w, https:\/\/www.upo.es\/diario\/wp-content\/uploads\/2019\/10\/sem-sociologia-planes-estrategicos-sevilla-768x543.jpg 768w, https:\/\/www.upo.es\/diario\/wp-content\/uploads\/2019\/10\/sem-sociologia-planes-estrategicos-sevilla-750x530.jpg 750w, https:\/\/www.upo.es\/diario\/wp-content\/uploads\/2019\/10\/sem-sociologia-planes-estrategicos-sevilla-600x424.jpg 600w, https:\/\/www.upo.es\/diario\/wp-content\/uploads\/2019\/10\/sem-sociologia-planes-estrategicos-sevilla-1320x933.jpg 1320w\" sizes=\"auto, (max-width: 360px) 100vw, 360px\" \/><\/a><\/u>El seminario, que tiene por finalidad promover una <strong>jornada de debate y reflexi\u00f3n con especialistas en planificaci\u00f3n estrat\u00e9gica urbana de Espa\u00f1a<\/strong> para establecer los elementos fundamentales que definen los sistemas de implementaci\u00f3n de los planes estrat\u00e9gicos de ciudad, ha contado con las intervenciones de los <strong>responsables de los planes estrat\u00e9gicos de ciudades como San Sebasti\u00e1n, M\u00e1laga, Zaragoza, Bilbao, Barcelona y Sevilla<\/strong>.<\/p>\n<p>Seg\u00fan los directores cient\u00edficos del seminario, los profesores del Departamento de Sociolog\u00eda de la UPO <strong>Rafael Merinero Rodr\u00edguez <\/strong>y <strong>Mar\u00eda \u00c1ngeles Huete<\/strong>, el encuentro tiene un especial inter\u00e9s para la investigaci\u00f3n y la generaci\u00f3n de conocimiento, puesto que hasta ahora la mayor parte del conocimiento generado en torno a la planificaci\u00f3n estrat\u00e9gica de las ciudades se ha centrado en el proceso de elaboraci\u00f3n y dise\u00f1o de los mismos. Por lo tanto, se aporta una primera aproximaci\u00f3n a la comprensi\u00f3n de los elementos que inciden en la fase de implementaci\u00f3n de los mismos.<\/p>\n<p><strong>Plan Estrat\u00e9gico de Sevilla 2030<\/strong><\/p>\n<p>El <strong>seminario \u2018Implementaci\u00f3n de planes estrat\u00e9gicos de ciudad\u2019<\/strong> tambi\u00e9n es de inter\u00e9s para el Ayuntamiento de Sevilla, ya que el Plan Estrat\u00e9gico de Sevilla 2030 se encuentra actualmente dando los primeros pasos en su fase de implementaci\u00f3n y desarrollo.<\/p>\n<p>Representantes de grupos pol\u00edticos, agentes sociales y econ\u00f3micos (UGT, CCOO, C\u00e1mara y CES), las universidades de Sevilla y Pablo de Olavide, la Junta de Andaluc\u00eda, la Diputaci\u00f3n de Sevilla, el Gobierno central, el PCT Cartuja y el Puerto, as\u00ed como de asociaciones empresariales espec\u00edficas y otros colectivos de la sociedad civil, han participado en el texto que concluy\u00f3 el pasado mes de marzo su elaboraci\u00f3n con 6 objetivos de ciudad y 36 estrategias adaptadas a los ODS de Naciones Unidas.<\/p>\n<p>As\u00ed, la Sevilla de 2030 que se recoge en el documento se define como un espacio para el dinamismo econ\u00f3mico, la innovaci\u00f3n social y la sostenibilidad urbana. Una Sevilla metropolitana que, adem\u00e1s, desarrolla la gobernanza y promueve los derechos y la lucha contra las desigualdades econ\u00f3micas.<\/p>\n<p><strong>M\u00e1s informaci\u00f3n:<\/strong><\/p>\n<p><a href=\"https:\/\/www.upo.es\/sociologia\/wp-content\/uploads\/2019\/10\/programa-seminario-implementacion-planes-estrategicos-version-2-1-3.pdf\">Programa del seminario \u2018Implementaci\u00f3n de planes estrat\u00e9gicos de ciudad\u2019<\/a><\/p>\n","protected":false},"excerpt":{"rendered":"<p>El alcalde de Sevilla Juan Espadas y el vicerrector de Estrategia, Empleabilidad y Emprendimiento de la Universidad Pablo de Olavide, Jos\u00e9 Manuel Feria, han inaugurado el seminario \u2018Implementaci\u00f3n de planes estrat\u00e9gicos de ciudad\u2019, un encuentro desarrollado en el marco del Seminario de Investigaci\u00f3n del Departamento de Sociolog\u00eda de la UPO y\u00a0 organizado en colaboraci\u00f3n con el Ayuntamiento de Sevilla, cuyo\u00a0 coordinador general de An\u00e1lisis, Datos y Planificaci\u00f3n Estrat\u00e9gica, Gaspar Llanes ha estado tambi\u00e9n presente en la inauguraci\u00f3n.<\/p>\n","protected":false},"author":15,"featured_media":30858366,"comment_status":"closed","ping_status":"open","sticky":false,"template":"","format":"standard","meta":{"_monsterinsights_skip_tracking":false,"_monsterinsights_sitenote_active":false,"_monsterinsights_sitenote_note":"","_monsterinsights_sitenote_category":0,"footnotes":""},"categories":[2779],"tags":[621,1450,4180,2022,6301,550,4960,78,161,6103],"class_list":["post-30858332","post","type-post","status-publish","format-standard","has-post-thumbnail","hentry","category-docencia-formacion","tag-ayuntamiento-de-sevilla","tag-departamento-de-sociologia","tag-empleabilidad-y-emprendimiento","tag-jose-manuel-feria","tag-maria-angeles-huete","tag-plan-estrategico","tag-rafael-merinero","tag-seminario","tag-sevilla","tag-vicerrectorado-de-estrategia"],"_links":{"self":[{"href":"https:\/\/www.upo.es\/diario\/wp-json\/wp\/v2\/posts\/30858332","targetHints":{"allow":["GET"]}}],"collection":[{"href":"https:\/\/www.upo.es\/diario\/wp-json\/wp\/v2\/posts"}],"about":[{"href":"https:\/\/www.upo.es\/diario\/wp-json\/wp\/v2\/types\/post"}],"author":[{"embeddable":true,"href":"https:\/\/www.upo.es\/diario\/wp-json\/wp\/v2\/users\/15"}],"replies":[{"embeddable":true,"href":"https:\/\/www.upo.es\/diario\/wp-json\/wp\/v2\/comments?post=30858332"}],"version-history":[{"count":6,"href":"https:\/\/www.upo.es\/diario\/wp-json\/wp\/v2\/posts\/30858332\/revisions"}],"predecessor-version":[{"id":30858368,"href":"https:\/\/www.upo.es\/diario\/wp-json\/wp\/v2\/posts\/30858332\/revisions\/30858368"}],"wp:featuredmedia":[{"embeddable":true,"href":"https:\/\/www.upo.es\/diario\/wp-json\/wp\/v2\/media\/30858366"}],"wp:attachment":[{"href":"https:\/\/www.upo.es\/diario\/wp-json\/wp\/v2\/media?parent=30858332"}],"wp:term":[{"taxonomy":"category","embeddable":true,"href":"https:\/\/www.upo.es\/diario\/wp-json\/wp\/v2\/categories?post=30858332"},{"taxonomy":"post_tag","embeddable":true,"href":"https:\/\/www.upo.es\/diario\/wp-json\/wp\/v2\/tags?post=30858332"}],"curies":[{"name":"wp","href":"https:\/\/api.w.org\/{rel}","templated":true}]}}