{"id":30858352,"date":"2019-10-17T15:04:02","date_gmt":"2019-10-17T13:04:02","guid":{"rendered":"https:\/\/www.upo.es\/diario\/?p=30858352"},"modified":"2019-10-21T13:31:15","modified_gmt":"2019-10-21T11:31:15","slug":"arranca-la-programacion-de-actividades-de-la-catedra-andalucia-emprende-de-la-universidad-pablo-de-olavide","status":"publish","type":"post","link":"https:\/\/www.upo.es\/diario\/docencia-formacion\/2019\/10\/arranca-la-programacion-de-actividades-de-la-catedra-andalucia-emprende-de-la-universidad-pablo-de-olavide\/","title":{"rendered":"Arranca la programaci\u00f3n de actividades de la C\u00e1tedra Andaluc\u00eda Emprende de la Universidad Pablo de Olavide"},"content":{"rendered":"<figure id=\"attachment_30858353\" aria-describedby=\"caption-attachment-30858353\" style=\"width: 750px\" class=\"wp-caption aligncenter\"><a href=\"https:\/\/www.upo.es\/diario\/wp-content\/uploads\/2019\/10\/Coffee_FactoryMatters.jpg\"><img loading=\"lazy\" decoding=\"async\" class=\"size-large wp-image-30858353\" src=\"https:\/\/www.upo.es\/diario\/wp-content\/uploads\/2019\/10\/Coffee_FactoryMatters-750x563.jpg\" alt=\"\" width=\"750\" height=\"563\" srcset=\"https:\/\/www.upo.es\/diario\/wp-content\/uploads\/2019\/10\/Coffee_FactoryMatters-750x563.jpg 750w, https:\/\/www.upo.es\/diario\/wp-content\/uploads\/2019\/10\/Coffee_FactoryMatters-360x270.jpg 360w, https:\/\/www.upo.es\/diario\/wp-content\/uploads\/2019\/10\/Coffee_FactoryMatters-768x576.jpg 768w, https:\/\/www.upo.es\/diario\/wp-content\/uploads\/2019\/10\/Coffee_FactoryMatters-600x450.jpg 600w, https:\/\/www.upo.es\/diario\/wp-content\/uploads\/2019\/10\/Coffee_FactoryMatters-1320x990.jpg 1320w\" sizes=\"auto, (max-width: 750px) 100vw, 750px\" \/><\/a><figcaption id=\"caption-attachment-30858353\" class=\"wp-caption-text\">Primer Coffee &amp; Talks con Jos\u00e9 Miguel Carmona<\/figcaption><\/figure>\n<p>El programa de actividades de la C\u00e1tedra Andaluc\u00eda Emprende de la Universidad Pablo de Olavide, de Sevilla, ha dado el pistoletazo de salida, este jueves, con la celebraci\u00f3n del <strong>primer <em>Coffee &amp; Talks; un <\/em>innovador formato en el que, compartiendo un desayuno informal, los UPOemprendedores intercambian, de primera mano, experiencias y dudas con emprendedores de \u00e9xito<\/strong>. En este caso, Jos\u00e9 Miguel Carmona, responsable de la <em>startup<\/em> Factory Matters ha sido el primer ponente invitado y ha tratado el t\u00f3pico de\u00a0 \u2018Objetivos de Desarrollo Sostenible (ODS): Una oportunidad para emprender\u2019.<\/p>\n<p><strong><a href=\"https:\/\/www.upo.es\/diario\/wp-content\/uploads\/2019\/10\/Coffee-Factory-Matters_3.jpg\"><img loading=\"lazy\" decoding=\"async\" class=\"alignright size-medium wp-image-30858354\" src=\"https:\/\/www.upo.es\/diario\/wp-content\/uploads\/2019\/10\/Coffee-Factory-Matters_3-360x240.jpg\" alt=\"\" width=\"360\" height=\"240\" srcset=\"https:\/\/www.upo.es\/diario\/wp-content\/uploads\/2019\/10\/Coffee-Factory-Matters_3-360x240.jpg 360w, https:\/\/www.upo.es\/diario\/wp-content\/uploads\/2019\/10\/Coffee-Factory-Matters_3-768x512.jpg 768w, https:\/\/www.upo.es\/diario\/wp-content\/uploads\/2019\/10\/Coffee-Factory-Matters_3-750x500.jpg 750w, https:\/\/www.upo.es\/diario\/wp-content\/uploads\/2019\/10\/Coffee-Factory-Matters_3-600x400.jpg 600w, https:\/\/www.upo.es\/diario\/wp-content\/uploads\/2019\/10\/Coffee-Factory-Matters_3-165x109.jpg 165w, https:\/\/www.upo.es\/diario\/wp-content\/uploads\/2019\/10\/Coffee-Factory-Matters_3-1320x880.jpg 1320w\" sizes=\"auto, (max-width: 360px) 100vw, 360px\" \/><\/a>Jos\u00e9 Miguel Carmona, <\/strong>impulsor del Aprendizaje Basado en Factor\u00edas (ABF), ha puesto en valor la oportunidad de emprender en la actualidad, respetando los Objetivos de Desarrollo Sostenible que, aprobados en 2015 por la ONU, tienen como fin erradicar la pobreza, proteger el planeta y asegurar la prosperidad de todas las personas como parte de una nueva agenda mundial.<\/p>\n<p>Este sevillano fund\u00f3, junto a su hermano, <strong>Factory Matters, una empresa de educaci\u00f3n y tecnolog\u00eda, que genera recursos educativos de alta calidad y ofrece servicios espec\u00edficos para llevar el ABF a la comunidad educativa con garant\u00eda de \u00e9xito<\/strong>. Carmona define el ABF como \u201cuna metodolog\u00eda educativa que transforma el aula en una factor\u00eda de creaci\u00f3n tecnol\u00f3gica. Generando una experiencia inmensamente motivadora en la que el alumnado simula la creaci\u00f3n de una factor\u00eda digital para generar soluciones tecnol\u00f3gicas con las que mejorar el mundo y sensibilizar en el uso de las tecnolog\u00edas educativas para buscar soluciones responsables y sostenibles a necesidades sociales\u201d.<\/p>\n<p>En opini\u00f3n del<strong> vicerrector de Estrategia, Empleabilidad y Emprendimiento, Jos\u00e9 Manuel Feria<\/strong>, \u201cLa UPO es ya un referente en el emprendimiento universitario. Adem\u00e1s de contar con el primer Centro Andaluz de Emprendimiento (CADE-UPO) en Andaluc\u00eda asociado a un espacio de <em>coworking<\/em> dentro de su campus, la C\u00e1tedra Andaluc\u00eda Emprende viene a reforzar a\u00fan m\u00e1s si cabe dicho liderazgo. Y es que \u00e9sta se ha concebido y dise\u00f1ado como una herramienta de compromiso y transformaci\u00f3n social por cuanto el emprendimiento universitario es un emprendimiento de calidad, basado en la innovaci\u00f3n y el conocimiento, catalizador de las necesidades sociales y generador de empleo\u201d.<\/p>\n<p>En l\u00ednea con el IV Plan Estrat\u00e9gico (UPOProyecta), la programaci\u00f3n de actividades de la c\u00e1tedra est\u00e1 dirigida al fomento de la cultura emprendedora entre los miembros de la comunidad universitaria y se desarrollar\u00e1n entre octubre de 2019 y febrero de 2020, teniendo como principal punto de encuentro el CADE-UPO.<\/p>\n<p>Adem\u00e1s de los <em>Coffee &amp; Talks, <\/em>en esta segunda edici\u00f3n de la C\u00e1tedra Andaluc\u00eda Emprende de la UPO, se contempla la oferta de pr\u00e1cticas extracurriculares remuneradas en startups, la formaci\u00f3n especializada en materia de emprendimiento dirigida al PDI como embajadores del emprendimiento en las aulas, la ronda de apadrinamiento del talento emprendedor por asociaciones empresariales y <em>business angels<\/em>, as\u00ed como la celebraci\u00f3n de acciones espec\u00edficas para promover la internacionalizaci\u00f3n del emprendimiento. La c\u00e1tedra Andaluc\u00eda Emprende se encuentra financiada a trav\u00e9s de la Secretar\u00eda de Empresa, Innovaci\u00f3n y Emprendimiento de la Consejer\u00eda de Econom\u00eda, Conocimiento, Empresa y Universidad de la Junta de Andaluc\u00eda, , y cuenta con el apoyo del equipo t\u00e9cnico del \u00c1rea de Empleabilidad y Emprendimiento de la Fundaci\u00f3n UPO, en colaboraci\u00f3n con la Fundaci\u00f3n Andaluc\u00eda Emprende, para su trasposici\u00f3n.<\/p>\n<p>M\u00e1s informaci\u00f3n: <a href=\"https:\/\/www.upo.es\/fundaciones\/fundacion-universidad-pablo-de-olavide\/empleo-y-emprendimiento\/orientacion-profesional\/\">web con la programaci\u00f3n<\/a> y <a href=\"https:\/\/www.upo.es\/fundaciones\/fundacion-universidad-pablo-de-olavide\/empleo-y-emprendimiento\/orientacion-profesional\/inscripcion-a-los-talleres-del-area-de-empleabilidad-y-emprendimiento\/\">enlace a inscripciones<\/a><\/p>\n","protected":false},"excerpt":{"rendered":"<p>El programa de actividades de la C\u00e1tedra Andaluc\u00eda Emprende de la Universidad Pablo de Olavide, de Sevilla, ha dado el pistoletazo de salida, este jueves, con la celebraci\u00f3n del primer Coffee &#038; Talks; un innovador formato en el que, compartiendo un desayuno informal, los UPOemprendedores intercambian, de primera mano, experiencias y dudas con emprendedores de \u00e9xito. En este caso, Jos\u00e9 Miguel Carmona, responsable de la startup Factory Matters ha sido el primer ponente invitado y ha tratado el t\u00f3pico de  \u2018Objetivos de Desarrollo Sostenible (ODS): Una oportunidad para emprender\u2019.<\/p>\n","protected":false},"author":6,"featured_media":30858353,"comment_status":"closed","ping_status":"open","sticky":false,"template":"","format":"standard","meta":{"_monsterinsights_skip_tracking":false,"_monsterinsights_sitenote_active":false,"_monsterinsights_sitenote_note":"","_monsterinsights_sitenote_category":0,"footnotes":""},"categories":[2779],"tags":[5629,227,2022,242],"class_list":["post-30858352","post","type-post","status-publish","format-standard","has-post-thumbnail","hentry","category-docencia-formacion","tag-catedra-andalucia-emprende","tag-conferencia","tag-jose-manuel-feria","tag-upoemprende"],"_links":{"self":[{"href":"https:\/\/www.upo.es\/diario\/wp-json\/wp\/v2\/posts\/30858352","targetHints":{"allow":["GET"]}}],"collection":[{"href":"https:\/\/www.upo.es\/diario\/wp-json\/wp\/v2\/posts"}],"about":[{"href":"https:\/\/www.upo.es\/diario\/wp-json\/wp\/v2\/types\/post"}],"author":[{"embeddable":true,"href":"https:\/\/www.upo.es\/diario\/wp-json\/wp\/v2\/users\/6"}],"replies":[{"embeddable":true,"href":"https:\/\/www.upo.es\/diario\/wp-json\/wp\/v2\/comments?post=30858352"}],"version-history":[{"count":1,"href":"https:\/\/www.upo.es\/diario\/wp-json\/wp\/v2\/posts\/30858352\/revisions"}],"predecessor-version":[{"id":30858355,"href":"https:\/\/www.upo.es\/diario\/wp-json\/wp\/v2\/posts\/30858352\/revisions\/30858355"}],"wp:featuredmedia":[{"embeddable":true,"href":"https:\/\/www.upo.es\/diario\/wp-json\/wp\/v2\/media\/30858353"}],"wp:attachment":[{"href":"https:\/\/www.upo.es\/diario\/wp-json\/wp\/v2\/media?parent=30858352"}],"wp:term":[{"taxonomy":"category","embeddable":true,"href":"https:\/\/www.upo.es\/diario\/wp-json\/wp\/v2\/categories?post=30858352"},{"taxonomy":"post_tag","embeddable":true,"href":"https:\/\/www.upo.es\/diario\/wp-json\/wp\/v2\/tags?post=30858352"}],"curies":[{"name":"wp","href":"https:\/\/api.w.org\/{rel}","templated":true}]}}