{"id":30858450,"date":"2019-10-23T10:58:16","date_gmt":"2019-10-23T08:58:16","guid":{"rendered":"https:\/\/www.upo.es\/diario\/?p=30858450"},"modified":"2019-10-23T13:11:51","modified_gmt":"2019-10-23T11:11:51","slug":"estudiantes-de-la-universidad-pablo-de-olavide-realizaran-practicas-en-el-consejo-economico-y-social-de-andalucia-4","status":"publish","type":"post","link":"https:\/\/www.upo.es\/diario\/institucional\/2019\/10\/estudiantes-de-la-universidad-pablo-de-olavide-realizaran-practicas-en-el-consejo-economico-y-social-de-andalucia-4\/","title":{"rendered":"Estudiantes de la Universidad Pablo de Olavide realizar\u00e1n pr\u00e1cticas en el Consejo Econ\u00f3mico y Social de Andaluc\u00eda"},"content":{"rendered":"<p><a href=\"https:\/\/www.upo.es\/diario\/wp-content\/uploads\/2019\/10\/Convenio-UPO-CES_2.jpg\"><img loading=\"lazy\" decoding=\"async\" class=\"alignright size-medium wp-image-30858452\" src=\"https:\/\/www.upo.es\/diario\/wp-content\/uploads\/2019\/10\/Convenio-UPO-CES_2-360x270.jpg\" alt=\"\" width=\"360\" height=\"270\" srcset=\"https:\/\/www.upo.es\/diario\/wp-content\/uploads\/2019\/10\/Convenio-UPO-CES_2-360x270.jpg 360w, https:\/\/www.upo.es\/diario\/wp-content\/uploads\/2019\/10\/Convenio-UPO-CES_2-768x576.jpg 768w, https:\/\/www.upo.es\/diario\/wp-content\/uploads\/2019\/10\/Convenio-UPO-CES_2-750x563.jpg 750w, https:\/\/www.upo.es\/diario\/wp-content\/uploads\/2019\/10\/Convenio-UPO-CES_2-600x450.jpg 600w, https:\/\/www.upo.es\/diario\/wp-content\/uploads\/2019\/10\/Convenio-UPO-CES_2.jpg 1600w, https:\/\/www.upo.es\/diario\/wp-content\/uploads\/2019\/10\/Convenio-UPO-CES_2-1320x990.jpg 1320w\" sizes=\"auto, (max-width: 360px) 100vw, 360px\" \/><\/a>El rector de la Universidad Pablo de Olavide, <strong>Vicente Guzm\u00e1n Fluja<\/strong>, y el presidente del Consejo Econ\u00f3mico y Social de Andaluc\u00eda (CES), <strong>\u00c1ngel Gallego Morales<\/strong>, han renovado, en la sede de CES, el convenio de cooperaci\u00f3n educativa que permite que estudiantes de la UPO realicen pr\u00e1cticas curriculares externas de naturaleza formativa en dicha instituci\u00f3n.<\/p>\n<p>Tras cinco a\u00f1os de colaboraci\u00f3n en los que estudiantes de la UPO han desarrollado pr\u00e1cticas en este \u00f3rgano consultivo del Gobierno de Andaluc\u00eda en materia econ\u00f3mica y social, <strong>ambas entidades ratifican de nuevo este convenio cuya finalidad es mejorar la cualificaci\u00f3n profesional del alumnado universitario, favoreciendo la adquisici\u00f3n de competencias que les preparen para los ejercicios de sus actividades profesionales, faciliten su empleabilidad y fomenten su capacidad de emprendimiento<\/strong>.<\/p>\n<p>En concreto, durante estos a\u00f1os han realizado pr\u00e1cticas en el CES un total de 18 alumnos de la Universidad Pablo de Olavide fundamentalmente del Grado de An\u00e1lisis Econ\u00f3mico, pero tambi\u00e9n del Grado de Ciencias Pol\u00edticas y de la Administraci\u00f3n y del doble Grado en Derecho y Ciencias Pol\u00edticas y de la Administraci\u00f3n.<\/p>\n<p>Estas pr\u00e1cticas curriculares en el Consejo Econ\u00f3mico y Social de Andaluc\u00eda ser\u00e1n gestionadas a trav\u00e9s de la Fundaci\u00f3n Universidad Pablo de Olavide, entidad que tiene el encargo de la Universidad para gestionar este servicio. Concretamente, la gesti\u00f3n se realizar\u00e1 a trav\u00e9s del \u00c1rea de Pr\u00e1cticas en Empresas, que es el departamento encargado de las pr\u00e1cticas externas curriculares y extracurriculares de los alumnos de la UPO.<\/p>\n<p>El Consejo Econ\u00f3mico y Social es un \u00f3rgano consultivo y de participaci\u00f3n social del Gobierno andaluz en materia socioecon\u00f3mica, que sirve de canal de di\u00e1logo permanente entre la sociedad civil organizada y el gobierno auton\u00f3mico.<\/p>\n<p>&nbsp;<\/p>\n","protected":false},"excerpt":{"rendered":"<p>El rector de la Universidad Pablo de Olavide, Vicente Guzm\u00e1n Fluja, y el presidente del Consejo Econ\u00f3mico y Social de Andaluc\u00eda (CES), \u00c1ngel Gallego Morales, han renovado, en la sede de CES, el convenio de cooperaci\u00f3n educativa que permite que estudiantes de la UPO realicen pr\u00e1cticas curriculares externas de naturaleza formativa en dicha instituci\u00f3n.<\/p>\n","protected":false},"author":6,"featured_media":30858452,"comment_status":"closed","ping_status":"open","sticky":false,"template":"","format":"standard","meta":{"_monsterinsights_skip_tracking":false,"_monsterinsights_sitenote_active":false,"_monsterinsights_sitenote_note":"","_monsterinsights_sitenote_category":0,"footnotes":""},"categories":[6],"tags":[190,981,6316,326,65,106],"class_list":["post-30858450","post","type-post","status-publish","format-standard","has-post-thumbnail","hentry","category-institucional","tag-andalucia","tag-ces","tag-consejo-economico-y-social","tag-convenio","tag-practicas","tag-vicente-c-guzman"],"_links":{"self":[{"href":"https:\/\/www.upo.es\/diario\/wp-json\/wp\/v2\/posts\/30858450","targetHints":{"allow":["GET"]}}],"collection":[{"href":"https:\/\/www.upo.es\/diario\/wp-json\/wp\/v2\/posts"}],"about":[{"href":"https:\/\/www.upo.es\/diario\/wp-json\/wp\/v2\/types\/post"}],"author":[{"embeddable":true,"href":"https:\/\/www.upo.es\/diario\/wp-json\/wp\/v2\/users\/6"}],"replies":[{"embeddable":true,"href":"https:\/\/www.upo.es\/diario\/wp-json\/wp\/v2\/comments?post=30858450"}],"version-history":[{"count":1,"href":"https:\/\/www.upo.es\/diario\/wp-json\/wp\/v2\/posts\/30858450\/revisions"}],"predecessor-version":[{"id":30858453,"href":"https:\/\/www.upo.es\/diario\/wp-json\/wp\/v2\/posts\/30858450\/revisions\/30858453"}],"wp:featuredmedia":[{"embeddable":true,"href":"https:\/\/www.upo.es\/diario\/wp-json\/wp\/v2\/media\/30858452"}],"wp:attachment":[{"href":"https:\/\/www.upo.es\/diario\/wp-json\/wp\/v2\/media?parent=30858450"}],"wp:term":[{"taxonomy":"category","embeddable":true,"href":"https:\/\/www.upo.es\/diario\/wp-json\/wp\/v2\/categories?post=30858450"},{"taxonomy":"post_tag","embeddable":true,"href":"https:\/\/www.upo.es\/diario\/wp-json\/wp\/v2\/tags?post=30858450"}],"curies":[{"name":"wp","href":"https:\/\/api.w.org\/{rel}","templated":true}]}}