{"id":30858460,"date":"2019-10-23T14:55:23","date_gmt":"2019-10-23T12:55:23","guid":{"rendered":"https:\/\/www.upo.es\/diario\/?p=30858460"},"modified":"2019-10-24T15:31:11","modified_gmt":"2019-10-24T13:31:11","slug":"comienza-en-la-upo-la-sexta-edicion-del-curso-de-espanol-para-refugiados-e-inmigrantes","status":"publish","type":"post","link":"https:\/\/www.upo.es\/diario\/cultura-social\/2019\/10\/comienza-en-la-upo-la-sexta-edicion-del-curso-de-espanol-para-refugiados-e-inmigrantes\/","title":{"rendered":"Comienza en la UPO la sexta edici\u00f3n del curso de espa\u00f1ol para refugiados e inmigrantes"},"content":{"rendered":"<p><img loading=\"lazy\" decoding=\"async\" class=\"alignright size-medium wp-image-14313007\" src=\"https:\/\/www.upo.es\/diario\/wp-content\/uploads\/2016\/07\/map-of-the-world-1005413_1280-320x206.jpg\" alt=\"\" width=\"320\" height=\"206\" srcset=\"https:\/\/www.upo.es\/diario\/wp-content\/uploads\/2016\/07\/map-of-the-world-1005413_1280-320x206.jpg 320w, https:\/\/www.upo.es\/diario\/wp-content\/uploads\/2016\/07\/map-of-the-world-1005413_1280-600x387.jpg 600w, https:\/\/www.upo.es\/diario\/wp-content\/uploads\/2016\/07\/map-of-the-world-1005413_1280.jpg 1280w\" sizes=\"auto, (max-width: 320px) 100vw, 320px\" \/>Esta semana comienza en la Universidad Pablo de Olavide la sexta edici\u00f3n del curso de espa\u00f1ol para refugiados e inmigrantes, cuyas clases son gratuitas para aquellas personas que acrediten esta condici\u00f3n. Este curso se prolongar\u00e1 hasta mediados de diciembre y <strong>para esta nueva edici\u00f3n se han inscrito 30 personas procedentes de Mali, Nigeria, Camer\u00fan, Costa de Marfil, Ucrania, Sierra Leona, Ghana, Guinea y Argelia<\/strong>.<\/p>\n<p>El objetivo de este curso es promover que los refugiados y refugiadas que llegan a Sevilla adquieran conocimientos b\u00e1sicos de espa\u00f1ol para que puedan relacionarse con un entorno que no les sea hostil desde el punto de vista ling\u00fc\u00edstico. Se pretende, tambi\u00e9n, favorecer la comunicaci\u00f3n de los refugiados e inmigrantes con la comunidad de acogida, ayudando as\u00ed a su integraci\u00f3n social y laboral.<\/p>\n<p>La Universidad Pablo de Olavide, a trav\u00e9s del <strong>vicerrectorado de Internacionalizaci\u00f3n<\/strong> y del <strong>vicerrectorado de Postgrado y Formaci\u00f3n Permanente<\/strong>, organiza estos cursos dentro de su programa de t\u00edtulos propios. De esta forma, la UPO suscribe el acuerdo de la Asamblea General de CRUE Universidades Espa\u00f1olas, del 7 de septiembre de 2015, por el que se determina que estas instituciones no pueden permanecer indiferentes ante el drama de la poblaci\u00f3n refugiada.<\/p>\n<p>A este esfuerzo por dar cumplimiento al acuerdo de la CRUE, se une el compromiso y la solidaridad que desde sus or\u00edgenes tiene la Universidad Pablo de Olavide con los grupos m\u00e1s vulnerables de la sociedad, tal como reflejan sus estatutos cuando define como parte de su misi\u00f3n \u201cla realizaci\u00f3n de actividades e iniciativas que contribuyan al impulso de la igualdad entre hombres y mujeres, el apoyo permanente a las personas con necesidades especiales, la cultura de la paz, el desarrollo sostenible y el respeto al medio ambiente\u201d. As\u00ed mismo, el Plan Propio de Cooperaci\u00f3n Internacional al Desarrollo de la Universidad establece como uno de sus principales ejes de actuaci\u00f3n la lucha contra la pobreza a trav\u00e9s de la educaci\u00f3n.<\/p>\n<p>&nbsp;<\/p>\n","protected":false},"excerpt":{"rendered":"<p> Esta semana comienza en la Universidad Pablo de Olavide la sexta edici\u00f3n del curso de espa\u00f1ol para refugiados e inmigrantes, cuyas clases son gratuitas para aquellas personas que acrediten esta condici\u00f3n. Este curso se prolongar\u00e1 hasta mediados de diciembre y para esta nueva edici\u00f3n se han inscrito 30 personas procedentes de Mali, Nigeria, Camer\u00fan, Costa de Marfil, Ucrania, Sierra Leona, Ghana, Guinea y Argelia.<\/p>\n","protected":false},"author":6,"featured_media":14313007,"comment_status":"closed","ping_status":"open","sticky":false,"template":"","format":"standard","meta":{"_monsterinsights_skip_tracking":false,"_monsterinsights_sitenote_active":false,"_monsterinsights_sitenote_note":"","_monsterinsights_sitenote_category":0,"footnotes":""},"categories":[5843],"tags":[3144,4124,141,1187,82,2582,1320,3620],"class_list":["post-30858460","post","type-post","status-publish","format-standard","has-post-thumbnail","hentry","category-cultura-social","tag-cooperacion-internacional","tag-crue-universidades-espanolas","tag-curso","tag-espanol","tag-postgrado","tag-refugiados","tag-titulos-propios","tag-vicerrectorado-de-internacionalizacion"],"_links":{"self":[{"href":"https:\/\/www.upo.es\/diario\/wp-json\/wp\/v2\/posts\/30858460","targetHints":{"allow":["GET"]}}],"collection":[{"href":"https:\/\/www.upo.es\/diario\/wp-json\/wp\/v2\/posts"}],"about":[{"href":"https:\/\/www.upo.es\/diario\/wp-json\/wp\/v2\/types\/post"}],"author":[{"embeddable":true,"href":"https:\/\/www.upo.es\/diario\/wp-json\/wp\/v2\/users\/6"}],"replies":[{"embeddable":true,"href":"https:\/\/www.upo.es\/diario\/wp-json\/wp\/v2\/comments?post=30858460"}],"version-history":[{"count":1,"href":"https:\/\/www.upo.es\/diario\/wp-json\/wp\/v2\/posts\/30858460\/revisions"}],"predecessor-version":[{"id":30858461,"href":"https:\/\/www.upo.es\/diario\/wp-json\/wp\/v2\/posts\/30858460\/revisions\/30858461"}],"wp:featuredmedia":[{"embeddable":true,"href":"https:\/\/www.upo.es\/diario\/wp-json\/wp\/v2\/media\/14313007"}],"wp:attachment":[{"href":"https:\/\/www.upo.es\/diario\/wp-json\/wp\/v2\/media?parent=30858460"}],"wp:term":[{"taxonomy":"category","embeddable":true,"href":"https:\/\/www.upo.es\/diario\/wp-json\/wp\/v2\/categories?post=30858460"},{"taxonomy":"post_tag","embeddable":true,"href":"https:\/\/www.upo.es\/diario\/wp-json\/wp\/v2\/tags?post=30858460"}],"curies":[{"name":"wp","href":"https:\/\/api.w.org\/{rel}","templated":true}]}}