{"id":30858498,"date":"2019-10-25T12:01:12","date_gmt":"2019-10-25T10:01:12","guid":{"rendered":"https:\/\/www.upo.es\/diario\/?p=30858498"},"modified":"2019-10-25T12:01:26","modified_gmt":"2019-10-25T10:01:26","slug":"juana-bores-leal-estudiante-de-la-upo-representa-a-espana-en-el-europeo-de-gimnasia-acrobatica-en-israel","status":"publish","type":"post","link":"https:\/\/www.upo.es\/diario\/comunidad\/2019\/10\/juana-bores-leal-estudiante-de-la-upo-representa-a-espana-en-el-europeo-de-gimnasia-acrobatica-en-israel\/","title":{"rendered":"Juana Bores Leal, estudiante de la UPO, representa a Espa\u00f1a en el Europeo de Gimnasia Acrob\u00e1tica en Israel"},"content":{"rendered":"<p><a href=\"https:\/\/www.upo.es\/diario\/wp-content\/uploads\/2019\/10\/gimnasiaacrobatica1.jpg\"><img loading=\"lazy\" decoding=\"async\" class=\"aligncenter size-large wp-image-30858499\" src=\"https:\/\/www.upo.es\/diario\/wp-content\/uploads\/2019\/10\/gimnasiaacrobatica1-750x500.jpg\" alt=\"\" width=\"750\" height=\"500\" srcset=\"https:\/\/www.upo.es\/diario\/wp-content\/uploads\/2019\/10\/gimnasiaacrobatica1-750x500.jpg 750w, https:\/\/www.upo.es\/diario\/wp-content\/uploads\/2019\/10\/gimnasiaacrobatica1-360x240.jpg 360w, https:\/\/www.upo.es\/diario\/wp-content\/uploads\/2019\/10\/gimnasiaacrobatica1-768x512.jpg 768w, https:\/\/www.upo.es\/diario\/wp-content\/uploads\/2019\/10\/gimnasiaacrobatica1-600x400.jpg 600w, https:\/\/www.upo.es\/diario\/wp-content\/uploads\/2019\/10\/gimnasiaacrobatica1-165x109.jpg 165w, https:\/\/www.upo.es\/diario\/wp-content\/uploads\/2019\/10\/gimnasiaacrobatica1-1320x879.jpg 1320w, https:\/\/www.upo.es\/diario\/wp-content\/uploads\/2019\/10\/gimnasiaacrobatica1.jpg 1600w\" sizes=\"auto, (max-width: 750px) 100vw, 750px\" \/><\/a>La deportista Juana Bores, estudiante de la Universidad Pablo de Olavide, obtuvo el pasado mes de junio en el Campeonato de Espa\u00f1a la clasificaci\u00f3n para representar a la delegaci\u00f3n espa\u00f1ola en el Campeonato de Europa de Gimnasia Acrob\u00e1tica, que se celebra entre el 24 y el 27 de octubre en Hol\u00f3n (Israel). La gimnasta nazarena, que comienza su andadura en este europeo el jueves en ejercicio est\u00e1tico, tiene ante s\u00ed una oportunidad magn\u00edfica para rehacerse y mejorar su actuaci\u00f3n del \u00faltimo torneo disputado en Lisboa, donde qued\u00f3 en novena posici\u00f3n.<\/p>\n<p>El equipo nacional estar\u00e1 conformado por una veintena de gimnastas divididos en varias categor\u00edas, iniciando su participaci\u00f3n en este europeo en el grupo de 11-16 y en la modalidad mixta a eso de las 16,00 horas de este jueves. No obstante, hasta las 17,12 horas no se estrenar\u00e1 Juana Bores, y lo har\u00e1 junto a sus compa\u00f1eras de tr\u00edo, Amaya Echevarrieta y Alejandra Reyes, todas ellas del Club Deportivo Pyr\u00e1midos.<\/p>\n<figure id=\"attachment_30858500\" aria-describedby=\"caption-attachment-30858500\" style=\"width: 360px\" class=\"wp-caption alignright\"><a href=\"https:\/\/www.upo.es\/diario\/wp-content\/uploads\/2019\/10\/gimnasiaacrobatica2.jpg\"><img loading=\"lazy\" decoding=\"async\" class=\"size-medium wp-image-30858500\" src=\"https:\/\/www.upo.es\/diario\/wp-content\/uploads\/2019\/10\/gimnasiaacrobatica2-360x279.jpg\" alt=\"\" width=\"360\" height=\"279\" srcset=\"https:\/\/www.upo.es\/diario\/wp-content\/uploads\/2019\/10\/gimnasiaacrobatica2-360x279.jpg 360w, https:\/\/www.upo.es\/diario\/wp-content\/uploads\/2019\/10\/gimnasiaacrobatica2-768x596.jpg 768w, https:\/\/www.upo.es\/diario\/wp-content\/uploads\/2019\/10\/gimnasiaacrobatica2-750x582.jpg 750w, https:\/\/www.upo.es\/diario\/wp-content\/uploads\/2019\/10\/gimnasiaacrobatica2-600x466.jpg 600w, https:\/\/www.upo.es\/diario\/wp-content\/uploads\/2019\/10\/gimnasiaacrobatica2-1320x1025.jpg 1320w, https:\/\/www.upo.es\/diario\/wp-content\/uploads\/2019\/10\/gimnasiaacrobatica2.jpg 1600w\" sizes=\"auto, (max-width: 360px) 100vw, 360px\" \/><\/a><figcaption id=\"caption-attachment-30858500\" class=\"wp-caption-text\">Juana Bores, a la derecha, junto a sus compa\u00f1eras de tr\u00edo y el entrenador, Ismael Moya.<\/figcaption><\/figure>\n<p>La ceremonia de apertura del europeo tendr\u00e1 lugar a las 15,00 horas, en horario local,\u00a0 en el <em>Toto Hall <\/em>de Holon. El campeonato comenzar\u00e1 con las competiciones de <em>Age Group <\/em>y los gimnastas competir\u00e1n en el grupo de edad de 11 a 16 o de 12 a 18 a\u00f1os. Adem\u00e1s, 27 federaciones nacionales se han registrado en esta competici\u00f3n con 225 gimnastas para el 11-16 y 204 en la categor\u00eda 12-18.<\/p>\n<p><strong>Formato de la competici\u00f3n<\/strong><strong>\u00a0<\/strong><\/p>\n<p>Todas las parejas y grupos deben de realizar dos ejercicios de clasificaci\u00f3n: uno est\u00e1tico y otro din\u00e1mico. El puntaje combinado determinar\u00e1 los ocho finalistas, con un l\u00edmite de un participante por pa\u00eds. Adem\u00e1s, avanzan los seis mejores si hay menos de 12 participantes en el registro definitivo o 10 si hay m\u00e1s de 30 participantes.<\/p>\n<p>Por otro lado, en la fase final los m\u00e1s peque\u00f1os (11-16) realizan su ejercicio din\u00e1mico (parejas mixtas y grupos de mujeres) o est\u00e1tico (parejas de mujeres, parejas de hombres y grupos de hombres) nuevamente. Mientras que los finalistas de 12 a 18 realizan su rutina combinada. Asimismo, la puntuaci\u00f3n comienza desde cero en esta fase.<\/p>\n<p><strong>\u00a0<\/strong><\/p>\n","protected":false},"excerpt":{"rendered":"<p>La deportista Juana Bores, estudiante de la Universidad Pablo de Olavide, obtuvo el pasado mes de junio en el Campeonato de Espa\u00f1a la clasificaci\u00f3n para representar a la delegaci\u00f3n espa\u00f1ola en el Campeonato de Europa de Gimnasia Acrob\u00e1tica, que se celebra entre el 24 y el 27 de octubre en Hol\u00f3n (Israel). La gimnasta nazarena, que comienza su andadura en<a class=\"read-more\" href=\"https:\/\/www.upo.es\/diario\/comunidad\/2019\/10\/juana-bores-leal-estudiante-de-la-upo-representa-a-espana-en-el-europeo-de-gimnasia-acrobatica-en-israel\/\">[Read More&#8230;]<\/a><\/p>\n","protected":false},"author":4,"featured_media":30858499,"comment_status":"closed","ping_status":"open","sticky":false,"template":"","format":"standard","meta":{"_monsterinsights_skip_tracking":false,"_monsterinsights_sitenote_active":false,"_monsterinsights_sitenote_note":"","_monsterinsights_sitenote_category":0,"footnotes":""},"categories":[5842],"tags":[541,1354,6319,491],"class_list":["post-30858498","post","type-post","status-publish","format-standard","has-post-thumbnail","hentry","category-comunidad","tag-deporte","tag-gimnasia-acrobatica","tag-juana-bores","tag-upo"],"_links":{"self":[{"href":"https:\/\/www.upo.es\/diario\/wp-json\/wp\/v2\/posts\/30858498","targetHints":{"allow":["GET"]}}],"collection":[{"href":"https:\/\/www.upo.es\/diario\/wp-json\/wp\/v2\/posts"}],"about":[{"href":"https:\/\/www.upo.es\/diario\/wp-json\/wp\/v2\/types\/post"}],"author":[{"embeddable":true,"href":"https:\/\/www.upo.es\/diario\/wp-json\/wp\/v2\/users\/4"}],"replies":[{"embeddable":true,"href":"https:\/\/www.upo.es\/diario\/wp-json\/wp\/v2\/comments?post=30858498"}],"version-history":[{"count":1,"href":"https:\/\/www.upo.es\/diario\/wp-json\/wp\/v2\/posts\/30858498\/revisions"}],"predecessor-version":[{"id":30858501,"href":"https:\/\/www.upo.es\/diario\/wp-json\/wp\/v2\/posts\/30858498\/revisions\/30858501"}],"wp:featuredmedia":[{"embeddable":true,"href":"https:\/\/www.upo.es\/diario\/wp-json\/wp\/v2\/media\/30858499"}],"wp:attachment":[{"href":"https:\/\/www.upo.es\/diario\/wp-json\/wp\/v2\/media?parent=30858498"}],"wp:term":[{"taxonomy":"category","embeddable":true,"href":"https:\/\/www.upo.es\/diario\/wp-json\/wp\/v2\/categories?post=30858498"},{"taxonomy":"post_tag","embeddable":true,"href":"https:\/\/www.upo.es\/diario\/wp-json\/wp\/v2\/tags?post=30858498"}],"curies":[{"name":"wp","href":"https:\/\/api.w.org\/{rel}","templated":true}]}}