{"id":30858513,"date":"2019-10-28T11:22:22","date_gmt":"2019-10-28T10:22:22","guid":{"rendered":"https:\/\/www.upo.es\/diario\/?p=30858513"},"modified":"2019-10-29T15:09:53","modified_gmt":"2019-10-29T14:09:53","slug":"la-artista-roxana-pineda-imparte-en-la-upo-las-jornadas-mujeres-y-artes-escenicas","status":"publish","type":"post","link":"https:\/\/www.upo.es\/diario\/docencia-formacion\/2019\/10\/la-artista-roxana-pineda-imparte-en-la-upo-las-jornadas-mujeres-y-artes-escenicas\/","title":{"rendered":"La artista Roxana Pineda imparte en la UPO las Jornadas \u2018Mujeres y Artes Esc\u00e9nicas\u2019"},"content":{"rendered":"<figure id=\"attachment_30858514\" aria-describedby=\"caption-attachment-30858514\" style=\"width: 360px\" class=\"wp-caption alignright\"><a href=\"https:\/\/www.upo.es\/diario\/wp-content\/uploads\/2019\/10\/Mujeres-Artes-Escenicas_2019_10_28_04.jpg\"><img loading=\"lazy\" decoding=\"async\" class=\"wp-image-30858514 size-medium\" src=\"https:\/\/www.upo.es\/diario\/wp-content\/uploads\/2019\/10\/Mujeres-Artes-Escenicas_2019_10_28_04-360x203.jpg\" alt=\"\" width=\"360\" height=\"203\" srcset=\"https:\/\/www.upo.es\/diario\/wp-content\/uploads\/2019\/10\/Mujeres-Artes-Escenicas_2019_10_28_04-360x203.jpg 360w, https:\/\/www.upo.es\/diario\/wp-content\/uploads\/2019\/10\/Mujeres-Artes-Escenicas_2019_10_28_04-768x432.jpg 768w, https:\/\/www.upo.es\/diario\/wp-content\/uploads\/2019\/10\/Mujeres-Artes-Escenicas_2019_10_28_04-750x422.jpg 750w, https:\/\/www.upo.es\/diario\/wp-content\/uploads\/2019\/10\/Mujeres-Artes-Escenicas_2019_10_28_04-600x338.jpg 600w, https:\/\/www.upo.es\/diario\/wp-content\/uploads\/2019\/10\/Mujeres-Artes-Escenicas_2019_10_28_04-1320x743.jpg 1320w\" sizes=\"auto, (max-width: 360px) 100vw, 360px\" \/><\/a><figcaption id=\"caption-attachment-30858514\" class=\"wp-caption-text\">Roc\u00edo C\u00e1rdenas, Daidee Veloz y Roxana Pineda en El Entramado<\/figcaption><\/figure>\n<p><strong>Roc\u00edo C\u00e1rdenas<\/strong>, directora general de Igualdad, Cultura y Participaci\u00f3n Social de la Universidad Pablo de Olavide ha presentado en la ma\u00f1ana de hoy, en El Entramado a la artista cubana Roxana Pineda quien imparte hasta el pr\u00f3ximo mi\u00e9rcoles las <strong>Jornadas \u2018Mujeres y Artes Esc\u00e9nicas\u2019<\/strong> enmarcadas en el Proyecto Atalaya \u2018Arte y Compromiso. Experiencias para el Cambio Social\u2019, que en esta VII edici\u00f3n se centra en las sinergias que se producen entre el ejercicio de las artes y la condici\u00f3n de ser mujeres.<\/p>\n<p><a href=\"https:\/\/www.upo.es\/diario\/wp-content\/uploads\/2019\/10\/CARTEL-JornadasMujeres-y-AA-EE.jpg\"><img loading=\"lazy\" decoding=\"async\" class=\"alignright size-medium wp-image-30858278\" src=\"https:\/\/www.upo.es\/diario\/wp-content\/uploads\/2019\/10\/CARTEL-JornadasMujeres-y-AA-EE-255x360.jpg\" alt=\"Jornadas \u2018MUJERES y ARTES ESC\u00c9NICAS\u2019\" width=\"255\" height=\"360\" srcset=\"https:\/\/www.upo.es\/diario\/wp-content\/uploads\/2019\/10\/CARTEL-JornadasMujeres-y-AA-EE-255x360.jpg 255w, https:\/\/www.upo.es\/diario\/wp-content\/uploads\/2019\/10\/CARTEL-JornadasMujeres-y-AA-EE-768x1086.jpg 768w, https:\/\/www.upo.es\/diario\/wp-content\/uploads\/2019\/10\/CARTEL-JornadasMujeres-y-AA-EE-530x750.jpg 530w, https:\/\/www.upo.es\/diario\/wp-content\/uploads\/2019\/10\/CARTEL-JornadasMujeres-y-AA-EE-600x849.jpg 600w, https:\/\/www.upo.es\/diario\/wp-content\/uploads\/2019\/10\/CARTEL-JornadasMujeres-y-AA-EE.jpg 1240w\" sizes=\"auto, (max-width: 255px) 100vw, 255px\" \/><\/a>Tras el Encuentro \u2018Mil formas de Mirar y Hacer\u2019 celebrado el pasado mes de septiembre, <strong>contin\u00faan las actividades del proyecto con la presencia en el campus de la artista Roxana Pineda, actriz, directora e investigadora en arte dram\u00e1tico<\/strong> adem\u00e1s de docente del Instituto Superior de Arte de La Habana, que actualmente dirige su propio proyecto teatral, Teatro La Rosa, del que es directora general y art\u00edstica. Precisamente, su obra <a href=\"https:\/\/www.upo.es\/diario\/cultura\/2019\/10\/jornadas-mujeres-y-artes-escenicas\/\"><strong>\u2018Hojas de papel volando\u2019<\/strong><\/a> cierra el pr\u00f3ximo mi\u00e9rcoles estas jornadas que compuestas por el seminario te\u00f3rico pr\u00e1ctico \u2018El cuerpo en acci\u00f3n\u2019 que ha dado comienzo hoy y la conferencia \u2018Pensar en femenino\u2019, que tendr\u00e1 lugar ma\u00f1ana martes a las 17 horas en El Entramado, Espacio Cultural de la UPO.<\/p>\n<p>El programa \u2018Arte y Compromiso\u2019, coordinado por la Universidad Pablo de Olavide, se enmarca dentro del Proyecto Atalaya, impulsado por la Consejer\u00eda de Econom\u00eda, Conocimiento, Empresas y Universidad de la Junta de Andaluc\u00eda. En \u00e9l trabajan en red las diez universidades p\u00fablicas andaluzas para fomentar y fortalecer una cultura nacida, programada y gestionada desde las universidades.<\/p>\n<p>M\u00e1s informaci\u00f3n: <a href=\"https:\/\/www.arteycompromiso.com\/\">www.arteycompromiso.com<\/a><\/p>\n<p>&nbsp;<\/p>\n","protected":false},"excerpt":{"rendered":"<p>Roc\u00edo C\u00e1rdenas, directora general de Igualdad, Cultura y Participaci\u00f3n Social de la Universidad Pablo de Olavide ha presentado en la ma\u00f1ana de hoy, en El Entramado a la artista cubana Roxana Pineda quien imparte hasta el pr\u00f3ximo mi\u00e9rcoles las Jornadas \u2018Mujeres y Artes Esc\u00e9nicas\u2019 enmarcadas en el Proyecto Atalaya \u2018Arte y Compromiso. Experiencias para el Cambio Social\u2019, que en esta VII edici\u00f3n se centra en las sinergias que se producen entre el ejercicio de las artes y la condici\u00f3n de ser mujeres.<\/p>\n","protected":false},"author":6,"featured_media":30858514,"comment_status":"closed","ping_status":"open","sticky":false,"template":"","format":"standard","meta":{"_monsterinsights_skip_tracking":false,"_monsterinsights_sitenote_active":false,"_monsterinsights_sitenote_note":"","_monsterinsights_sitenote_category":0,"footnotes":""},"categories":[2779],"tags":[4033,2523,75,94,95],"class_list":["post-30858513","post","type-post","status-publish","format-standard","has-post-thumbnail","hentry","category-docencia-formacion","tag-arte-y-compromiso","tag-artes-escenicas","tag-extension-cultural","tag-proyecto-atalaya","tag-teatro"],"_links":{"self":[{"href":"https:\/\/www.upo.es\/diario\/wp-json\/wp\/v2\/posts\/30858513","targetHints":{"allow":["GET"]}}],"collection":[{"href":"https:\/\/www.upo.es\/diario\/wp-json\/wp\/v2\/posts"}],"about":[{"href":"https:\/\/www.upo.es\/diario\/wp-json\/wp\/v2\/types\/post"}],"author":[{"embeddable":true,"href":"https:\/\/www.upo.es\/diario\/wp-json\/wp\/v2\/users\/6"}],"replies":[{"embeddable":true,"href":"https:\/\/www.upo.es\/diario\/wp-json\/wp\/v2\/comments?post=30858513"}],"version-history":[{"count":2,"href":"https:\/\/www.upo.es\/diario\/wp-json\/wp\/v2\/posts\/30858513\/revisions"}],"predecessor-version":[{"id":30858516,"href":"https:\/\/www.upo.es\/diario\/wp-json\/wp\/v2\/posts\/30858513\/revisions\/30858516"}],"wp:featuredmedia":[{"embeddable":true,"href":"https:\/\/www.upo.es\/diario\/wp-json\/wp\/v2\/media\/30858514"}],"wp:attachment":[{"href":"https:\/\/www.upo.es\/diario\/wp-json\/wp\/v2\/media?parent=30858513"}],"wp:term":[{"taxonomy":"category","embeddable":true,"href":"https:\/\/www.upo.es\/diario\/wp-json\/wp\/v2\/categories?post=30858513"},{"taxonomy":"post_tag","embeddable":true,"href":"https:\/\/www.upo.es\/diario\/wp-json\/wp\/v2\/tags?post=30858513"}],"curies":[{"name":"wp","href":"https:\/\/api.w.org\/{rel}","templated":true}]}}