{"id":30858574,"date":"2019-10-31T08:02:47","date_gmt":"2019-10-31T07:02:47","guid":{"rendered":"https:\/\/www.upo.es\/diario\/?p=30858574"},"modified":"2019-11-04T14:50:07","modified_gmt":"2019-11-04T13:50:07","slug":"la-universidad-pablo-de-olavide-celebra-del-4-al-17-de-noviembre-su-xix-semana-de-la-ciencia","status":"publish","type":"post","link":"https:\/\/www.upo.es\/diario\/docencia-formacion\/2019\/10\/la-universidad-pablo-de-olavide-celebra-del-4-al-17-de-noviembre-su-xix-semana-de-la-ciencia\/","title":{"rendered":"La Universidad Pablo de Olavide celebra del 4 al 17 de noviembre su XIX Semana de la Ciencia"},"content":{"rendered":"<p><u><a href=\"https:\/\/www.upo.es\/diario\/wp-content\/uploads\/2019\/10\/SemanaCiencia-UPO-2019_cartel-300-2.png\"><img loading=\"lazy\" decoding=\"async\" class=\"alignright size-medium wp-image-30858561\" src=\"https:\/\/www.upo.es\/diario\/wp-content\/uploads\/2019\/10\/SemanaCiencia-UPO-2019_cartel-300-2-277x360.png\" alt=\"Semana de la Ciencia en Andaluc\u00eda, del 4 al 17 de noviembre de 2019\" width=\"277\" height=\"360\" srcset=\"https:\/\/www.upo.es\/diario\/wp-content\/uploads\/2019\/10\/SemanaCiencia-UPO-2019_cartel-300-2-277x360.png 277w, https:\/\/www.upo.es\/diario\/wp-content\/uploads\/2019\/10\/SemanaCiencia-UPO-2019_cartel-300-2.png 300w\" sizes=\"auto, (max-width: 277px) 100vw, 277px\" \/><\/a>La Universidad Pablo de Olavide celebrar\u00e1 del 4 al 17 de noviembre<\/u> la <strong>XIX la Semana de la Ciencia<\/strong>, el mayor evento anual de divulgaci\u00f3n cient\u00edfica y tecnol\u00f3gica a nivel europeo con el que se pretende acercar a la sociedad una imagen distinta y cercana de la investigaci\u00f3n. As\u00ed, la UPO abrir\u00e1 sus puertas las pr\u00f3ximas dos semanas a un total de 654 estudiantes de Secundaria, Bachillerato y Ciclos Formativos que podr\u00e1n participar en actividades en laboratorios, experimentos y charlas con la presencia de investigadores de esta universidad y de profesionales de asociaciones cient\u00edficas.<\/p>\n<p><strong>Caf\u00e9 con Ciencia<\/strong> ser\u00e1 la actividad que abrir\u00e1 la Semana de la Ciencia en la UPO, <u>el pr\u00f3ximo lunes 4 de noviembre, a las 10:00 horas en el Rectorado<\/u>. Se trata de un encuentro de cient\u00edficos y cient\u00edficas con grupos reducidos de estudiantes de Secundaria y Bachillerato, en el que el personal investigador de la Universidad tratar\u00e1 de despertar el inter\u00e9s y la vocaci\u00f3n cient\u00edfica entre la juventud, abordando un tema concreto sobre el que trabajan desde un punto de vista cercano. Durante una conversaci\u00f3n mientras se comparte un desayuno, el alumnado asistente podr\u00e1 conocer m\u00e1s de cerca c\u00f3mo trabajan los cient\u00edficos. Este a\u00f1o se han organizado doce Caf\u00e9s con Ciencia sobre temas tan diversos como ecolog\u00eda, traducci\u00f3n, microbiolog\u00eda, biolog\u00eda, o sociolog\u00eda, entre otros. Caf\u00e9 con Ciencia continuar\u00e1 el martes 5 de noviembre.<\/p>\n<p>Para conocer d\u00f3nde se lleva a cabo y c\u00f3mo es el trabajo diario del personal investigador, la Universidad Pablo de Olavide ha organizado en su campus unas <strong>Jornadas de Puertas Abiertas del Centro Andaluz de Biolog\u00eda del Desarrollo (CABD)<\/strong>. Alumnos y alumnas, tras ser recibidos por la direcci\u00f3n del centro, podr\u00e1n visitar sus instalaciones y participar en talleres en los mismos laboratorios donde se investiga en la frontera del conocimiento actual en biolog\u00eda. Las visitas al CABD han sido programadas <u>para el jueves 7 \u00a0y el viernes 8 de noviembre<\/u> desde las 10 horas.<\/p>\n<p>Tambi\u00e9n, <u>el jueves 7 de noviembre<\/u>, se celebrar\u00e1 un encuentro con Jos\u00e9 Miguel Escribano P\u00e1ez, investigador Marie Curie del \u00c1rea de Historia Moderna del Departamento de Geograf\u00eda, Historia y Filosof\u00eda de la UPO, quien impartir\u00e1 la charla <strong>\u2018Ni cruzados ni yihadistas. Violencia y paz intercultural en el siglo XVI\u2019<\/strong>.<\/p>\n<p>El <u>lunes 11 de noviembre, de 12:00 a 15:00 horas<\/u>, se celebrar\u00e1 la actividad <strong>\u2018Tr\u00e1nsito de Mercurio\u2019<\/strong>, una actividad abierta al p\u00fablico en general que consistir\u00e1 en una charla seguida de una observaci\u00f3n del tr\u00e1nsito de este planeta. El planeta Mercurio transita por delante del Sol unas 13 veces por siglo, la anterior ocurri\u00f3 en el a\u00f1o 2016 y la pr\u00f3xima no ocurrir\u00e1 hasta 2032.<\/p>\n<p>Adem\u00e1s de encuentros con profesionales de la ciencia, el alumnado asistir\u00e1 a diferentes <strong>talleres<\/strong>. As\u00ed, en los <strong>talleres \u2018Aqu\u00ed hay Ciencia\u2019<\/strong>, organizados en colaboraci\u00f3n con la Asociaci\u00f3n de Biotecn\u00f3logos de Andaluc\u00eda (ASBAN), podr\u00e1n extraer ADN de plantas y analizar una huella dactilar. Se celebrar\u00e1n <u>el martes 12 y el jueves 14 de noviembre<\/u>.\u00a0 Por otro lado, y con colaboraci\u00f3n de la Asociaci\u00f3n Caminos y Ciencia, en el taller <strong>\u2018Trivial qu\u00edmico \u00bfQu\u00e9 sabemos de la Tabla Peri\u00f3dica de los Elementos?\u2019<\/strong>, que se celebrar\u00e1 <u>el 13 de noviembre<\/u>, el alumnado podr\u00e1 demostrar sus conocimientos sobre qu\u00edmica a trav\u00e9s de juego de preguntas y respuestas.<\/p>\n<p>El <u>martes 12 de noviembre<\/u> se celebrar\u00e1 la representaci\u00f3n por parte de Furor Bacchicus Teatro de un hilarante fragmento de su montaje <strong>\u00a1Todas contra Eur\u00edpides!<\/strong>. Adem\u00e1s, tendr\u00e1 lugar una charla interactiva de la profesora Rosario Moreno Soldevila sobre la mujer en la Antig\u00fcedad a trav\u00e9s de la literatura.<\/p>\n<p>En esta edici\u00f3n participan investigadores e investigadoras del\u00a0 Departamento de Sistemas F\u00edsicos, Qu\u00edmicos y Naturales; Departamento de Trabajo Social y Servicios Sociales; Departamento de Filolog\u00eda y Traducci\u00f3n; el Departamento de Fisiolog\u00eda, Anatom\u00eda y Biolog\u00eda Celular; Departamento de Sociolog\u00eda; el Centro de Investigaci\u00f3n en Rendimiento F\u00edsico y Deportivo de la UPO; el Centro Andaluz de Biolog\u00eda del Desarrollo (CABD); la Asociaci\u00f3n de Biotecn\u00f3logos de Andaluc\u00eda (AsBAn); la Asociaci\u00f3n Caminos y Ciencia; Astronom\u00eda Sevilla y la Fundaci\u00f3n Andaluza para la Divulgaci\u00f3n de la Innovaci\u00f3n y del Conocimiento (Fundaci\u00f3n Descubre).<\/p>\n<p>La Semana de la Ciencia en la Universidad Pablo de Olavide est\u00e1 organizada por la Oficina de Transferencia de Resultados de Investigaci\u00f3n (OTRI) del Vicerrectorado de Investigaci\u00f3n y Transferencia de Tecnolog\u00eda de esta universidad.<\/p>\n<p><strong>M\u00e1s informaci\u00f3n:<\/strong><\/p>\n<p><a href=\"https:\/\/www.upo.es\/semanadelaciencia\/programa\/\">XIX la Semana de la Ciencia de la Universidad Pablo de Olavide<\/a><\/p>\n","protected":false},"excerpt":{"rendered":"<p>La Universidad Pablo de Olavide celebrar\u00e1 del 4 al 17 de noviembre la XIX la Semana de la Ciencia, el mayor evento anual de divulgaci\u00f3n cient\u00edfica y tecnol\u00f3gica a nivel europeo con el que se pretende acercar a la sociedad una imagen distinta y cercana de la investigaci\u00f3n. As\u00ed, la UPO abrir\u00e1 sus puertas las pr\u00f3ximas dos semanas a un total de 654 estudiantes de Secundaria, Bachillerato y Ciclos Formativos que podr\u00e1n participar en actividades en laboratorios, experimentos y charlas con la presencia de investigadores de esta universidad y de profesionales de asociaciones cient\u00edficas.<\/p>\n","protected":false},"author":2,"featured_media":30858575,"comment_status":"closed","ping_status":"open","sticky":false,"template":"","format":"standard","meta":{"_monsterinsights_skip_tracking":false,"_monsterinsights_sitenote_active":false,"_monsterinsights_sitenote_note":"","_monsterinsights_sitenote_category":0,"footnotes":""},"categories":[2779],"tags":[2702,644,43,1783,544,2645,2312,83,1382,969,549],"class_list":["post-30858574","post","type-post","status-publish","format-standard","has-post-thumbnail","hentry","category-docencia-formacion","tag-alumnado","tag-bachillerato","tag-cabd","tag-ciclos-formativos","tag-conferencias","tag-divulgacion-cientifica","tag-jornadas-de-puertas-abiertas","tag-otri","tag-secundaria","tag-semana-de-la-ciencia","tag-talleres"],"_links":{"self":[{"href":"https:\/\/www.upo.es\/diario\/wp-json\/wp\/v2\/posts\/30858574","targetHints":{"allow":["GET"]}}],"collection":[{"href":"https:\/\/www.upo.es\/diario\/wp-json\/wp\/v2\/posts"}],"about":[{"href":"https:\/\/www.upo.es\/diario\/wp-json\/wp\/v2\/types\/post"}],"author":[{"embeddable":true,"href":"https:\/\/www.upo.es\/diario\/wp-json\/wp\/v2\/users\/2"}],"replies":[{"embeddable":true,"href":"https:\/\/www.upo.es\/diario\/wp-json\/wp\/v2\/comments?post=30858574"}],"version-history":[{"count":5,"href":"https:\/\/www.upo.es\/diario\/wp-json\/wp\/v2\/posts\/30858574\/revisions"}],"predecessor-version":[{"id":30858601,"href":"https:\/\/www.upo.es\/diario\/wp-json\/wp\/v2\/posts\/30858574\/revisions\/30858601"}],"wp:featuredmedia":[{"embeddable":true,"href":"https:\/\/www.upo.es\/diario\/wp-json\/wp\/v2\/media\/30858575"}],"wp:attachment":[{"href":"https:\/\/www.upo.es\/diario\/wp-json\/wp\/v2\/media?parent=30858574"}],"wp:term":[{"taxonomy":"category","embeddable":true,"href":"https:\/\/www.upo.es\/diario\/wp-json\/wp\/v2\/categories?post=30858574"},{"taxonomy":"post_tag","embeddable":true,"href":"https:\/\/www.upo.es\/diario\/wp-json\/wp\/v2\/tags?post=30858574"}],"curies":[{"name":"wp","href":"https:\/\/api.w.org\/{rel}","templated":true}]}}