{"id":30858581,"date":"2019-10-31T11:53:46","date_gmt":"2019-10-31T10:53:46","guid":{"rendered":"https:\/\/www.upo.es\/diario\/?p=30858581"},"modified":"2019-11-01T12:06:17","modified_gmt":"2019-11-01T11:06:17","slug":"el-alumnado-de-ciencias-ambientales-recibe-la-visita-del-teniente-coronel-juan-sanchez-martin","status":"publish","type":"post","link":"https:\/\/www.upo.es\/diario\/docencia-formacion\/2019\/10\/el-alumnado-de-ciencias-ambientales-recibe-la-visita-del-teniente-coronel-juan-sanchez-martin\/","title":{"rendered":"El alumnado de Ciencias Ambientales recibe la visita del teniente coronel Juan S\u00e1nchez Mart\u00edn"},"content":{"rendered":"<p><a href=\"https:\/\/www.upo.es\/diario\/wp-content\/uploads\/2019\/10\/Visita_c\u00e1tedra_general_casta\u00f1o.jpg\"><img loading=\"lazy\" decoding=\"async\" class=\"alignright size-medium wp-image-30858582\" src=\"https:\/\/www.upo.es\/diario\/wp-content\/uploads\/2019\/10\/Visita_c\u00e1tedra_general_casta\u00f1o-360x175.jpg\" alt=\"\" width=\"360\" height=\"175\" srcset=\"https:\/\/www.upo.es\/diario\/wp-content\/uploads\/2019\/10\/Visita_c\u00e1tedra_general_casta\u00f1o-360x175.jpg 360w, https:\/\/www.upo.es\/diario\/wp-content\/uploads\/2019\/10\/Visita_c\u00e1tedra_general_casta\u00f1o-768x373.jpg 768w, https:\/\/www.upo.es\/diario\/wp-content\/uploads\/2019\/10\/Visita_c\u00e1tedra_general_casta\u00f1o-750x365.jpg 750w, https:\/\/www.upo.es\/diario\/wp-content\/uploads\/2019\/10\/Visita_c\u00e1tedra_general_casta\u00f1o-600x292.jpg 600w, https:\/\/www.upo.es\/diario\/wp-content\/uploads\/2019\/10\/Visita_c\u00e1tedra_general_casta\u00f1o-1320x642.jpg 1320w\" sizes=\"auto, (max-width: 360px) 100vw, 360px\" \/><\/a>El teniente coronel Juan S\u00e1nchez Mart\u00edn, de la escala t\u00e9cnica del cuerpo de ingenieros polit\u00e9cnicos del Ej\u00e9rcito y analista medioambiental en la secci\u00f3n de Asuntos Medioambientales de la Direcci\u00f3n de Infraestructura-IGE, ha visitado esta semana la Universidad Pablo de Olavide para impartir al alumnado en el Grado de Ciencias Ambientales la conferencia \u2018ISO 14001 y modelo de gesti\u00f3n ambiental en el ET\u2019. Esta charla, enmarcada en la C\u00e1tedra General Casta\u00f1os, forma parte de una actividad m\u00e1s amplia que completar\u00e1n los estudiantes de cuarto curso con una visita a la base militar El Copero el pr\u00f3ximo mes de diciembre. El objetivo ser\u00e1 conocer de primera mano la gesti\u00f3n que realiza en este \u00e1mbito el Ej\u00e9rcito Militar de Tierra.<\/p>\n<p><strong>La C\u00e1tedra General Casta\u00f1os<\/strong>\u00a0se cre\u00f3 en el a\u00f1o 1989 por iniciativa del Cuartel General de la Regi\u00f3n Militar Sur con la finalidad de constituir una plataforma cultural c\u00edvico-militar que favoreciera el estudio y la investigaci\u00f3n de los temas hist\u00f3ricos, art\u00edsticos y culturales de Espa\u00f1a y los pa\u00edses de ra\u00edz cultural hispana. Desde el a\u00f1o 2005, la Universidad Pablo de Olavide se encuentra vinculada a la C\u00e1tedra General Casta\u00f1os a trav\u00e9s de un convenio de cooperaci\u00f3n educativa por el que ambas instituciones impulsan la celebraci\u00f3n de actividades formativas de tipo cultural, cient\u00edfico, t\u00e9cnico y de investigaci\u00f3n en materias de inter\u00e9s com\u00fan.<\/p>\n","protected":false},"excerpt":{"rendered":"<p>El teniente coronel Juan S\u00e1nchez Mart\u00edn, de la escala t\u00e9cnica del cuerpo de ingenieros polit\u00e9cnicos del Ej\u00e9rcito y analista medioambiental en la secci\u00f3n de Asuntos Medioambientales de la Direcci\u00f3n de Infraestructura-IGE, ha visitado esta semana la Universidad Pablo de Olavide para impartir al alumnado en el Grado de Ciencias Ambientales la conferencia \u2018ISO A4.001 y modelo de gesti\u00f3n ambiental en el ET\u2019. Esta charla, enmarcada en la C\u00e1tedra General Casta\u00f1os, forma parte de una actividad m\u00e1s amplia que completar\u00e1n los estudiantes de cuarto curso con una visita a la base militar El Copero el pr\u00f3ximo mes de diciembre. El objetivo ser\u00e1 conocer de primera mano la gesti\u00f3n que realiza en este \u00e1mbito el Ej\u00e9rcito Militar de Tierra.<\/p>\n","protected":false},"author":15,"featured_media":30858582,"comment_status":"closed","ping_status":"open","sticky":false,"template":"","format":"standard","meta":{"_monsterinsights_skip_tracking":false,"_monsterinsights_sitenote_active":false,"_monsterinsights_sitenote_note":"","_monsterinsights_sitenote_category":0,"footnotes":""},"categories":[2779],"tags":[4428,901,6340,1654,6341],"class_list":["post-30858581","post","type-post","status-publish","format-standard","has-post-thumbnail","hentry","category-docencia-formacion","tag-catedra-general-castanos","tag-charla","tag-el-copero","tag-grado-en-ciencias-ambientales","tag-juan-sanchez-martin"],"_links":{"self":[{"href":"https:\/\/www.upo.es\/diario\/wp-json\/wp\/v2\/posts\/30858581","targetHints":{"allow":["GET"]}}],"collection":[{"href":"https:\/\/www.upo.es\/diario\/wp-json\/wp\/v2\/posts"}],"about":[{"href":"https:\/\/www.upo.es\/diario\/wp-json\/wp\/v2\/types\/post"}],"author":[{"embeddable":true,"href":"https:\/\/www.upo.es\/diario\/wp-json\/wp\/v2\/users\/15"}],"replies":[{"embeddable":true,"href":"https:\/\/www.upo.es\/diario\/wp-json\/wp\/v2\/comments?post=30858581"}],"version-history":[{"count":5,"href":"https:\/\/www.upo.es\/diario\/wp-json\/wp\/v2\/posts\/30858581\/revisions"}],"predecessor-version":[{"id":30858591,"href":"https:\/\/www.upo.es\/diario\/wp-json\/wp\/v2\/posts\/30858581\/revisions\/30858591"}],"wp:featuredmedia":[{"embeddable":true,"href":"https:\/\/www.upo.es\/diario\/wp-json\/wp\/v2\/media\/30858582"}],"wp:attachment":[{"href":"https:\/\/www.upo.es\/diario\/wp-json\/wp\/v2\/media?parent=30858581"}],"wp:term":[{"taxonomy":"category","embeddable":true,"href":"https:\/\/www.upo.es\/diario\/wp-json\/wp\/v2\/categories?post=30858581"},{"taxonomy":"post_tag","embeddable":true,"href":"https:\/\/www.upo.es\/diario\/wp-json\/wp\/v2\/tags?post=30858581"}],"curies":[{"name":"wp","href":"https:\/\/api.w.org\/{rel}","templated":true}]}}