{"id":30858603,"date":"2019-11-04T04:56:48","date_gmt":"2019-11-04T03:56:48","guid":{"rendered":"https:\/\/www.upo.es\/diario\/?p=30858603"},"modified":"2019-11-04T15:06:40","modified_gmt":"2019-11-04T14:06:40","slug":"el-profesor-de-la-upo-jose-david-gutierrez-participa-en-generation-change-de-los-premios-mtv-ema-2019","status":"publish","type":"post","link":"https:\/\/www.upo.es\/diario\/comunidad\/2019\/11\/el-profesor-de-la-upo-jose-david-gutierrez-participa-en-generation-change-de-los-premios-mtv-ema-2019\/","title":{"rendered":"El profesor de la UPO Jos\u00e9 David Guti\u00e9rrez participa en \u2018Generation Change\u2019 de los premios MTV EMA 2019"},"content":{"rendered":"<figure id=\"attachment_30858607\" aria-describedby=\"caption-attachment-30858607\" style=\"width: 750px\" class=\"wp-caption aligncenter\"><a href=\"https:\/\/www.upo.es\/diario\/wp-content\/uploads\/2019\/11\/MTV_GenerationChange.jpg\"><img loading=\"lazy\" decoding=\"async\" class=\"size-large wp-image-30858607\" src=\"https:\/\/www.upo.es\/diario\/wp-content\/uploads\/2019\/11\/MTV_GenerationChange-750x563.jpg\" alt=\"\" width=\"750\" height=\"563\" srcset=\"https:\/\/www.upo.es\/diario\/wp-content\/uploads\/2019\/11\/MTV_GenerationChange-750x563.jpg 750w, https:\/\/www.upo.es\/diario\/wp-content\/uploads\/2019\/11\/MTV_GenerationChange-360x270.jpg 360w, https:\/\/www.upo.es\/diario\/wp-content\/uploads\/2019\/11\/MTV_GenerationChange-768x576.jpg 768w, https:\/\/www.upo.es\/diario\/wp-content\/uploads\/2019\/11\/MTV_GenerationChange-600x450.jpg 600w, https:\/\/www.upo.es\/diario\/wp-content\/uploads\/2019\/11\/MTV_GenerationChange-1320x990.jpg 1320w\" sizes=\"auto, (max-width: 750px) 100vw, 750px\" \/><\/a><figcaption id=\"caption-attachment-30858607\" class=\"wp-caption-text\">J\u00f3venes premiados en los MTV EMA Generation Change 2019<\/figcaption><\/figure>\n<p>Jos\u00e9 David Guti\u00e9rrez S\u00e1nchez, profesor de la Universidad Pablo de Olavide y Premio Andaluces con Futuro en su \u00faltima edici\u00f3n, ha participado en el evento <strong><em>Impact amplified: a conversation amongst activist<\/em><\/strong> junto a los ganadores de <strong><em>Generation Change<\/em><\/strong>, una categor\u00eda de los MTV EMA Awards entregados este fin de semana en Sevilla a personas que generan un impacto social relevante por su compromiso social.<\/p>\n<p><strong>Alfredo \u2018Danger\u2019 Mart\u00ednez<\/strong> \u2013 33 a\u00f1os, M\u00e9xico \u2013, <strong>Shiden Tekle<\/strong> \u2013 20 a\u00f1os, Reino Unido \u2013, <strong>Lisa Ranran Hu<\/strong> \u2013 20 a\u00f1os, China \u2013, <strong>Kelvin Doe<\/strong> \u2013 22 a\u00f1os, Sierra Leona \u2013 y <strong>Jamie Margolin<\/strong> \u2013 17 a\u00f1os, EEUU \u2013 han recibido el premio MTV EMA 2019 en la categor\u00eda <em>Generation Change<\/em>. Estos j\u00f3venes han sido seleccionados por su lucha contra problemas como el cambio clim\u00e1tico, los derechos LGBTQIA+, la desigualdad econ\u00f3mica y la injusticia racial.<\/p>\n<figure id=\"attachment_30858608\" aria-describedby=\"caption-attachment-30858608\" style=\"width: 360px\" class=\"wp-caption alignright\"><a href=\"https:\/\/www.upo.es\/diario\/wp-content\/uploads\/2019\/11\/JoseDavidGutierrez-MTV.jpg\"><img loading=\"lazy\" decoding=\"async\" class=\"size-medium wp-image-30858608\" src=\"https:\/\/www.upo.es\/diario\/wp-content\/uploads\/2019\/11\/JoseDavidGutierrez-MTV-360x270.jpg\" alt=\"\" width=\"360\" height=\"270\" srcset=\"https:\/\/www.upo.es\/diario\/wp-content\/uploads\/2019\/11\/JoseDavidGutierrez-MTV-360x270.jpg 360w, https:\/\/www.upo.es\/diario\/wp-content\/uploads\/2019\/11\/JoseDavidGutierrez-MTV-768x576.jpg 768w, https:\/\/www.upo.es\/diario\/wp-content\/uploads\/2019\/11\/JoseDavidGutierrez-MTV-750x563.jpg 750w, https:\/\/www.upo.es\/diario\/wp-content\/uploads\/2019\/11\/JoseDavidGutierrez-MTV-600x450.jpg 600w, https:\/\/www.upo.es\/diario\/wp-content\/uploads\/2019\/11\/JoseDavidGutierrez-MTV-1320x990.jpg 1320w\" sizes=\"auto, (max-width: 360px) 100vw, 360px\" \/><\/a><figcaption id=\"caption-attachment-30858608\" class=\"wp-caption-text\">Jos\u00e9 David Guti\u00e9rrez, profesor de Trabajo Social de la UPO<\/figcaption><\/figure>\n<p>Durante el coloquio, organizado por MTV con Ashoka Espa\u00f1a y celebrado el pasado viernes, <strong>activistas de diferentes partes del mundo, entre los que particip\u00f3 Jos\u00e9 David Guti\u00e9rrez, pudieron conversar con los j\u00f3venes premiados sobre los proyectos que desarrollan<\/strong>, las entidades en las que colaboran y c\u00f3mo provocar un cambio social significativo involucrando tanto a la juventud como a toda la sociedad. El profesor de Trabajo Social de la UPO aport\u00f3 su experiencia en los proyectos de investigaci\u00f3n sobre migraciones que lleva a cabo.<\/p>\n<p>&nbsp;<\/p>\n","protected":false},"excerpt":{"rendered":"<p>Jos\u00e9 David Guti\u00e9rrez S\u00e1nchez, profesor de la Universidad Pablo de Olavide y Premio Andaluces con Futuro en su \u00faltima edici\u00f3n, ha participado en el evento Impact amplified: a conversation amongst activist junto a los ganadores de Generation Change, una categor\u00eda de los MTV EMA Awards entregados este fin de semana en Sevilla a personas que generan un impacto social relevante por su compromiso social.<\/p>\n","protected":false},"author":6,"featured_media":30858608,"comment_status":"closed","ping_status":"open","sticky":false,"template":"","format":"standard","meta":{"_monsterinsights_skip_tracking":false,"_monsterinsights_sitenote_active":false,"_monsterinsights_sitenote_note":"","_monsterinsights_sitenote_category":0,"footnotes":""},"categories":[5842],"tags":[3585,249,930,1030,161],"class_list":["post-30858603","post","type-post","status-publish","format-standard","has-post-thumbnail","hentry","category-comunidad","tag-activismo","tag-cambio-social","tag-jovenes","tag-premios","tag-sevilla"],"_links":{"self":[{"href":"https:\/\/www.upo.es\/diario\/wp-json\/wp\/v2\/posts\/30858603","targetHints":{"allow":["GET"]}}],"collection":[{"href":"https:\/\/www.upo.es\/diario\/wp-json\/wp\/v2\/posts"}],"about":[{"href":"https:\/\/www.upo.es\/diario\/wp-json\/wp\/v2\/types\/post"}],"author":[{"embeddable":true,"href":"https:\/\/www.upo.es\/diario\/wp-json\/wp\/v2\/users\/6"}],"replies":[{"embeddable":true,"href":"https:\/\/www.upo.es\/diario\/wp-json\/wp\/v2\/comments?post=30858603"}],"version-history":[{"count":1,"href":"https:\/\/www.upo.es\/diario\/wp-json\/wp\/v2\/posts\/30858603\/revisions"}],"predecessor-version":[{"id":30858609,"href":"https:\/\/www.upo.es\/diario\/wp-json\/wp\/v2\/posts\/30858603\/revisions\/30858609"}],"wp:featuredmedia":[{"embeddable":true,"href":"https:\/\/www.upo.es\/diario\/wp-json\/wp\/v2\/media\/30858608"}],"wp:attachment":[{"href":"https:\/\/www.upo.es\/diario\/wp-json\/wp\/v2\/media?parent=30858603"}],"wp:term":[{"taxonomy":"category","embeddable":true,"href":"https:\/\/www.upo.es\/diario\/wp-json\/wp\/v2\/categories?post=30858603"},{"taxonomy":"post_tag","embeddable":true,"href":"https:\/\/www.upo.es\/diario\/wp-json\/wp\/v2\/tags?post=30858603"}],"curies":[{"name":"wp","href":"https:\/\/api.w.org\/{rel}","templated":true}]}}