{"id":30858627,"date":"2019-11-06T07:49:49","date_gmt":"2019-11-06T06:49:49","guid":{"rendered":"https:\/\/www.upo.es\/diario\/?p=30858627"},"modified":"2019-11-07T16:41:01","modified_gmt":"2019-11-07T15:41:01","slug":"la-upo-fomenta-el-consumo-y-la-produccion-responsables-con-la-celebracion-de-la-ii-feria-del-consumo-sostenible","status":"publish","type":"post","link":"https:\/\/www.upo.es\/diario\/cultura-social\/2019\/11\/la-upo-fomenta-el-consumo-y-la-produccion-responsables-con-la-celebracion-de-la-ii-feria-del-consumo-sostenible\/","title":{"rendered":"La UPO fomenta el consumo y la producci\u00f3n responsables con la celebraci\u00f3n de la II Feria del Consumo Sostenible"},"content":{"rendered":"<p><a href=\"https:\/\/www.upo.es\/diario\/wp-content\/uploads\/2019\/11\/feria-consumo-2.jpg\"><img loading=\"lazy\" decoding=\"async\" class=\"aligncenter size-large wp-image-30858635\" src=\"https:\/\/www.upo.es\/diario\/wp-content\/uploads\/2019\/11\/feria-consumo-2-750x375.jpg\" alt=\"\" width=\"750\" height=\"375\" srcset=\"https:\/\/www.upo.es\/diario\/wp-content\/uploads\/2019\/11\/feria-consumo-2-750x375.jpg 750w, https:\/\/www.upo.es\/diario\/wp-content\/uploads\/2019\/11\/feria-consumo-2-360x180.jpg 360w, https:\/\/www.upo.es\/diario\/wp-content\/uploads\/2019\/11\/feria-consumo-2-768x384.jpg 768w, https:\/\/www.upo.es\/diario\/wp-content\/uploads\/2019\/11\/feria-consumo-2-600x300.jpg 600w, https:\/\/www.upo.es\/diario\/wp-content\/uploads\/2019\/11\/feria-consumo-2.jpg 1024w\" sizes=\"auto, (max-width: 750px) 100vw, 750px\" \/><\/a>La Universidad Pablo de Olavide celebra hoy mi\u00e9rcoles 6 de noviembre la <strong>II Feria del Consumo Sostenible<\/strong>, una iniciativa que fomenta entre la comunidad universitaria el consumo y la producci\u00f3n responsables dando a conocer iniciativas, empresas y organizaciones que contribuyen a los Objetivos de Desarrollo Sostenible de Naciones Unidas.<\/p>\n<p>As\u00ed, el Pasaje de la Ilustraci\u00f3n acoger\u00e1 una serie de <strong>stands de entidades de la econom\u00eda social y solidaria<\/strong> de \u00e1mbitos como el comercio justo, la agroecolog\u00eda, la cosm\u00e9tica natural, o el reciclaje, entre otros, y se celebrar\u00e1n varios <strong>talleres <\/strong>que invitar\u00e1n a reflexionar sobre los h\u00e1bitos de consumo. De esta manera, a las 10:30 horas se celebrar\u00e1 el taller \u2018Hogar sin t\u00f3xicos\u2019; a las 12:00 horas el caf\u00e9-taller \u2018Alternativas agroecol\u00f3gicas de consumo: desenmascarando la globalizaci\u00f3n agroalimentaria\u2019, y a las 15:30 horas el showcooking sobre \u2018Comida saludable de preparaci\u00f3n r\u00e1pida\u2019. \u00a0Adem\u00e1s, de 14:00 a 16:00 horas, el <strong>men\u00fa<\/strong> ofertado en la cafeter\u00eda de la Plaza de Am\u00e9rica incluir\u00e1 ingredientes de producci\u00f3n local, ecol\u00f3gica o de comercio justo.<\/p>\n<p><a href=\"https:\/\/www.upo.es\/diario\/wp-content\/uploads\/2019\/11\/Feria-Consumo-Sostenible-UPO_20191106.jpg\"><img loading=\"lazy\" decoding=\"async\" class=\"alignright size-medium wp-image-30858647\" src=\"https:\/\/www.upo.es\/diario\/wp-content\/uploads\/2019\/11\/Feria-Consumo-Sostenible-UPO_20191106-360x240.jpg\" alt=\"\" width=\"360\" height=\"240\" srcset=\"https:\/\/www.upo.es\/diario\/wp-content\/uploads\/2019\/11\/Feria-Consumo-Sostenible-UPO_20191106-360x240.jpg 360w, https:\/\/www.upo.es\/diario\/wp-content\/uploads\/2019\/11\/Feria-Consumo-Sostenible-UPO_20191106-768x512.jpg 768w, https:\/\/www.upo.es\/diario\/wp-content\/uploads\/2019\/11\/Feria-Consumo-Sostenible-UPO_20191106-750x500.jpg 750w, https:\/\/www.upo.es\/diario\/wp-content\/uploads\/2019\/11\/Feria-Consumo-Sostenible-UPO_20191106-600x400.jpg 600w, https:\/\/www.upo.es\/diario\/wp-content\/uploads\/2019\/11\/Feria-Consumo-Sostenible-UPO_20191106-165x109.jpg 165w, https:\/\/www.upo.es\/diario\/wp-content\/uploads\/2019\/11\/Feria-Consumo-Sostenible-UPO_20191106-1320x880.jpg 1320w\" sizes=\"auto, (max-width: 360px) 100vw, 360px\" \/><\/a>Entidades como Coop57, DBMK, Autonom\u00eda Sur, Panader\u00eda L\u00b4Andalus\u00ed, FIARE, Solidaridad Internacional Andaluc\u00eda, Som Energ\u00eda, El Salto Diario, Limonnela (Sistema verde de limpieza), Oikocredit y La Ortiga, dispondr\u00e1n de un stand en la Feria dando a conocer alternativas de producci\u00f3n sostenible como medio de transformaci\u00f3n social.<\/p>\n<p>Los interesados podr\u00e1n visitar la II Feria del Consumo Sostenible de la UPO hoy mi\u00e9rcoles, en horario de 9:00 a 18:00 horas. Para asistir a los talleres deber\u00e1n inscribirse en <a href=\"https:\/\/eventos.upo.es\/event_detail\/42295\/tickets.html\">https:\/\/eventos.upo.es\/event_detail\/42295\/tickets.html<\/a><\/p>\n<p>Esta acci\u00f3n, organizada por el Vicerrectorado de Internacionalizaci\u00f3n a trav\u00e9s del \u00c1rea de Relaciones Internacionales y Cooperaci\u00f3n de la UPO y por la cooperativa andaluza Lamedina, se enmarca dentro del <strong>Proyecto de \u2018Fortalecimiento de alianzas de Universidades Andaluzas para lograr un mayor compromiso de la comunidad universitaria en el marco del comercio justo, el medio ambiente y la equidad de g\u00e9nero\u2019<\/strong>, financiado por la Agencia Andaluza de Cooperaci\u00f3n Internacional para el Desarrollo (AACID), liderado por la Universidad de C\u00f3rdoba y en el que participan, adem\u00e1s de la Universidad Pablo de Olavide, las universidades de Ja\u00e9n, Granada, Sevilla y M\u00e1laga.<\/p>\n<p>Entre las acciones previstas se encuentra la impartici\u00f3n de contenidos sobre Desarrollo Sostenible en asignaturas de grado y postgrado; la concesi\u00f3n de ayudas para la realizaci\u00f3n de trabajos fin de grado y m\u00e1ster que aborden tem\u00e1ticas vinculadas a la sostenibilidad; la organizaci\u00f3n de actividades de sensibilizaci\u00f3n, tales como la Feria del Consumo Sostenible, o el desarrollo de pol\u00edticas de contrataci\u00f3n universitaria con criterios sociales, ambientales y de comercio justo.<\/p>\n<p>Desde la aprobaci\u00f3n de los Objetivos de Desarrollo Sostenible (ODS) por parte de Naciones Unidas en septiembre de 2015, la Universidad Pablo de Olavide, de la mano de CRUE Universidades Espa\u00f1olas, ha asumido un rol activo en cuanto al cumplimiento de la Agenda 2030 y ha incorporado los principios y valores del Desarrollo Sostenible a sus objetivos, pol\u00edticas y actividades.<\/p>\n<p>&nbsp;<\/p>\n<p><strong>M\u00e1s informaci\u00f3n:<\/strong><\/p>\n<p><a href=\"https:\/\/eventos.upo.es\/event_detail\/42295\/detail\/ii-feria-del-consumo-responsable-re-formula-tu-consumo-para-cambiar-el-mundo.html\">II Feria del Consumo Sostenible<\/a><\/p>\n","protected":false},"excerpt":{"rendered":"<p>La Universidad Pablo de Olavide celebra hoy mi\u00e9rcoles 6 de noviembre la II Feria del Consumo Sostenible, una iniciativa que fomenta entre la comunidad universitaria el consumo y la producci\u00f3n responsables dando a conocer iniciativas, empresas y organizaciones que contribuyen a los Objetivos de Desarrollo Sostenible de Naciones Unidas. <\/p>\n","protected":false},"author":2,"featured_media":30858647,"comment_status":"closed","ping_status":"open","sticky":false,"template":"","format":"standard","meta":{"_monsterinsights_skip_tracking":false,"_monsterinsights_sitenote_active":false,"_monsterinsights_sitenote_note":"","_monsterinsights_sitenote_category":0,"footnotes":""},"categories":[5843],"tags":[6348,2079,6064,4501,5615,6350,3007,2436,6349,591,4141,447,1033,832,3620],"class_list":["post-30858627","post","type-post","status-publish","format-standard","has-post-thumbnail","hentry","category-cultura-social","tag-agencia-andaluza-de-cooperacion-internacional-para-el-desarrollo","tag-agroecologia","tag-area-de-relaciones-internacionales-y-cooperacion","tag-comercio-justo","tag-consumo-sostenible","tag-cosmetica-natural","tag-desarrollo-sostenible","tag-economia-social","tag-economia-solidaria","tag-naciones-unidas","tag-objetivos-de-desarrollo-sostenible","tag-reciclaje","tag-sensibilizacion","tag-sostenibilidad","tag-vicerrectorado-de-internacionalizacion"],"_links":{"self":[{"href":"https:\/\/www.upo.es\/diario\/wp-json\/wp\/v2\/posts\/30858627","targetHints":{"allow":["GET"]}}],"collection":[{"href":"https:\/\/www.upo.es\/diario\/wp-json\/wp\/v2\/posts"}],"about":[{"href":"https:\/\/www.upo.es\/diario\/wp-json\/wp\/v2\/types\/post"}],"author":[{"embeddable":true,"href":"https:\/\/www.upo.es\/diario\/wp-json\/wp\/v2\/users\/2"}],"replies":[{"embeddable":true,"href":"https:\/\/www.upo.es\/diario\/wp-json\/wp\/v2\/comments?post=30858627"}],"version-history":[{"count":5,"href":"https:\/\/www.upo.es\/diario\/wp-json\/wp\/v2\/posts\/30858627\/revisions"}],"predecessor-version":[{"id":30858648,"href":"https:\/\/www.upo.es\/diario\/wp-json\/wp\/v2\/posts\/30858627\/revisions\/30858648"}],"wp:featuredmedia":[{"embeddable":true,"href":"https:\/\/www.upo.es\/diario\/wp-json\/wp\/v2\/media\/30858647"}],"wp:attachment":[{"href":"https:\/\/www.upo.es\/diario\/wp-json\/wp\/v2\/media?parent=30858627"}],"wp:term":[{"taxonomy":"category","embeddable":true,"href":"https:\/\/www.upo.es\/diario\/wp-json\/wp\/v2\/categories?post=30858627"},{"taxonomy":"post_tag","embeddable":true,"href":"https:\/\/www.upo.es\/diario\/wp-json\/wp\/v2\/tags?post=30858627"}],"curies":[{"name":"wp","href":"https:\/\/api.w.org\/{rel}","templated":true}]}}