{"id":30858631,"date":"2019-11-05T14:54:32","date_gmt":"2019-11-05T13:54:32","guid":{"rendered":"https:\/\/www.upo.es\/diario\/?p=30858631"},"modified":"2019-11-05T15:04:11","modified_gmt":"2019-11-05T14:04:11","slug":"la-upo-homenajea-al-parque-nacional-de-donana-en-su-50-aniversario-con-la-edicion-de-un-libro","status":"publish","type":"post","link":"https:\/\/www.upo.es\/diario\/docencia-formacion\/2019\/11\/la-upo-homenajea-al-parque-nacional-de-donana-en-su-50-aniversario-con-la-edicion-de-un-libro\/","title":{"rendered":"La UPO homenajea al Parque Nacional de Do\u00f1ana en su 50 aniversario con la edici\u00f3n de un libro"},"content":{"rendered":"<p><a href=\"https:\/\/www.upo.es\/diario\/wp-content\/uploads\/2019\/11\/libro_Do\u00f1ana.jpg\"><img loading=\"lazy\" decoding=\"async\" class=\"alignright size-medium wp-image-30858632\" src=\"https:\/\/www.upo.es\/diario\/wp-content\/uploads\/2019\/11\/libro_Do\u00f1ana-255x360.jpg\" alt=\"\" width=\"255\" height=\"360\" srcset=\"https:\/\/www.upo.es\/diario\/wp-content\/uploads\/2019\/11\/libro_Do\u00f1ana-255x360.jpg 255w, https:\/\/www.upo.es\/diario\/wp-content\/uploads\/2019\/11\/libro_Do\u00f1ana-768x1084.jpg 768w, https:\/\/www.upo.es\/diario\/wp-content\/uploads\/2019\/11\/libro_Do\u00f1ana-531x750.jpg 531w, https:\/\/www.upo.es\/diario\/wp-content\/uploads\/2019\/11\/libro_Do\u00f1ana-600x847.jpg 600w, https:\/\/www.upo.es\/diario\/wp-content\/uploads\/2019\/11\/libro_Do\u00f1ana-1320x1863.jpg 1320w, https:\/\/www.upo.es\/diario\/wp-content\/uploads\/2019\/11\/libro_Do\u00f1ana.jpg 1339w\" sizes=\"auto, (max-width: 255px) 100vw, 255px\" \/><\/a>La matriz de proyectos culturales \u2018EnRedArs\u2019 de la Universidad Pablo de Olavide rinde su particular homenaje al Parque Nacional de Do\u00f1ana en su 50 aniversario, con la edici\u00f3n del libro <strong>\u2018Do\u00f1ana y su entorno como Zona Patrimonial\u2019<\/strong>.<\/p>\n<p>Se trata del primer volumen de la colecci\u00f3n \u2018Visibilia\u2019, dedicado al Patrimonio Cultural Andaluz, que se publicar\u00e1 a finales de a\u00f1o con una veintena de art\u00edculos en los que toman parte profesionales de diversas disciplinas, abordando distintos aspectos de una de las mayores reservas naturales de Europa y todo su entorno, caracterizado por su matiz supracomarcal.<\/p>\n<p>As\u00ed, participan en esta obra expertos como los profesores de la propia Universidad, Juan Ojeda y Jos\u00e9 Mar\u00eda Feria, ambos catedr\u00e1ticos de Geograf\u00eda; los arque\u00f3logos Juan Campos Carrasco y Nuria de la O Vidal Teruel, docentes e investigadores de la Universidad de Huelva, o el antrop\u00f3logo Ferm\u00edn Se\u00f1o. Tambi\u00e9n autores de la talla del escritor Juan Villa, la Letrada de la Junta de Andaluc\u00eda M\u00f3nica Ortiz, y Francisco Javier Verdugo, t\u00e9cnico de la Direcci\u00f3n General de Bienes Culturales de la Junta de Andaluc\u00eda, as\u00ed como personal especializado del Espacio Natural de Do\u00f1ana como Patxi Serveto i Aguil\u00f3.<\/p>\n<p>Seg\u00fan Fernando Quiles, profesor del \u00c1rea de Historia del Arte y director de \u2018EnRedArs\u2019, la elecci\u00f3n del t\u00edtulo es doblemente significativo. Al evocar, primero, esta figura de protecci\u00f3n \u2018Zona Patrimonial\u2019, con la que se han inscrito en el Cat\u00e1logo General del Patrimonio Hist\u00f3rico Andaluz el enclave jiennense de Ot\u00ed\u00f1ar (13\/10\/2009), la Cuenca Minera de Riotinto-Nerva (16\/10\/2012), la Cuenca Minera de Tharsis-La Zarza (07\/07\/2014) y el Valle del Darro (14\/03\/2017). Y, en segundo lugar, al celebrar el medio siglo de vida del Parque Nacional de Do\u00f1ana, interaccionando con un centro devocional de la dimensi\u00f3n del Roc\u00edo -en las Marismas-, y con las comarcas de su entorno m\u00e1s pr\u00f3ximo como la del Condado de Huelva, con un rico conjunto monumental.<\/p>\n<p>Rafael Gonz\u00e1lez Madrid coordina la edici\u00f3n del libro, con el apoyo del equipo gestor de Enredars, miembros en su mayor parte del \u00c1rea de Historia del Arte de esta Universidad. Como indica Fernando Quiles, \u201cla Universidad Pablo de Olavide, una vez m\u00e1s, hace gala de su sensibilidad con el patrimonio andaluz y con este proyecto editorial, al que respalda prestando, ante todo, un espacio en su propio servidor y acogiendo todas las publicaciones en el Repositorio Institucional (RIO)\u201d.<\/p>\n<p>El 16 de octubre de 1969 se publicaba el decreto del Gobierno por el que se creaba el Parque Nacional de Do\u00f1ana, un espacio que cuenta con m\u00e1s de 68.000 hect\u00e1reas donde habita un amplio abanico de especies que hacen del lugar un marco \u00fanico. En la actualidad, Do\u00f1ana es Reserva de la Biosfera y Patrimonio de la Humanidad y, junto a Sierra Nevada, est\u00e1 entre las 25 \u00e1reas mejor protegidas y conservadas del mundo.<\/p>\n<p><strong>M\u00e1s informaci\u00f3n:<\/strong><\/p>\n<p><a href=\"https:\/\/www.upo.es\/investiga\/enredars\/\">Matriz de proyectos culturales \u2018EnRedArs\u2019 de la Universidad Pablo de Olavide<\/a><\/p>\n","protected":false},"excerpt":{"rendered":"<p>La matriz de proyectos culturales \u2018EnRedArs\u2019 de la Universidad Pablo de Olavide rinde su particular homenaje al Parque Nacional de Do\u00f1ana en su 50 aniversario, con la edici\u00f3n del libro \u2018Do\u00f1ana y su entorno como Zona Patrimonial\u2019.<\/p>\n","protected":false},"author":2,"featured_media":30858632,"comment_status":"closed","ping_status":"open","sticky":false,"template":"","format":"standard","meta":{"_monsterinsights_skip_tracking":false,"_monsterinsights_sitenote_active":false,"_monsterinsights_sitenote_note":"","_monsterinsights_sitenote_category":0,"footnotes":""},"categories":[2779],"tags":[568,5834,2600,4039,6351,2752,333,258],"class_list":["post-30858631","post","type-post","status-publish","format-standard","has-post-thumbnail","hentry","category-docencia-formacion","tag-aniversario","tag-cultura","tag-donana","tag-enredars","tag-espacio-natural-de-donana","tag-fernando-quiles","tag-libro","tag-visibilia"],"_links":{"self":[{"href":"https:\/\/www.upo.es\/diario\/wp-json\/wp\/v2\/posts\/30858631","targetHints":{"allow":["GET"]}}],"collection":[{"href":"https:\/\/www.upo.es\/diario\/wp-json\/wp\/v2\/posts"}],"about":[{"href":"https:\/\/www.upo.es\/diario\/wp-json\/wp\/v2\/types\/post"}],"author":[{"embeddable":true,"href":"https:\/\/www.upo.es\/diario\/wp-json\/wp\/v2\/users\/2"}],"replies":[{"embeddable":true,"href":"https:\/\/www.upo.es\/diario\/wp-json\/wp\/v2\/comments?post=30858631"}],"version-history":[{"count":2,"href":"https:\/\/www.upo.es\/diario\/wp-json\/wp\/v2\/posts\/30858631\/revisions"}],"predecessor-version":[{"id":30858637,"href":"https:\/\/www.upo.es\/diario\/wp-json\/wp\/v2\/posts\/30858631\/revisions\/30858637"}],"wp:featuredmedia":[{"embeddable":true,"href":"https:\/\/www.upo.es\/diario\/wp-json\/wp\/v2\/media\/30858632"}],"wp:attachment":[{"href":"https:\/\/www.upo.es\/diario\/wp-json\/wp\/v2\/media?parent=30858631"}],"wp:term":[{"taxonomy":"category","embeddable":true,"href":"https:\/\/www.upo.es\/diario\/wp-json\/wp\/v2\/categories?post=30858631"},{"taxonomy":"post_tag","embeddable":true,"href":"https:\/\/www.upo.es\/diario\/wp-json\/wp\/v2\/tags?post=30858631"}],"curies":[{"name":"wp","href":"https:\/\/api.w.org\/{rel}","templated":true}]}}