{"id":30858649,"date":"2019-11-07T17:54:36","date_gmt":"2019-11-07T16:54:36","guid":{"rendered":"https:\/\/www.upo.es\/diario\/?p=30858649"},"modified":"2019-11-29T13:23:39","modified_gmt":"2019-11-29T12:23:39","slug":"mas-de-40-expertos-participan-manana-en-la-xiv-reunion-cientifica-de-especialistas-en-seguridad-social","status":"publish","type":"post","link":"https:\/\/www.upo.es\/diario\/docencia-formacion\/2019\/11\/mas-de-40-expertos-participan-manana-en-la-xiv-reunion-cientifica-de-especialistas-en-seguridad-social\/","title":{"rendered":"M\u00e1s de 40 expertos participan en la XIV Reuni\u00f3n Cient\u00edfica de Especialistas en Seguridad Social"},"content":{"rendered":"<figure id=\"attachment_30858676\" aria-describedby=\"caption-attachment-30858676\" style=\"width: 750px\" class=\"wp-caption aligncenter\"><a href=\"https:\/\/www.upo.es\/diario\/wp-content\/uploads\/2019\/11\/IMG_2891.jpg\"><img loading=\"lazy\" decoding=\"async\" class=\"size-large wp-image-30858676\" src=\"https:\/\/www.upo.es\/diario\/wp-content\/uploads\/2019\/11\/IMG_2891-750x563.jpg\" alt=\"\" width=\"750\" height=\"563\" srcset=\"https:\/\/www.upo.es\/diario\/wp-content\/uploads\/2019\/11\/IMG_2891-750x563.jpg 750w, https:\/\/www.upo.es\/diario\/wp-content\/uploads\/2019\/11\/IMG_2891-360x270.jpg 360w, https:\/\/www.upo.es\/diario\/wp-content\/uploads\/2019\/11\/IMG_2891-768x576.jpg 768w, https:\/\/www.upo.es\/diario\/wp-content\/uploads\/2019\/11\/IMG_2891-600x450.jpg 600w, https:\/\/www.upo.es\/diario\/wp-content\/uploads\/2019\/11\/IMG_2891-1320x990.jpg 1320w\" sizes=\"auto, (max-width: 750px) 100vw, 750px\" \/><\/a><figcaption id=\"caption-attachment-30858676\" class=\"wp-caption-text\">XIV Reuni\u00f3n Cient\u00edfica de Especialistas en Seguridad Social<\/figcaption><\/figure>\n<p><u>Los d\u00edas 7 y 8 de noviembre se celebra en la sede Olavide en Sevilla Centro<\/u>\u00a0la <strong>XIV Reuni\u00f3n Cient\u00edfica de Especialistas en Seguridad Social<\/strong>, que en esta edici\u00f3n estan centradas en <strong>\u2018La protecci\u00f3n social asociada a la conciliaci\u00f3n de la vida personal y laboral\u2019.<\/strong><\/p>\n<p>La reuni\u00f3n fue inaugurada por Manuel Gonz\u00e1lez del \u00c1guila, secretario provincial de la Tesorer\u00eda General de la Seguridad Social; Aurora Lazo Barral, directora general de Pol\u00edticas Activas de Empleo de la Junta de Andaluc\u00eda; Mar\u00eda Serrano Fern\u00e1ndez, decana de la Facultad de Derecho de la Universidad Pablo de Olavide y Santiago Gonz\u00e1lez Ortega, catedr\u00e1tico de Derecho del Trabajo de la UPO, adem\u00e1s de director acad\u00e9mico de la reuni\u00f3n.<\/p>\n<p>El objetivo principal de este simposio es analizar, reflexionar, debatir y formular propuestas sobre las prestaciones asociadas a la conciliaci\u00f3n de la vida personal y laboral, y de los mecanismos de protecci\u00f3n social tales como la nueva regulaci\u00f3n de la contingencia de nacimiento y cuidado del menor y otras relacionadas con \u00e9stas: riesgo durante el embarazo, riesgo durante la lactancia natural y prestaciones familiares.<strong>\u00a0<\/strong><\/p>\n<p><a href=\"https:\/\/www.upo.es\/diario\/wp-content\/uploads\/2019\/11\/IMG_2893.jpg\"><img loading=\"lazy\" decoding=\"async\" class=\"alignright size-medium wp-image-30858677\" src=\"https:\/\/www.upo.es\/diario\/wp-content\/uploads\/2019\/11\/IMG_2893-360x270.jpg\" alt=\"\" width=\"360\" height=\"270\" srcset=\"https:\/\/www.upo.es\/diario\/wp-content\/uploads\/2019\/11\/IMG_2893-360x270.jpg 360w, https:\/\/www.upo.es\/diario\/wp-content\/uploads\/2019\/11\/IMG_2893-768x576.jpg 768w, https:\/\/www.upo.es\/diario\/wp-content\/uploads\/2019\/11\/IMG_2893-750x563.jpg 750w, https:\/\/www.upo.es\/diario\/wp-content\/uploads\/2019\/11\/IMG_2893-600x450.jpg 600w, https:\/\/www.upo.es\/diario\/wp-content\/uploads\/2019\/11\/IMG_2893-1320x990.jpg 1320w\" sizes=\"auto, (max-width: 360px) 100vw, 360px\" \/><\/a>M\u00e1s de 40 especialistas en Derecho de la Seguridad Social asisten a este evento, organizado la Universidad Pablo de Olavide a trav\u00e9s de su Facultad de Derecho; el \u00c1rea de Derecho del Trabajo y de la Seguridad Social; el Departamento de Derecho Privado y el m\u00e1ster en Estudios Avanzados en Seguridad Social de la UPO. Este evento re\u00fane anualmente a especialistas de todos los sectores profesionales relacionados con el Derecho de la Seguridad Social y que, debido a su rigor acad\u00e9mico y profesional, constituye un referente en esta materia.<\/p>\n<p>La reuni\u00f3n est\u00e1 compuesta por cuatro conferencias en las que participan expertos del \u00e1mbito universitario como la profesora Carmen Carrero Dom\u00ednguez de la Universidad Carlos III de Madrid y la catedr\u00e1tica Susana Rodr\u00edguez Escanciano de la Universidad de Le\u00f3n; y especialistas de entidades gestoras, mutuas y colaboradoras con la Seguridad Social como Miguel \u00c1ngel Rom\u00e1n L\u00f3pez, abogado de la Mutua Colaboradora con la Seguridad Social MC Mutual y Bernardo Pinto Pab\u00f3n, letrado del Instituto Nacional de Seguridad Social y profesor asociado de la UPO.<\/p>\n<p>Esta reuni\u00f3n cient\u00edfica representa un espacio de estudio cient\u00edfico y t\u00e9cnico en el que se analizan cuestiones concretas que, por su importancia sustantiva o de actualidad, se consideran que deben ser objeto de reflexi\u00f3n y debate por especialistas en Seguridad Social. Con ello, se intenta detectar los problemas que puede presentar la normativa o la actividad de gesti\u00f3n de la materia estudiada, proponiendo posibles soluciones para su avance y mejora.<\/p>\n<p><a href=\"https:\/\/www.upo.es\/diario\/wp-content\/uploads\/2019\/11\/Programa-XIV-RCESS.-7-y-8-11.-19-1.pdf\">Programa<\/a><\/p>\n<p>&nbsp;<\/p>\n","protected":false},"excerpt":{"rendered":"<p>El objetivo principal de este simposio es analizar, reflexionar, debatir y formular propuestas sobre las prestaciones asociadas a la conciliaci\u00f3n de la vida personal y laboral, y de los mecanismos de protecci\u00f3n social tales como la nueva regulaci\u00f3n de la contingencia de nacimiento y cuidado del menor y otras relacionadas con \u00e9stas: riesgo durante el embarazo, riesgo durante la lactancia natural y prestaciones familiares.\u00a0<\/p>\n","protected":false},"author":4,"featured_media":30858676,"comment_status":"closed","ping_status":"open","sticky":false,"template":"","format":"standard","meta":{"_monsterinsights_skip_tracking":false,"_monsterinsights_sitenote_active":false,"_monsterinsights_sitenote_note":"","_monsterinsights_sitenote_category":0,"footnotes":""},"categories":[2779],"tags":[2293,6352,2294,81,6353,439],"class_list":["post-30858649","post","type-post","status-publish","format-standard","has-post-thumbnail","hentry","category-docencia-formacion","tag-area-de-derecho-del-trabajo-y-de-la-seguridad-social","tag-conciliacion-laboral","tag-departamento-de-derecho-privado","tag-facultad-de-derecho","tag-sede-upo-centro","tag-seguridad-social"],"_links":{"self":[{"href":"https:\/\/www.upo.es\/diario\/wp-json\/wp\/v2\/posts\/30858649","targetHints":{"allow":["GET"]}}],"collection":[{"href":"https:\/\/www.upo.es\/diario\/wp-json\/wp\/v2\/posts"}],"about":[{"href":"https:\/\/www.upo.es\/diario\/wp-json\/wp\/v2\/types\/post"}],"author":[{"embeddable":true,"href":"https:\/\/www.upo.es\/diario\/wp-json\/wp\/v2\/users\/4"}],"replies":[{"embeddable":true,"href":"https:\/\/www.upo.es\/diario\/wp-json\/wp\/v2\/comments?post=30858649"}],"version-history":[{"count":4,"href":"https:\/\/www.upo.es\/diario\/wp-json\/wp\/v2\/posts\/30858649\/revisions"}],"predecessor-version":[{"id":30858678,"href":"https:\/\/www.upo.es\/diario\/wp-json\/wp\/v2\/posts\/30858649\/revisions\/30858678"}],"wp:featuredmedia":[{"embeddable":true,"href":"https:\/\/www.upo.es\/diario\/wp-json\/wp\/v2\/media\/30858676"}],"wp:attachment":[{"href":"https:\/\/www.upo.es\/diario\/wp-json\/wp\/v2\/media?parent=30858649"}],"wp:term":[{"taxonomy":"category","embeddable":true,"href":"https:\/\/www.upo.es\/diario\/wp-json\/wp\/v2\/categories?post=30858649"},{"taxonomy":"post_tag","embeddable":true,"href":"https:\/\/www.upo.es\/diario\/wp-json\/wp\/v2\/tags?post=30858649"}],"curies":[{"name":"wp","href":"https:\/\/api.w.org\/{rel}","templated":true}]}}