{"id":30858659,"date":"2019-11-08T07:07:00","date_gmt":"2019-11-08T06:07:00","guid":{"rendered":"https:\/\/www.upo.es\/diario\/?p=30858659"},"modified":"2019-11-11T09:24:44","modified_gmt":"2019-11-11T08:24:44","slug":"el-escritor-ecuatoriano-raul-vallejo-presenta-manana-su-novela-el-perpetuo-exiliado","status":"publish","type":"post","link":"https:\/\/www.upo.es\/diario\/docencia-formacion\/2019\/11\/el-escritor-ecuatoriano-raul-vallejo-presenta-manana-su-novela-el-perpetuo-exiliado\/","title":{"rendered":"El escritor ecuatoriano Ra\u00fal Vallejo presenta su novela &#8216;El perpetuo exiliado&#8217;"},"content":{"rendered":"<p><u><a href=\"https:\/\/www.upo.es\/diario\/wp-content\/uploads\/2019\/11\/libroRaulVallejo.jpg\"><img loading=\"lazy\" decoding=\"async\" class=\"alignright size-medium wp-image-30858660\" src=\"https:\/\/www.upo.es\/diario\/wp-content\/uploads\/2019\/11\/libroRaulVallejo-255x360.jpg\" alt=\"\" width=\"255\" height=\"360\" srcset=\"https:\/\/www.upo.es\/diario\/wp-content\/uploads\/2019\/11\/libroRaulVallejo-255x360.jpg 255w, https:\/\/www.upo.es\/diario\/wp-content\/uploads\/2019\/11\/libroRaulVallejo-768x1086.jpg 768w, https:\/\/www.upo.es\/diario\/wp-content\/uploads\/2019\/11\/libroRaulVallejo-530x750.jpg 530w, https:\/\/www.upo.es\/diario\/wp-content\/uploads\/2019\/11\/libroRaulVallejo-600x848.jpg 600w, https:\/\/www.upo.es\/diario\/wp-content\/uploads\/2019\/11\/libroRaulVallejo.jpg 1000w\" sizes=\"auto, (max-width: 255px) 100vw, 255px\" \/><\/a>Hoy viernes 8 de noviembre, a las 19:00 horas en la Librer\u00eda Ca\u00f3tica<\/u> (C\/ Jos\u00e9 Gestoso, 8), el escritor ecuatoriano y doctor en Historia de Am\u00e9rica por la Universidad Pablo de Olavide. Ra\u00fal Vallejo, presentar\u00e1 su novela <strong>\u2018El perpetuo exiliado\u2019 <\/strong>(Penguin Random House, 2016), en un acto organizado por el <strong>\u00c1rea de Historia de Am\u00e9rica de la UPO<\/strong>.<\/p>\n<p>Ra\u00fal Vallejo estar\u00e1 acompa\u00f1ado por el profesor de la UPO Jos\u00e9 Mar\u00eda Miura Andrades y los profesores de la Universidad de Sevilla Francisco Manuel Silva Ardanuy y Carmen de Mora Valc\u00e1rcel, que abrir\u00e1n un di\u00e1logo sobre la obra.<\/p>\n<p><strong>\u2018El perpetuo exiliado\u2019<\/strong>, que ha recibido el Premio Real Academia Espa\u00f1ola (RAE) en su edici\u00f3n 2018, est\u00e1 centrada en la historia de amor entre Velasco Ibarra, cinco veces presidente del Ecuador, y su esposa Corina Parral, artista y poeta argentina, y, por lo tanto, est\u00e1 imbricada en cuarenta a\u00f1os de vida pol\u00edtica del pa\u00eds. El personaje de Velasco Ibarra en la literatura ecuatoriana ha sido tratado desde lo esperp\u00e9ntico. La novela de Ra\u00fal Vallejo, en cambio, se aproxima al ser humano y al sentido mesi\u00e1nico de su pr\u00e1ctica pol\u00edtica, que \u00e9l entendi\u00f3 como una misi\u00f3n providencial; a la compleja la historia de amor que protagoniz\u00f3 con Corina Parral, artista y poeta argentina; y a sus avatares pol\u00edticos que lo llevaron cinco veces al exilio.<\/p>\n<p><strong>Ra\u00fal Vallejo<\/strong> naci\u00f3 en Manta, Ecuador, en 1959. Es doctor en Historia y Literatura por la Universidad Pablo de Olavide, de Sevilla, Espa\u00f1a. Ha publicado, entre muchos otros t\u00edtulos, <em>Pubis equinoccial<\/em> (cuentos, 2013); <em>M\u00edstica del tabernario<\/em> (Premio de Poes\u00eda \u201cJos\u00e9 Lezama Lima\u201d 2017); <em>Marilyn en el Caribe <\/em>(2015, Premio de Novela \u201cPontificia Universidad Javeriana, de Colombia); <em>El perpetuo exiliado<\/em> (2016); y, recientemente, <em>Gabriel(a)<\/em> (2019, Premio de Novela Corta \u201cMiguel Donoso Pareja\u201d). Es director fundador de <em>Pie de p\u00e1gina. Revista de creaci\u00f3n y cr\u00edtica literaria<\/em>.<\/p>\n","protected":false},"excerpt":{"rendered":"<p>Hoy viernes 8 de noviembre, a las 19:00 horas en la Librer\u00eda Ca\u00f3tica (C\/ Jos\u00e9 Gestoso, 8), el escritor ecuatoriano y doctor en Historia de Am\u00e9rica por la Universidad Pablo de Olavide. Ra\u00fal Vallejo, presentar\u00e1 su novela \u2018El perpetuo exiliado\u2019 (Penguin Random House, 2016), en un acto organizado por el \u00c1rea de Historia de Am\u00e9rica de la UPO.<\/p>\n","protected":false},"author":4,"featured_media":30858660,"comment_status":"closed","ping_status":"open","sticky":false,"template":"","format":"standard","meta":{"_monsterinsights_skip_tracking":false,"_monsterinsights_sitenote_active":false,"_monsterinsights_sitenote_note":"","_monsterinsights_sitenote_category":0,"footnotes":""},"categories":[2779],"tags":[4484,2014,1054,6354],"class_list":["post-30858659","post","type-post","status-publish","format-standard","has-post-thumbnail","hentry","category-docencia-formacion","tag-area-de-historia-de-america","tag-jose-maria-miura","tag-novela","tag-raul-vallejo"],"_links":{"self":[{"href":"https:\/\/www.upo.es\/diario\/wp-json\/wp\/v2\/posts\/30858659","targetHints":{"allow":["GET"]}}],"collection":[{"href":"https:\/\/www.upo.es\/diario\/wp-json\/wp\/v2\/posts"}],"about":[{"href":"https:\/\/www.upo.es\/diario\/wp-json\/wp\/v2\/types\/post"}],"author":[{"embeddable":true,"href":"https:\/\/www.upo.es\/diario\/wp-json\/wp\/v2\/users\/4"}],"replies":[{"embeddable":true,"href":"https:\/\/www.upo.es\/diario\/wp-json\/wp\/v2\/comments?post=30858659"}],"version-history":[{"count":3,"href":"https:\/\/www.upo.es\/diario\/wp-json\/wp\/v2\/posts\/30858659\/revisions"}],"predecessor-version":[{"id":30858683,"href":"https:\/\/www.upo.es\/diario\/wp-json\/wp\/v2\/posts\/30858659\/revisions\/30858683"}],"wp:featuredmedia":[{"embeddable":true,"href":"https:\/\/www.upo.es\/diario\/wp-json\/wp\/v2\/media\/30858660"}],"wp:attachment":[{"href":"https:\/\/www.upo.es\/diario\/wp-json\/wp\/v2\/media?parent=30858659"}],"wp:term":[{"taxonomy":"category","embeddable":true,"href":"https:\/\/www.upo.es\/diario\/wp-json\/wp\/v2\/categories?post=30858659"},{"taxonomy":"post_tag","embeddable":true,"href":"https:\/\/www.upo.es\/diario\/wp-json\/wp\/v2\/tags?post=30858659"}],"curies":[{"name":"wp","href":"https:\/\/api.w.org\/{rel}","templated":true}]}}