{"id":30858668,"date":"2019-11-07T10:28:19","date_gmt":"2019-11-07T09:28:19","guid":{"rendered":"https:\/\/www.upo.es\/diario\/?p=30858668"},"modified":"2019-11-12T14:39:19","modified_gmt":"2019-11-12T13:39:19","slug":"inaugurada-la-iii-edicion-de-fevida-un-titulo-propio-de-la-upo-para-jovenes-con-discapacidad-intelectual","status":"publish","type":"post","link":"https:\/\/www.upo.es\/diario\/cultura-social\/2019\/11\/inaugurada-la-iii-edicion-de-fevida-un-titulo-propio-de-la-upo-para-jovenes-con-discapacidad-intelectual\/","title":{"rendered":"Inaugurada la III edici\u00f3n de Fevida, un t\u00edtulo propio de la UPO para j\u00f3venes con discapacidad intelectual"},"content":{"rendered":"<figure id=\"attachment_30858669\" aria-describedby=\"caption-attachment-30858669\" style=\"width: 750px\" class=\"wp-caption aligncenter\"><a href=\"https:\/\/www.upo.es\/diario\/wp-content\/uploads\/2019\/11\/Fevida_2019-20.jpg\"><img loading=\"lazy\" decoding=\"async\" class=\"size-large wp-image-30858669\" src=\"https:\/\/www.upo.es\/diario\/wp-content\/uploads\/2019\/11\/Fevida_2019-20-750x500.jpg\" alt=\"\" width=\"750\" height=\"500\" srcset=\"https:\/\/www.upo.es\/diario\/wp-content\/uploads\/2019\/11\/Fevida_2019-20-750x500.jpg 750w, https:\/\/www.upo.es\/diario\/wp-content\/uploads\/2019\/11\/Fevida_2019-20-360x240.jpg 360w, https:\/\/www.upo.es\/diario\/wp-content\/uploads\/2019\/11\/Fevida_2019-20-768x512.jpg 768w, https:\/\/www.upo.es\/diario\/wp-content\/uploads\/2019\/11\/Fevida_2019-20-600x400.jpg 600w, https:\/\/www.upo.es\/diario\/wp-content\/uploads\/2019\/11\/Fevida_2019-20-165x109.jpg 165w, https:\/\/www.upo.es\/diario\/wp-content\/uploads\/2019\/11\/Fevida_2019-20-1320x880.jpg 1320w\" sizes=\"auto, (max-width: 750px) 100vw, 750px\" \/><\/a><figcaption id=\"caption-attachment-30858669\" class=\"wp-caption-text\">Josefa Romero, Rosa D\u00edaz, Roc\u00edo C\u00e1rdenas, Florentino Gonz\u00e1lez y Francisco L\u00f3pez en la inauguraci\u00f3n de Fevida<\/figcaption><\/figure>\n<p>Esta semana ha comenzado en la Universidad Pablo de Olavide la<strong> III edici\u00f3n del programa Fevida, un t\u00edtulo propio universitario que trata de preparar a j\u00f3venes con discapacidad intelectual con el objetivo de mejorar su empleabilidad y hacer posible su vida aut\u00f3noma<\/strong>.<\/p>\n<p>La inauguraci\u00f3n del curso 2019\/2020 del t\u00edtulo <em>Formaci\u00f3n para el empleo y la vida aut\u00f3noma de j\u00f3venes con discapacidad intelectual<\/em> ha estado presidida por Roc\u00edo C\u00e1rdenas, directora general de Igualdad, Cultura y Participaci\u00f3n Social de la Universidad Pablo de Olavide, quien ha estado acompa\u00f1ada de Rosa D\u00edaz, directora acad\u00e9mica del programa; Francisco L\u00f3pez Aguado, director regional de Fundaci\u00f3n ONCE e Inserta Empleo en Andaluc\u00eda; Florentino Gonz\u00e1lez Alfonso, presidente de Down Sevilla; y Josefa Romero Jim\u00e9nez, presidenta de Paz y Bien.<\/p>\n<p>Adem\u00e1s de recibir una formaci\u00f3n con una duraci\u00f3n de 30 cr\u00e9ditos basada en materias pr\u00e1cticas, human\u00edsticas y profesionales, el programa Fevida permite a sus 17 participantes integrarse en un campus universitario. As\u00ed, en esta III edici\u00f3n sus alumnos y alumnas participar\u00e1n en seis asignaturas de grado impartidas por las facultades de Ciencias Experimentales, Humanidades, Ciencias del Deporte y Ciencias Sociales de la Universidad Pablo de Olavide y se alojar\u00e1n, durante una semana, en la Residencia Flora Trist\u00e1n, una iniciativa ideada para mejorar su grado de autonom\u00eda personal y en la que vivir\u00e1n, alejados de sus familias, con j\u00f3venes estudiantes de su edad en un ambiente universitario.<\/p>\n<p>Los diecisiete j\u00f3venes que se formar\u00e1n en el campus de la UPO hasta junio de 2020 han sido seleccionados por las asociaciones Paz y Bien y Down Sevilla. En este sentido, <strong>Josefa Romero<\/strong>, presidenta de Paz y Bien, ha llamado a los participantes a aprovechar la oportunidad que ofrece el programa para \u201caprender para la vida\u201d. Mientras <strong>Florentino Gonz\u00e1lez<\/strong> ha remarcado c\u00f3mo hace unos a\u00f1os espacios inclusivos como este eran imposibles, por lo que ha hecho un llamamiento a seguir luchando por el futuro de las personas con discapacidad intelectual. Por su parte, el director regional de la <strong>Fundaci\u00f3n ONCE<\/strong> ha puesto en valor los resultados positivos del programa y ha se\u00f1alado como protagonistas del mismo \u201ca los alumnos y alumnas que persisten en su esfuerzo por mejorar\u201d.<\/p>\n<p><strong>Rosa D\u00edaz<\/strong>, directora acad\u00e9mica de este t\u00edtulo y decana de la Facultad de Ciencias Sociales de la UPO, ha comentado durante la presentaci\u00f3n de esta tercera edici\u00f3n de Fevida que el 40% del alumnado que ha pasado por este programa, impartido tambi\u00e9n en otras universidades, est\u00e1 actualmente trabajando y que, \u201cen todo caso, sus vidas han cambiado gracias a una mayor independencia y una situaci\u00f3n m\u00e1s empoderada\u201d. Tras agradecer el compromiso de Fundaci\u00f3n ONCE y el trabajo desarrollado por las entidades colaboradoras, la decana ha concluido se\u00f1alando que \u201cen la UPO estamos trabajando para que la existencia de un espacio en la universidad para personas con discapacidad intelectual sea un derecho, no un privilegio\u201d.<\/p>\n<p>El programa Fevida, <em>Formaci\u00f3n para el empleo y la vida aut\u00f3noma de j\u00f3venes con discapacidad intelectual<\/em>, es un Diploma de Extensi\u00f3n Universitaria de la Universidad Pablo de Olavide de car\u00e1cter gratuito gracias a la financiaci\u00f3n de la Fundaci\u00f3n ONCE y del Fondo Social Europeo. Est\u00e1 gestionado por la Fundaci\u00f3n UPO con la colaboraci\u00f3n de las entidades Down Sevilla y Paz y Bien.<\/p>\n","protected":false},"excerpt":{"rendered":"<p>Esta semana ha comenzado en la Universidad Pablo de Olavide la III edici\u00f3n del programa Fevida, un t\u00edtulo propio universitario que trata de preparar a j\u00f3venes con discapacidad intelectual con el objetivo de mejorar su empleabilidad y hacer posible su vida aut\u00f3noma.<\/p>\n","protected":false},"author":6,"featured_media":30858669,"comment_status":"closed","ping_status":"open","sticky":false,"template":"","format":"standard","meta":{"_monsterinsights_skip_tracking":false,"_monsterinsights_sitenote_active":false,"_monsterinsights_sitenote_note":"","_monsterinsights_sitenote_category":0,"footnotes":""},"categories":[5843],"tags":[1210,5056,2878,2474,5854,166],"class_list":["post-30858668","post","type-post","status-publish","format-standard","has-post-thumbnail","hentry","category-cultura-social","tag-discapacidad","tag-fevida","tag-fundacion-once","tag-fundacion-universidad-pablo-de-olavide","tag-rosa-diaz","tag-titulo-propio"],"_links":{"self":[{"href":"https:\/\/www.upo.es\/diario\/wp-json\/wp\/v2\/posts\/30858668","targetHints":{"allow":["GET"]}}],"collection":[{"href":"https:\/\/www.upo.es\/diario\/wp-json\/wp\/v2\/posts"}],"about":[{"href":"https:\/\/www.upo.es\/diario\/wp-json\/wp\/v2\/types\/post"}],"author":[{"embeddable":true,"href":"https:\/\/www.upo.es\/diario\/wp-json\/wp\/v2\/users\/6"}],"replies":[{"embeddable":true,"href":"https:\/\/www.upo.es\/diario\/wp-json\/wp\/v2\/comments?post=30858668"}],"version-history":[{"count":3,"href":"https:\/\/www.upo.es\/diario\/wp-json\/wp\/v2\/posts\/30858668\/revisions"}],"predecessor-version":[{"id":30858672,"href":"https:\/\/www.upo.es\/diario\/wp-json\/wp\/v2\/posts\/30858668\/revisions\/30858672"}],"wp:featuredmedia":[{"embeddable":true,"href":"https:\/\/www.upo.es\/diario\/wp-json\/wp\/v2\/media\/30858669"}],"wp:attachment":[{"href":"https:\/\/www.upo.es\/diario\/wp-json\/wp\/v2\/media?parent=30858668"}],"wp:term":[{"taxonomy":"category","embeddable":true,"href":"https:\/\/www.upo.es\/diario\/wp-json\/wp\/v2\/categories?post=30858668"},{"taxonomy":"post_tag","embeddable":true,"href":"https:\/\/www.upo.es\/diario\/wp-json\/wp\/v2\/tags?post=30858668"}],"curies":[{"name":"wp","href":"https:\/\/api.w.org\/{rel}","templated":true}]}}