{"id":30858684,"date":"2019-11-11T14:37:32","date_gmt":"2019-11-11T13:37:32","guid":{"rendered":"https:\/\/www.upo.es\/diario\/?p=30858684"},"modified":"2019-11-18T14:39:35","modified_gmt":"2019-11-18T13:39:35","slug":"unas-jornadas-analizan-en-la-universidad-pablo-de-olavide-la-igualdad-de-trato-en-la-comunidad-gitana","status":"publish","type":"post","link":"https:\/\/www.upo.es\/diario\/docencia-formacion\/2019\/11\/unas-jornadas-analizan-en-la-universidad-pablo-de-olavide-la-igualdad-de-trato-en-la-comunidad-gitana\/","title":{"rendered":"Unas jornadas analizan en la Universidad Pablo de Olavide la igualdad de trato en la comunidad gitana"},"content":{"rendered":"<p><u>Ma\u00f1ana martes 12 de noviembre, a las 16:15 horas en el aula 1.11 del edificio 24 de la Universidad Pablo de Olavide<\/u>, dar\u00e1n comienzo las <strong>\u2018Jornadas de Igualdad de Trato y No Discriminaci\u00f3n en la Comunidad Gitana en Exclusi\u00f3n\u2019<\/strong>, un encuentro formativo para profesionales del \u00e1mbito social organizado por Uni\u00f3n Roman\u00ed con la colaboraci\u00f3n de la Facultad de Ciencias Sociales de la UPO.<a href=\"https:\/\/www.upo.es\/diario\/wp-content\/uploads\/2019\/11\/junion_romani.jpg\"><img loading=\"lazy\" decoding=\"async\" class=\"alignright size-medium wp-image-30858685\" src=\"https:\/\/www.upo.es\/diario\/wp-content\/uploads\/2019\/11\/junion_romani-255x360.jpg\" alt=\"\" width=\"255\" height=\"360\" srcset=\"https:\/\/www.upo.es\/diario\/wp-content\/uploads\/2019\/11\/junion_romani-255x360.jpg 255w, https:\/\/www.upo.es\/diario\/wp-content\/uploads\/2019\/11\/junion_romani-768x1086.jpg 768w, https:\/\/www.upo.es\/diario\/wp-content\/uploads\/2019\/11\/junion_romani-530x750.jpg 530w, https:\/\/www.upo.es\/diario\/wp-content\/uploads\/2019\/11\/junion_romani-600x849.jpg 600w, https:\/\/www.upo.es\/diario\/wp-content\/uploads\/2019\/11\/junion_romani-1320x1867.jpg 1320w\" sizes=\"auto, (max-width: 255px) 100vw, 255px\" \/><\/a><\/p>\n<p>El acto de inauguraci\u00f3n estar\u00e1 presidido por Elodia Hern\u00e1ndez Le\u00f3n, vicerrectora de Cultura y Compromiso Social de la Universidad Pablo de Olavide, quien estar\u00e1 acompa\u00f1ada de Rosa Mar\u00eda D\u00edaz Jim\u00e9nez, decana de la Facultad de Ciencias Sociales de esta universidad, y Antonio Torres Fern\u00e1ndez, vicepresidente de Uni\u00f3n Roman\u00ed.<\/p>\n<p>Estas jornadas, que se desarrollar\u00e1n del 12 al 14 de noviembre, est\u00e1n dirigidas fundamentalmente a trabajadores y estudiantes de los \u00e1mbitos educativo, social y sanitario a los que se pretende dar a conocer aspectos esenciales de la cultura y valores gitanos, as\u00ed como incrementar sus competencias y destrezas profesionales con objeto de que puedan aplicarlas en sus intervenciones con este grupo poblacional en situaci\u00f3n de riesgo o exclusi\u00f3n social.<\/p>\n<p>Las conferencias abordar\u00e1n cuestiones relacionadas con factores de cambio en el pueblo gitano, habilidades sociales y resoluci\u00f3n de conflictos, negociaci\u00f3n, estrategias de mediaci\u00f3n, aprendizajes con la minor\u00eda roman\u00ed, y situaci\u00f3n de la comunidad gitana en Europa del Este. Ello dentro de una metodolog\u00eda abierta y participativa en la que se fomentar\u00e1 el debate y el intercambio de experiencias entre los presentes.<\/p>\n<p>As\u00ed, contar\u00e1n con la participaci\u00f3n de ponentes con una avalada trayectoria profesional como Javier Al\u00e9s, director del Foro Internacional de Mediadores de la Universidad Loyola Andaluc\u00eda; Fernando Ruiz, antrop\u00f3logo y profesor de la UPO; Juan Diego Mata, presidente de la Asociaci\u00f3n Andaluza de Mediaci\u00f3n AMEFA; Jos\u00e9 David Guti\u00e9rrez, profesor de Trabajo Social de la UPO; Francisco Ramas, gerente de Scouts Sevilla MSC; y Antonio Torres, vicepresidente y director de programas de Uni\u00f3n Roman\u00ed.<\/p>\n<p>Desde Uni\u00f3n Roman\u00ed, organizaci\u00f3n no gubernamental de car\u00e1cter no lucrativo, se considera que la atenci\u00f3n a la poblaci\u00f3n gitana en contextos de vulnerabilidad precisa de una respuesta integral que necesariamente ha de abordarse desde todos los \u00e1mbitos, con el conjunto de los actores implicados y con los conocimientos adecuados sobre las personas objeto de la intervenci\u00f3n, motivos por los que desde hace m\u00e1s de 16 a\u00f1os vienen organizando estas jornadas en universidades de toda Espa\u00f1a. As\u00ed, financiado por el Ministerio de Sanidad, Consumo y Bienestar Social, el ciclo sobre \u2018Igualdad de Trato y No Discriminaci\u00f3n en la Comunidad Gitana en Exclusi\u00f3n\u2019 arranc\u00f3 este a\u00f1o en la Facultad de Educaci\u00f3n de la Universidad de Burgos y hace ahora su segunda parada en Sevilla.<\/p>\n<p>&nbsp;<\/p>\n<p><strong>M\u00e1s informaci\u00f3n:<\/strong><\/p>\n<p><strong>\u00a0\u00a0\u00a0\u00a0\u00a0\u00a0\u00a0\u00a0\u00a0\u00a0\u00a0 <\/strong><a href=\"http:\/\/jornadasunionromani.x10host.com\/wp-content\/uploads\/2019\/10\/Informaci%C3%B3n-Sevilla-UPO.pdf\">Jornadas de Igualdad de Trato y No Discriminaci\u00f3n en la Comunidad Gitana en Exclusi\u00f3n<\/a><\/p>\n<p>&nbsp;<\/p>\n","protected":false},"excerpt":{"rendered":"<p>Ma\u00f1ana martes 12 de noviembre, a las 16:15 horas en el aula 1.11 del edificio 24 de la Universidad Pablo de Olavide, dar\u00e1n comienzo las \u2018Jornadas de Igualdad de Trato y No Discriminaci\u00f3n en la Comunidad Gitana en Exclusi\u00f3n\u2019, un encuentro formativo para profesionales del \u00e1mbito social organizado por Uni\u00f3n Roman\u00ed con la colaboraci\u00f3n de la Facultad de Ciencias Sociales de la UPO.<\/p>\n","protected":false},"author":2,"featured_media":30858685,"comment_status":"closed","ping_status":"open","sticky":false,"template":"","format":"standard","meta":{"_monsterinsights_skip_tracking":false,"_monsterinsights_sitenote_active":false,"_monsterinsights_sitenote_note":"","_monsterinsights_sitenote_category":0,"footnotes":""},"categories":[2779],"tags":[6356,5834,487,509,84,6357,6358,2310,2667],"class_list":["post-30858684","post","type-post","status-publish","format-standard","has-post-thumbnail","hentry","category-docencia-formacion","tag-comunidad-gitana","tag-cultura","tag-facultad-ciencias-sociales","tag-formacion","tag-jornadas","tag-romani","tag-union-romani","tag-valores","tag-vicerrectorado-de-cultura-y-compromiso-social"],"_links":{"self":[{"href":"https:\/\/www.upo.es\/diario\/wp-json\/wp\/v2\/posts\/30858684","targetHints":{"allow":["GET"]}}],"collection":[{"href":"https:\/\/www.upo.es\/diario\/wp-json\/wp\/v2\/posts"}],"about":[{"href":"https:\/\/www.upo.es\/diario\/wp-json\/wp\/v2\/types\/post"}],"author":[{"embeddable":true,"href":"https:\/\/www.upo.es\/diario\/wp-json\/wp\/v2\/users\/2"}],"replies":[{"embeddable":true,"href":"https:\/\/www.upo.es\/diario\/wp-json\/wp\/v2\/comments?post=30858684"}],"version-history":[{"count":1,"href":"https:\/\/www.upo.es\/diario\/wp-json\/wp\/v2\/posts\/30858684\/revisions"}],"predecessor-version":[{"id":30858686,"href":"https:\/\/www.upo.es\/diario\/wp-json\/wp\/v2\/posts\/30858684\/revisions\/30858686"}],"wp:featuredmedia":[{"embeddable":true,"href":"https:\/\/www.upo.es\/diario\/wp-json\/wp\/v2\/media\/30858685"}],"wp:attachment":[{"href":"https:\/\/www.upo.es\/diario\/wp-json\/wp\/v2\/media?parent=30858684"}],"wp:term":[{"taxonomy":"category","embeddable":true,"href":"https:\/\/www.upo.es\/diario\/wp-json\/wp\/v2\/categories?post=30858684"},{"taxonomy":"post_tag","embeddable":true,"href":"https:\/\/www.upo.es\/diario\/wp-json\/wp\/v2\/tags?post=30858684"}],"curies":[{"name":"wp","href":"https:\/\/api.w.org\/{rel}","templated":true}]}}