{"id":30858687,"date":"2019-11-11T00:50:32","date_gmt":"2019-11-10T23:50:32","guid":{"rendered":"https:\/\/www.upo.es\/diario\/?p=30858687"},"modified":"2019-11-11T15:04:29","modified_gmt":"2019-11-11T14:04:29","slug":"los-retos-de-la-educacion-generando-futuro","status":"publish","type":"post","link":"https:\/\/www.upo.es\/diario\/video\/2019\/11\/los-retos-de-la-educacion-generando-futuro\/","title":{"rendered":"Los retos de la educaci\u00f3n &#8211; Generando Futuro"},"content":{"rendered":"<p><iframe loading=\"lazy\" src=\"https:\/\/www.youtube.com\/embed\/7SXyBL3K6cw\" width=\"720\" height=\"405\" frameborder=\"0\" allowfullscreen=\"allowfullscreen\"><span data-mce-type=\"bookmark\" style=\"display: inline-block; width: 0px; overflow: hidden; line-height: 0;\" class=\"mce_SELRES_start\">\ufeff<\/span><\/iframe><br \/>\n<strong>Enrique Mart\u00edn Criado, catedr\u00e1tico de Sociolog\u00eda de la Universidad Pablo de Olavide, reflexiona sobre los efectos de la desigualdad social en el sistema educativo.<\/strong><\/p>\n","protected":false},"excerpt":{"rendered":"<p>Enrique Mart\u00edn Criado, catedr\u00e1tico de Sociolog\u00eda de la Universidad Pablo de Olavide, reflexiona sobre los efectos de la desigualdad social en el sistema educativo.<\/p>\n","protected":false},"author":6,"featured_media":30858688,"comment_status":"closed","ping_status":"open","sticky":false,"template":"","format":"video","meta":{"_monsterinsights_skip_tracking":false,"_monsterinsights_sitenote_active":false,"_monsterinsights_sitenote_note":"","_monsterinsights_sitenote_category":0,"footnotes":""},"categories":[6038],"tags":[2679,465,104],"class_list":["post-30858687","post","type-post","status-publish","format-video","has-post-thumbnail","hentry","category-video","tag-desigualdad","tag-educacion","tag-sociologia","post_format-post-format-video"],"_links":{"self":[{"href":"https:\/\/www.upo.es\/diario\/wp-json\/wp\/v2\/posts\/30858687","targetHints":{"allow":["GET"]}}],"collection":[{"href":"https:\/\/www.upo.es\/diario\/wp-json\/wp\/v2\/posts"}],"about":[{"href":"https:\/\/www.upo.es\/diario\/wp-json\/wp\/v2\/types\/post"}],"author":[{"embeddable":true,"href":"https:\/\/www.upo.es\/diario\/wp-json\/wp\/v2\/users\/6"}],"replies":[{"embeddable":true,"href":"https:\/\/www.upo.es\/diario\/wp-json\/wp\/v2\/comments?post=30858687"}],"version-history":[{"count":1,"href":"https:\/\/www.upo.es\/diario\/wp-json\/wp\/v2\/posts\/30858687\/revisions"}],"predecessor-version":[{"id":30858689,"href":"https:\/\/www.upo.es\/diario\/wp-json\/wp\/v2\/posts\/30858687\/revisions\/30858689"}],"wp:featuredmedia":[{"embeddable":true,"href":"https:\/\/www.upo.es\/diario\/wp-json\/wp\/v2\/media\/30858688"}],"wp:attachment":[{"href":"https:\/\/www.upo.es\/diario\/wp-json\/wp\/v2\/media?parent=30858687"}],"wp:term":[{"taxonomy":"category","embeddable":true,"href":"https:\/\/www.upo.es\/diario\/wp-json\/wp\/v2\/categories?post=30858687"},{"taxonomy":"post_tag","embeddable":true,"href":"https:\/\/www.upo.es\/diario\/wp-json\/wp\/v2\/tags?post=30858687"}],"curies":[{"name":"wp","href":"https:\/\/api.w.org\/{rel}","templated":true}]}}