{"id":30858695,"date":"2019-11-12T13:59:47","date_gmt":"2019-11-12T12:59:47","guid":{"rendered":"https:\/\/www.upo.es\/diario\/?p=30858695"},"modified":"2019-11-18T13:35:18","modified_gmt":"2019-11-18T12:35:18","slug":"la-cineasta-alexe-poukine-protagoniza-un-encuentro-con-estudiantes-de-la-universidad-pablo-de-olavide","status":"publish","type":"post","link":"https:\/\/www.upo.es\/diario\/comunidad\/2019\/11\/la-cineasta-alexe-poukine-protagoniza-un-encuentro-con-estudiantes-de-la-universidad-pablo-de-olavide\/","title":{"rendered":"La cineasta Alexe Poukine protagoniza un encuentro con estudiantes de la Universidad Pablo de Olavide"},"content":{"rendered":"<figure id=\"attachment_30858696\" aria-describedby=\"caption-attachment-30858696\" style=\"width: 750px\" class=\"wp-caption aligncenter\"><a href=\"https:\/\/www.upo.es\/diario\/wp-content\/uploads\/2019\/11\/encuentro_alexepoukine01.jpg\"><img loading=\"lazy\" decoding=\"async\" class=\"size-large wp-image-30858696\" src=\"https:\/\/www.upo.es\/diario\/wp-content\/uploads\/2019\/11\/encuentro_alexepoukine01-750x500.jpg\" alt=\"\" width=\"750\" height=\"500\" srcset=\"https:\/\/www.upo.es\/diario\/wp-content\/uploads\/2019\/11\/encuentro_alexepoukine01-750x500.jpg 750w, https:\/\/www.upo.es\/diario\/wp-content\/uploads\/2019\/11\/encuentro_alexepoukine01-360x240.jpg 360w, https:\/\/www.upo.es\/diario\/wp-content\/uploads\/2019\/11\/encuentro_alexepoukine01-768x512.jpg 768w, https:\/\/www.upo.es\/diario\/wp-content\/uploads\/2019\/11\/encuentro_alexepoukine01-600x400.jpg 600w, https:\/\/www.upo.es\/diario\/wp-content\/uploads\/2019\/11\/encuentro_alexepoukine01-165x109.jpg 165w, https:\/\/www.upo.es\/diario\/wp-content\/uploads\/2019\/11\/encuentro_alexepoukine01-1320x880.jpg 1320w\" sizes=\"auto, (max-width: 750px) 100vw, 750px\" \/><\/a><figcaption id=\"caption-attachment-30858696\" class=\"wp-caption-text\">La cineasta Alexe Poukine durante en elcuentro celebrado en la UPO.<\/figcaption><\/figure>\n<p>Estudiantes de la Universidad Pablo de Olavide han mantenido en la ma\u00f1ana de hoy martes 12 de noviembre un <strong>encuentro con la cineasta Alexe Poukine<\/strong>, en el marco de las Actividades Paralelas que se celebran con motivo del 16 Festival de Sevilla dedicado al cine europeo.<\/p>\n<figure id=\"attachment_30858697\" aria-describedby=\"caption-attachment-30858697\" style=\"width: 360px\" class=\"wp-caption alignright\"><a href=\"https:\/\/www.upo.es\/diario\/wp-content\/uploads\/2019\/11\/encuentro_alexepoukine02.jpg\"><img loading=\"lazy\" decoding=\"async\" class=\"size-medium wp-image-30858697\" src=\"https:\/\/www.upo.es\/diario\/wp-content\/uploads\/2019\/11\/encuentro_alexepoukine02-360x240.jpg\" alt=\"\" width=\"360\" height=\"240\" srcset=\"https:\/\/www.upo.es\/diario\/wp-content\/uploads\/2019\/11\/encuentro_alexepoukine02-360x240.jpg 360w, https:\/\/www.upo.es\/diario\/wp-content\/uploads\/2019\/11\/encuentro_alexepoukine02-768x512.jpg 768w, https:\/\/www.upo.es\/diario\/wp-content\/uploads\/2019\/11\/encuentro_alexepoukine02-750x500.jpg 750w, https:\/\/www.upo.es\/diario\/wp-content\/uploads\/2019\/11\/encuentro_alexepoukine02-600x400.jpg 600w, https:\/\/www.upo.es\/diario\/wp-content\/uploads\/2019\/11\/encuentro_alexepoukine02-165x109.jpg 165w, https:\/\/www.upo.es\/diario\/wp-content\/uploads\/2019\/11\/encuentro_alexepoukine02-1320x880.jpg 1320w\" sizes=\"auto, (max-width: 360px) 100vw, 360px\" \/><\/a><figcaption id=\"caption-attachment-30858697\" class=\"wp-caption-text\">Estudiantes de la UPO han asistido al encuentro protagonizado por la cineasta Alexe Poukine.<\/figcaption><\/figure>\n<p>Bajo el t\u00edtulo \u2018Yo s\u00ed te creo: c\u00f3mo se cuenta una violaci\u00f3n\u2019, la cineasta ha abordado el tema central de su pel\u00edcula \u2018That which does not kill\u2019.<\/p>\n<p>Con esta actividad contin\u00faa el compromiso de la Universidad Pablo de Olavide con el Festival de Sevilla, que se materializa tambi\u00e9n con la celebraci\u00f3n, <u>ma\u00f1ana mi\u00e9rcoles 13 de noviembre,<\/u> del <strong>D\u00eda de la Lengua Italiana<\/strong>, organizado conjuntamente con el Centro Cultural Italiano.<\/p>\n<p>Comenzar\u00e1 <u>a las 11:00 horas en los Cines Nervi\u00f3n Plaza <\/u>con la proyecci\u00f3n especial de <em>Fiore Gemello<\/em> de la cineasta Laura Luchetti, incluida en la secci\u00f3n que recoge las pel\u00edculas prenominadas a los premios de la European Film Academy. Por la tarde, <u>a las 18:30 horas en la sede Olavide en Sevilla-Centro<\/u> (C\/ Lara\u00f1a, 4), tendr\u00e1 lugar un encuentro con la actriz italiana Francesca Stajano Sasson, quien impartir\u00e1 la conferencia \u2018La teatralidad del cine\u2019 y estar\u00e1 acompa\u00f1ada de la intervenci\u00f3n musical de Jos\u00e9 Manuel Vaquero.<\/p>\n<p><strong>Premios Rosario Valpuesta<\/strong><\/p>\n<p>Adem\u00e1s, en la colaboraci\u00f3n que la Universidad Pablo de Olavide mantiene con el ICAS para la celebraci\u00f3n del Festival de Sevilla destacan los <strong>Premios Rosario Valpuesta<\/strong> que, dentro de la secci\u00f3n Panorama Andaluz, se conceden al <strong>Mejor Cortometraje<\/strong> y a la <strong>Categor\u00eda Art\u00edstica<\/strong> (m\u00fasica, guion o direcci\u00f3n) tambi\u00e9n para cortometrajes.<\/p>\n<p>Panorama Andaluz es una secci\u00f3n en la que concurren producciones participadas por empresas andaluzas o dirigidas por cineastas de Andaluc\u00eda. En esta 16 edici\u00f3n del Festival compiten un total de 26 cortometrajes: &#8216;Black Bass&#8217;, de Rakesh B. Narwani; &#8216;Litoral&#8217;, de Juanjo Rueda; &#8216;Diez y nueve&#8217;, de Marta M. Mata; &#8216;Blanco roto&#8217;, de Jes\u00fas Noa; &#8216;Barcos de papel&#8217;, de Gonzalo Guajardo; &#8216;Eran otros tiempos&#8217;, de Alejandro Talaver\u00f3n; &#8216;La cascada (o La herida en el ojo)&#8217;, de Carlos Rivero; &#8216;Padre no nuestro&#8217;, de Mar\u00eda Ca\u00f1as; &#8216;Realidades cinematogr\u00e1ficas&#8217;, de Manuel Palma; &#8216;Las manos del viento&#8217;, de Margarita Morales; &#8216;Foreigner&#8217;, de Carlos Violad\u00e9; &#8216;Santas Pascuas&#8217;, de Bernab\u00e9 Bulnes; &#8216;All\u00ed donde estuvimos, a\u00fan estamos&#8217;, de Rebeca L\u00f3pez Escobar y Carlos Escolano (Colectivo Los B\u00e1rbaros); &#8216;El hombre que cambi\u00f3 su zapato por una c\u00e1mara&#8217;, de David Carmona, Emanuele Chianella y Hokman Joma; &#8216;Una habitaci\u00f3n propia&#8217;, de Sandra Romero Acevedo; &#8216;Oliva&#8217;, de Irene Segovia; &#8216;Verano&#8217;, de Juan Antonio Valdivia; &#8216;Fever&#8217;, de Rafael Romero Pe\u00f1a; &#8216;Graves y agudos&#8217;, de Ad\u00e1n Barajas; &#8216;Volveremos a ser ruinas&#8217;, de Santiago Bravo; &#8216;The Sasha&#8217;, de Mar\u00eda Molina Peir\u00f3; &#8216;Sisyphus&#8217;, de Daniel Natoli; &#8216;Yo, monstruo&#8217;, de Paco Ruiz; &#8216;Enamorada de un monstruo de Marte&#8217;, de Pablo Escudero y Alba Muriel; &#8216;Carmen&#8217;, de Quique Ma\u00f1as, Jorge Montalb\u00e1n y Carmen Kobayashi.<\/p>\n","protected":false},"excerpt":{"rendered":"<p>Estudiantes de la Universidad Pablo de Olavide han mantenido en la ma\u00f1ana de hoy martes 12 de noviembre un encuentro con la cineasta Alexe Poukine, en el marco de las Actividades Paralelas que se celebran con motivo del 16 Festival de Sevilla dedicado al cine europeo.<\/p>\n","protected":false},"author":2,"featured_media":30858696,"comment_status":"closed","ping_status":"open","sticky":false,"template":"","format":"standard","meta":{"_monsterinsights_skip_tracking":false,"_monsterinsights_sitenote_active":false,"_monsterinsights_sitenote_note":"","_monsterinsights_sitenote_category":0,"footnotes":""},"categories":[5842],"tags":[6359,2748,937,1841,6361,821,6355,1030,6362],"class_list":["post-30858695","post","type-post","status-publish","format-standard","has-post-thumbnail","hentry","category-comunidad","tag-16-festival-de-sevilla","tag-centro-cultural-italiano","tag-cine","tag-cortometrajes","tag-dia-lengua-italiana","tag-encuentro","tag-festival-de-sevilla","tag-premios","tag-premios-rosario-valpuesta"],"_links":{"self":[{"href":"https:\/\/www.upo.es\/diario\/wp-json\/wp\/v2\/posts\/30858695","targetHints":{"allow":["GET"]}}],"collection":[{"href":"https:\/\/www.upo.es\/diario\/wp-json\/wp\/v2\/posts"}],"about":[{"href":"https:\/\/www.upo.es\/diario\/wp-json\/wp\/v2\/types\/post"}],"author":[{"embeddable":true,"href":"https:\/\/www.upo.es\/diario\/wp-json\/wp\/v2\/users\/2"}],"replies":[{"embeddable":true,"href":"https:\/\/www.upo.es\/diario\/wp-json\/wp\/v2\/comments?post=30858695"}],"version-history":[{"count":1,"href":"https:\/\/www.upo.es\/diario\/wp-json\/wp\/v2\/posts\/30858695\/revisions"}],"predecessor-version":[{"id":30858698,"href":"https:\/\/www.upo.es\/diario\/wp-json\/wp\/v2\/posts\/30858695\/revisions\/30858698"}],"wp:featuredmedia":[{"embeddable":true,"href":"https:\/\/www.upo.es\/diario\/wp-json\/wp\/v2\/media\/30858696"}],"wp:attachment":[{"href":"https:\/\/www.upo.es\/diario\/wp-json\/wp\/v2\/media?parent=30858695"}],"wp:term":[{"taxonomy":"category","embeddable":true,"href":"https:\/\/www.upo.es\/diario\/wp-json\/wp\/v2\/categories?post=30858695"},{"taxonomy":"post_tag","embeddable":true,"href":"https:\/\/www.upo.es\/diario\/wp-json\/wp\/v2\/tags?post=30858695"}],"curies":[{"name":"wp","href":"https:\/\/api.w.org\/{rel}","templated":true}]}}