{"id":30858754,"date":"2019-11-19T07:47:37","date_gmt":"2019-11-19T06:47:37","guid":{"rendered":"https:\/\/www.upo.es\/diario\/?p=30858754"},"modified":"2019-11-19T08:56:41","modified_gmt":"2019-11-19T07:56:41","slug":"presentacion-del-libro-los-imperios-ibericos-y-la-globalizacion-de-europa","status":"publish","type":"post","link":"https:\/\/www.upo.es\/diario\/docencia-formacion\/2019\/11\/presentacion-del-libro-los-imperios-ibericos-y-la-globalizacion-de-europa\/","title":{"rendered":"Presentaci\u00f3n del libro \u2018Los imperios ib\u00e9ricos y la globalizaci\u00f3n de Europa&#8217;"},"content":{"rendered":"<p><a href=\"https:\/\/www.upo.es\/diario\/wp-content\/uploads\/2019\/11\/libro_imperiosibericos.jpg\"><img loading=\"lazy\" decoding=\"async\" class=\"alignright size-medium wp-image-30858755\" src=\"https:\/\/www.upo.es\/diario\/wp-content\/uploads\/2019\/11\/libro_imperiosibericos-218x360.jpg\" alt=\"\" width=\"218\" height=\"360\" srcset=\"https:\/\/www.upo.es\/diario\/wp-content\/uploads\/2019\/11\/libro_imperiosibericos-218x360.jpg 218w, https:\/\/www.upo.es\/diario\/wp-content\/uploads\/2019\/11\/libro_imperiosibericos.jpg 400w\" sizes=\"auto, (max-width: 218px) 100vw, 218px\" \/><\/a>Con motivo de la publicaci\u00f3n del libro \u2018<strong>Los imperios ib\u00e9ricos y la globalizaci\u00f3n de Europa (siglos XV a XVII)\u2019<\/strong> del catedr\u00e1tico de Historia Moderna de la Universidad Pablo de Olavide <strong>Bartolom\u00e9 Yum Casalilla<\/strong>, <u>hoy martes 19 de noviembre, a las 19:00 horas en el Consulado General de Portugal en Sevilla<\/u> (Avenida del Cid, 1), se celebrar\u00e1 una conferencia en la que tambi\u00e9n participar\u00e1 el historiador de la Universidad Nova de Lisboa <strong>Pedro Cardim<\/strong>.<\/p>\n<p>En este encuentro se abordar\u00e1 este importante per\u00edodo de las historias de Portugal y de Espa\u00f1a, los descubrimientos que dieron origen a la globalizaci\u00f3n, la formaci\u00f3n de los dos imperios transoce\u00e1nicos y los contextos mundial y europeo en que estos hechos hist\u00f3ricos ocurrieron. Un ejercicio de Historia comparada importante para conocer mejor no solo nuestro pasado, sino tambi\u00e9n para comprender la inserci\u00f3n geoestrat\u00e9gica de Portugal y de Espa\u00f1a en el presente y en el futuro.<\/p>\n<p>Sinopsis del libro \u2018<strong>Los imperios ib\u00e9ricos y la globalizaci\u00f3n de Europa\u2019<\/strong> (Barcelona, Galaxia Gutenberg, 2019): La historia de Espa\u00f1a y Portugal est\u00e1 plagada de estereotipos que, a menudo, se usan tanto para alimentar el triunfalismo como un pesimismo paralizante. Solo los pueblos que conocen los contrastes de su historia pueden entender el pasado para, desde \u00e9l, construir su futuro. Este libro afronta la de ambos pa\u00edses y sus imperios desde la perspectiva del papel crucial que desempe\u00f1aron en la globalizaci\u00f3n primitiva y del impacto que esta tuvo en sus sociedades y en Europa en general, as\u00ed como en las \u00e1reas de dominio en \u00c1frica, Asia y Am\u00e9rica. A\u00f1os de investigaci\u00f3n y reflexi\u00f3n, y una comparaci\u00f3n sistem\u00e1tica con los pa\u00edses de su entorno, han permitido a Bartolom\u00e9 Yun seleccionar para el lector los hechos b\u00e1sicos y contestar cuestiones de calado. \u00bfEstaban capacitados los pueblos de Iberia para las empresas que hubieron de afrontar? \u00bfEran eficientes su tecnolog\u00eda, sus conocimientos o sus instituciones? \u00bfEstuvieron sus \u00e9lites a la altura de estos retos? \u00bfQu\u00e9 tipo de relaciones sociales facilit\u00f3 el imparable ascenso de Iberia y cu\u00e1l fue el precio que pagaron sus sociedades? \u00bfFueron capaces de cambiar para mantener el dominio del mundo? \u00bfPodemos hablar de decadencia en el sentido habitual? Este importante y ambicioso libro est\u00e1 iluminado por destellos de sabidur\u00eda, y cuestiona el estereotipo de la Espa\u00f1a de la temprana Edad Moderna como una sociedad incapaz de reaccionar ante las demandas de un mundo cada vez m\u00e1s globalizado.<\/p>\n<p>\u2018Los imperios ib\u00e9ricos y la globalizaci\u00f3n de Europa\u2019, es una traducci\u00f3n resumida de <em>Iberian Word Empires and the Globalization of Europe, 1415-1668<\/em> (Palgrave, 2019), de acceso abierto y gratis en <a href=\"https:\/\/www.palgrave.com\/gp\/book\/9789811308321\">https:\/\/www.palgrave.com\/gp\/book\/9789811308321<\/a>).<\/p>\n<p>La entrada a la conferencia, organizada por el Consulado General de Portugal en Sevilla, es libre mediante inscripci\u00f3n previa en <a href=\"mailto:protocolo.sevilla@mne.pt\">protocolo.sevilla@mne.pt<\/a><\/p>\n<p>&nbsp;<\/p>\n","protected":false},"excerpt":{"rendered":"<p>Con motivo de la publicaci\u00f3n del libro \u2018Los imperios ib\u00e9ricos y la globalizaci\u00f3n de Europa (siglos XV a XVII)\u2019 del catedr\u00e1tico de Historia Moderna de la Universidad Pablo de Olavide Bartolom\u00e9 Yum Casalilla, hoy martes 19 de noviembre, a las 19:00 horas en el Consulado General de Portugal en Sevilla (Avenida del Cid, 1), se celebrar\u00e1 una conferencia en la que tambi\u00e9n participar\u00e1 el historiador de la Universidad Nova de Lisboa Pedro Cardim. <\/p>\n","protected":false},"author":2,"featured_media":30858755,"comment_status":"closed","ping_status":"open","sticky":false,"template":"","format":"standard","meta":{"_monsterinsights_skip_tracking":false,"_monsterinsights_sitenote_active":false,"_monsterinsights_sitenote_note":"","_monsterinsights_sitenote_category":0,"footnotes":""},"categories":[2779],"tags":[285,454,2256,150,6365,333,1982,334],"class_list":["post-30858754","post","type-post","status-publish","format-standard","has-post-thumbnail","hentry","category-docencia-formacion","tag-espana","tag-europa","tag-globalizacion","tag-historia","tag-imperio-iberico","tag-libro","tag-portugal","tag-presentacion"],"_links":{"self":[{"href":"https:\/\/www.upo.es\/diario\/wp-json\/wp\/v2\/posts\/30858754","targetHints":{"allow":["GET"]}}],"collection":[{"href":"https:\/\/www.upo.es\/diario\/wp-json\/wp\/v2\/posts"}],"about":[{"href":"https:\/\/www.upo.es\/diario\/wp-json\/wp\/v2\/types\/post"}],"author":[{"embeddable":true,"href":"https:\/\/www.upo.es\/diario\/wp-json\/wp\/v2\/users\/2"}],"replies":[{"embeddable":true,"href":"https:\/\/www.upo.es\/diario\/wp-json\/wp\/v2\/comments?post=30858754"}],"version-history":[{"count":2,"href":"https:\/\/www.upo.es\/diario\/wp-json\/wp\/v2\/posts\/30858754\/revisions"}],"predecessor-version":[{"id":30858776,"href":"https:\/\/www.upo.es\/diario\/wp-json\/wp\/v2\/posts\/30858754\/revisions\/30858776"}],"wp:featuredmedia":[{"embeddable":true,"href":"https:\/\/www.upo.es\/diario\/wp-json\/wp\/v2\/media\/30858755"}],"wp:attachment":[{"href":"https:\/\/www.upo.es\/diario\/wp-json\/wp\/v2\/media?parent=30858754"}],"wp:term":[{"taxonomy":"category","embeddable":true,"href":"https:\/\/www.upo.es\/diario\/wp-json\/wp\/v2\/categories?post=30858754"},{"taxonomy":"post_tag","embeddable":true,"href":"https:\/\/www.upo.es\/diario\/wp-json\/wp\/v2\/tags?post=30858754"}],"curies":[{"name":"wp","href":"https:\/\/api.w.org\/{rel}","templated":true}]}}