{"id":30858763,"date":"2019-11-12T22:33:34","date_gmt":"2019-11-12T21:33:34","guid":{"rendered":"https:\/\/www.upo.es\/diario\/?p=30858763"},"modified":"2019-11-18T22:44:31","modified_gmt":"2019-11-18T21:44:31","slug":"estudiantes-y-profesorado-de-la-upo-se-unen-a-la-iniciativa-caminando-por-un-reto","status":"publish","type":"post","link":"https:\/\/www.upo.es\/diario\/comunidad\/2019\/11\/estudiantes-y-profesorado-de-la-upo-se-unen-a-la-iniciativa-caminando-por-un-reto\/","title":{"rendered":"Estudiantes y profesorado de la Facultad de Ciencias del Deporte se unen a la iniciativa &#8216;Caminando por un reto&#8217;"},"content":{"rendered":"<p><a href=\"https:\/\/www.upo.es\/diario\/wp-content\/uploads\/2019\/11\/IMG_20191112_1154581.jpg\"><img loading=\"lazy\" decoding=\"async\" class=\"aligncenter size-large wp-image-30858768\" src=\"https:\/\/www.upo.es\/diario\/wp-content\/uploads\/2019\/11\/IMG_20191112_1154581-750x563.jpg\" alt=\"\" width=\"750\" height=\"563\" srcset=\"https:\/\/www.upo.es\/diario\/wp-content\/uploads\/2019\/11\/IMG_20191112_1154581-750x563.jpg 750w, https:\/\/www.upo.es\/diario\/wp-content\/uploads\/2019\/11\/IMG_20191112_1154581-360x270.jpg 360w, https:\/\/www.upo.es\/diario\/wp-content\/uploads\/2019\/11\/IMG_20191112_1154581-768x577.jpg 768w, https:\/\/www.upo.es\/diario\/wp-content\/uploads\/2019\/11\/IMG_20191112_1154581-600x451.jpg 600w, https:\/\/www.upo.es\/diario\/wp-content\/uploads\/2019\/11\/IMG_20191112_1154581-1320x991.jpg 1320w\" sizes=\"auto, (max-width: 750px) 100vw, 750px\" \/><\/a>La Facultad de Ciencias del Deporte de la Universidad Pablo de Olavide se ha sumado hoy a la iniciativa nacional &#8216;Caminando por un reto&#8217; con un recorrido de 5 kil\u00f3metros por el campus, con motivo del D\u00eda Mundial Contra la Obesidad.<\/p>\n<p>Por segundo a\u00f1o consecutivo, <strong>estudiantes y profesorado han realizado esta ma\u00f1ana una marcha por el campus de la UPO para contribuir con sus pasos a la meta compartida con 176 entidades que han participado en &#8216;Caminando por un reto: alcanzar la luna&#8217;<\/strong>. El objetivo es recorrer un total de 384.400 km, la distancia que separa la Tierra de la Luna, con los pasos de todos los participantes y la colaboraci\u00f3n de ayuntamientos, entidades deportivas, organizaciones e instituciones educativas. La organizaci\u00f3n ha calculado que, para cumplir el objetivo, tendr\u00e1n que sumarse a la actividad un m\u00ednimo de 50 municipios y entorno a 80.000 personas.<\/p>\n<p>&#8216;Caminando por un reto&#8217; es una iniciativa del Ayuntamiento de Benalm\u00e1dena que nace en el a\u00f1o 2016 dentro del II Plan Local de Salud, con el objetivo de promocionar la actividad f\u00edsica y el deporte y luchar contra la obesidad. Este a\u00f1o ha contado con el apoyo de la Consejer\u00eda de Educaci\u00f3n y Deporte de la Junta de Andaluc\u00eda y del Consejo Superior de Deportes.<\/p>\n<p>&nbsp;<\/p>\n","protected":false},"excerpt":{"rendered":"<p>Por segundo a\u00f1o consecutivo, estudiantes y profesorado han realizado esta ma\u00f1ana una marcha por el campus de la UPO para contribuir con sus pasos a la meta compartida con 176 entidades que han participado en &#8216;Caminando por un reto: alcanzar la luna&#8217;.<\/p>\n","protected":false},"author":6,"featured_media":30858768,"comment_status":"closed","ping_status":"open","sticky":false,"template":"","format":"standard","meta":{"_monsterinsights_skip_tracking":false,"_monsterinsights_sitenote_active":false,"_monsterinsights_sitenote_note":"","_monsterinsights_sitenote_category":0,"footnotes":""},"categories":[5842],"tags":[541,21,3342,274,218],"class_list":["post-30858763","post","type-post","status-publish","format-standard","has-post-thumbnail","hentry","category-comunidad","tag-deporte","tag-estudiantes","tag-facultad-de-ciencias-del-deporte","tag-obesidad","tag-salud"],"_links":{"self":[{"href":"https:\/\/www.upo.es\/diario\/wp-json\/wp\/v2\/posts\/30858763","targetHints":{"allow":["GET"]}}],"collection":[{"href":"https:\/\/www.upo.es\/diario\/wp-json\/wp\/v2\/posts"}],"about":[{"href":"https:\/\/www.upo.es\/diario\/wp-json\/wp\/v2\/types\/post"}],"author":[{"embeddable":true,"href":"https:\/\/www.upo.es\/diario\/wp-json\/wp\/v2\/users\/6"}],"replies":[{"embeddable":true,"href":"https:\/\/www.upo.es\/diario\/wp-json\/wp\/v2\/comments?post=30858763"}],"version-history":[{"count":6,"href":"https:\/\/www.upo.es\/diario\/wp-json\/wp\/v2\/posts\/30858763\/revisions"}],"predecessor-version":[{"id":30858770,"href":"https:\/\/www.upo.es\/diario\/wp-json\/wp\/v2\/posts\/30858763\/revisions\/30858770"}],"wp:featuredmedia":[{"embeddable":true,"href":"https:\/\/www.upo.es\/diario\/wp-json\/wp\/v2\/media\/30858768"}],"wp:attachment":[{"href":"https:\/\/www.upo.es\/diario\/wp-json\/wp\/v2\/media?parent=30858763"}],"wp:term":[{"taxonomy":"category","embeddable":true,"href":"https:\/\/www.upo.es\/diario\/wp-json\/wp\/v2\/categories?post=30858763"},{"taxonomy":"post_tag","embeddable":true,"href":"https:\/\/www.upo.es\/diario\/wp-json\/wp\/v2\/tags?post=30858763"}],"curies":[{"name":"wp","href":"https:\/\/api.w.org\/{rel}","templated":true}]}}