{"id":30858793,"date":"2019-11-20T16:35:03","date_gmt":"2019-11-20T15:35:03","guid":{"rendered":"https:\/\/www.upo.es\/diario\/?p=30858793"},"modified":"2019-11-29T13:23:32","modified_gmt":"2019-11-29T12:23:32","slug":"ix-campana-25n-con-motivo-del-dia-internacional-para-la-eliminacion-de-las-violencias-contra-las-mujeres","status":"publish","type":"post","link":"https:\/\/www.upo.es\/diario\/institucional\/2019\/11\/ix-campana-25n-con-motivo-del-dia-internacional-para-la-eliminacion-de-las-violencias-contra-las-mujeres\/","title":{"rendered":"IX Campa\u00f1a 25N con motivo del D\u00eda Internacional para la Eliminaci\u00f3n de las Violencias contra las Mujeres"},"content":{"rendered":"<figure id=\"attachment_30858794\" aria-describedby=\"caption-attachment-30858794\" style=\"width: 750px\" class=\"wp-caption aligncenter\"><a href=\"https:\/\/www.upo.es\/diario\/wp-content\/uploads\/2019\/11\/25-N_VocesContralasViolenciasMachistas.jpg\"><img loading=\"lazy\" decoding=\"async\" class=\"size-large wp-image-30858794\" src=\"https:\/\/www.upo.es\/diario\/wp-content\/uploads\/2019\/11\/25-N_VocesContralasViolenciasMachistas-750x422.jpg\" alt=\"\" width=\"750\" height=\"422\" srcset=\"https:\/\/www.upo.es\/diario\/wp-content\/uploads\/2019\/11\/25-N_VocesContralasViolenciasMachistas-750x422.jpg 750w, https:\/\/www.upo.es\/diario\/wp-content\/uploads\/2019\/11\/25-N_VocesContralasViolenciasMachistas-360x203.jpg 360w, https:\/\/www.upo.es\/diario\/wp-content\/uploads\/2019\/11\/25-N_VocesContralasViolenciasMachistas-768x432.jpg 768w, https:\/\/www.upo.es\/diario\/wp-content\/uploads\/2019\/11\/25-N_VocesContralasViolenciasMachistas-600x338.jpg 600w, https:\/\/www.upo.es\/diario\/wp-content\/uploads\/2019\/11\/25-N_VocesContralasViolenciasMachistas-1320x743.jpg 1320w\" sizes=\"auto, (max-width: 750px) 100vw, 750px\" \/><\/a><figcaption id=\"caption-attachment-30858794\" class=\"wp-caption-text\">Elodia Hern\u00e1ndez, Vicente Guzm\u00e1n y Amparo Rubiales con integrantes de la Red Universitaria contra la Violencia de G\u00e9nero<\/figcaption><\/figure>\n<p>La Universidad Pablo de Olavide pone en marcha la <strong>IX Campa\u00f1a 25N con motivo del \u2018D\u00eda Internacional para la eliminaci\u00f3n de las violencias contra las mujeres\u2019<\/strong> con un extenso programa de actividades que comienza esta misma semana, coordinado por la Oficina para la Igualdad del Vicerrectorado de Cultura y Compromiso Social, cuyo objetivo es visibilizar las acciones que se desarrollan en esta Universidad y as\u00ed concienciar y sensibilizar a la comunidad universitaria sobre la erradicaci\u00f3n de las violencias machistas.<\/p>\n<p>En este sentido, hoy mi\u00e9rcoles se ha presentado el <a href=\"https:\/\/www.youtube.com\/watch?v=RczqQwSDlFY&amp;feature=youtu.be\"><strong>v\u00eddeo \u2018Voces contra las violencias machistas\u2019<\/strong><\/a> en un acto presidido por el rector de la Universidad Pablo de Olavide, Vicente Guzm\u00e1n Fluja, qui\u00e9n ha estado acompa\u00f1ado por Amparo Rubiales Torrej\u00f3n, presidenta del Consejo Social de la UPO, y Elodia Hern\u00e1ndez Le\u00f3n, vicerrectora de Cultura y Compromiso Social.<\/p>\n<p>Con el objetivo de sensibilizar, prevenir y actuar contra cualquiera de las expresiones de la violencia de g\u00e9nero, nace este v\u00eddeo impulsado por la Oficina para la Igualdad del Vicerrectorado de Cultura y Compromiso Social, con la participaci\u00f3n de estudiantes del Doble Grado de Trabajo Social y Sociolog\u00eda y agentes clave de la Red Universitaria contra la Violencia de G\u00e9nero de la UPO, bajo el guion y direcci\u00f3n de Gema Otero Guti\u00e9rrez. As\u00ed, aparecen en el v\u00eddeo Daniel Hueso Rodr\u00edguez, Belinda Contreras Ma\u00f1ana, Juan Ram\u00f3n Rodr\u00edguez Solorzano, Aitana Blanco Gonz\u00e1lez, Jorge Cisneros Pozo, Lidia L\u00f3pez Bastida, Luc\u00eda Alonso Rodr\u00edguez y Amanda P\u00e9rez Paniego<\/p>\n<p>Con su difusi\u00f3n y visionado, se pretende procurar un entorno en el que la dignidad de la persona sea respetada y los principios enunciados para abordar la igualdad y la no discriminaci\u00f3n en el \u00e1mbito universitario sean una realidad social.<\/p>\n<p><a href=\"https:\/\/www.upo.es\/diario\/wp-content\/uploads\/2019\/11\/25-N_VocesContralasViolenciasMachistas_2.jpg\"><img loading=\"lazy\" decoding=\"async\" class=\"alignright size-medium wp-image-30858795\" src=\"https:\/\/www.upo.es\/diario\/wp-content\/uploads\/2019\/11\/25-N_VocesContralasViolenciasMachistas_2-360x240.jpg\" alt=\"\" width=\"360\" height=\"240\" srcset=\"https:\/\/www.upo.es\/diario\/wp-content\/uploads\/2019\/11\/25-N_VocesContralasViolenciasMachistas_2-360x240.jpg 360w, https:\/\/www.upo.es\/diario\/wp-content\/uploads\/2019\/11\/25-N_VocesContralasViolenciasMachistas_2-768x512.jpg 768w, https:\/\/www.upo.es\/diario\/wp-content\/uploads\/2019\/11\/25-N_VocesContralasViolenciasMachistas_2-750x500.jpg 750w, https:\/\/www.upo.es\/diario\/wp-content\/uploads\/2019\/11\/25-N_VocesContralasViolenciasMachistas_2-600x400.jpg 600w, https:\/\/www.upo.es\/diario\/wp-content\/uploads\/2019\/11\/25-N_VocesContralasViolenciasMachistas_2-165x109.jpg 165w, https:\/\/www.upo.es\/diario\/wp-content\/uploads\/2019\/11\/25-N_VocesContralasViolenciasMachistas_2-1320x880.jpg 1320w\" sizes=\"auto, (max-width: 360px) 100vw, 360px\" \/><\/a>Durante el acto, el rector ha destacado el compromiso de la Universidad Pablo de Olavide con la igualdad entre mujeres y hombres y con la lucha para erradicar las violencias machistas. Vicente Guzm\u00e1n, que ha resaltado el car\u00e1cter pionero de la instituci\u00f3n con la creaci\u00f3n de la Red Universitaria Contra la Violencia de G\u00e9nero, ha subrayado tambi\u00e9n el papel educativo y formativo de la Universidad en este \u00e1mbito: \u201cTenemos que ser capaces de convencer de que el lado correcto es la igualdad y la eliminaci\u00f3n de la violencia de g\u00e9nero\u201d.<\/p>\n<p>Por su parte, la presidenta del Consejo Social, Amparo Rubiales ha insistido en la necesidad de continuar trabajando para luchar contra las \u201cconsecuencias m\u00e1s extremas del patriarcado\u201d y ha subrayado la necesidad de \u201chacer un pacto social contra el machismo\u201d.<\/p>\n<p>Otra de las actividades celebradas hoy ha sido la instalaci\u00f3n de <strong>stands informativos de la Red Universitaria contra la Violencia de G\u00e9nero de la Universidad Pablo de Olavide<\/strong>, creada en el curso 2016\/2017 con el objetivo formar agentes clave pertenecientes a la comunidad universitaria para el acompa\u00f1amiento de mujeres que sufren o han sufrido violencia de g\u00e9nero en la UPO.<\/p>\n<p>Hasta principios de diciembre se suceder\u00e1n conferencias, talleres, teatro, programas de radio, difusi\u00f3n en redes sociales, charlas, stand informativo, encuentro cient\u00edfico, presentaci\u00f3n de documentales y v\u00eddeos, workshop, y un mon\u00f3logo, entre otras actividades. Las distintas facultades y centros de la UPO as\u00ed como los departamentos, Programa Cultura M\u00ednima del Servicio de Extensi\u00f3n Cultural de la UPO, Oficina de Igualdade de X\u00e9nero de la Universidade de Santiago de Compostela, Red Universitaria contra la Violencia de G\u00e9nero, M\u00e1ster de G\u00e9nero e Igualdad de la UPO, la Residencia Universitaria Flora Trist\u00e1n, la Unidad contra la Violencia de G\u00e9nero del Ayuntamiento de Sevilla, Asociaci\u00f3n de Teatro para Tod@s, RadiOlavide, CEUPO, Aula Abierta de Mayores de esta universidad, y profesores de distintos departamentos de la UPO, entre otros, han trabajado en colaboraci\u00f3n con la Oficina para la Igualdad de la Universidad Pablo de Olavide en la configuraci\u00f3n de este programa.<\/p>\n<p>As\u00ed, la Universidad Pablo de Olavide, con la IX Campa\u00f1a 25 N y a trav\u00e9s del II Plan de Igualdad, ratifica su compromiso con la erradicaci\u00f3n de las violencias contra las mujeres en todas sus manifestaciones, planteando como objetivos fundamentales sensibilizar, prevenir y actuar contra cualquiera de las expresiones de la violencia de g\u00e9nero.<\/p>\n<p><iframe loading=\"lazy\" src=\"https:\/\/www.youtube.com\/embed\/RczqQwSDlFY\" width=\"720\" height=\"405\" frameborder=\"0\" allowfullscreen=\"allowfullscreen\"><span data-mce-type=\"bookmark\" style=\"display: inline-block; width: 0px; overflow: hidden; line-height: 0;\" class=\"mce_SELRES_start\">\ufeff<\/span><\/iframe><\/p>\n<p>&nbsp;<\/p>\n<p><strong>M\u00e1s informaci\u00f3n y programa de las actividades:<br \/>\n<\/strong><a href=\"https:\/\/www.upo.es\/upsc\/igualdad\/voces-contra-la-violencias-machistas\/\">IX Campa\u00f1a 25N con motivo del \u2018D\u00eda Internacional para la eliminaci\u00f3n de las violencias contra las mujeres\u2019<\/a><\/p>\n","protected":false},"excerpt":{"rendered":"<p>La Universidad Pablo de Olavide pone en marcha la IX Campa\u00f1a 25N con motivo del \u2018D\u00eda Internacional para la eliminaci\u00f3n de las violencias contra las mujeres\u2019 con un extenso programa de actividades que comienza esta misma semana, coordinado por la Oficina para la Igualdad del Vicerrectorado de Cultura y Compromiso Social, cuyo objetivo es visibilizar las acciones que se desarrollan en esta Universidad y as\u00ed concienciar y sensibilizar a la comunidad universitaria sobre la erradicaci\u00f3n de las violencias machistas.<\/p>\n","protected":false},"author":6,"featured_media":30858794,"comment_status":"closed","ping_status":"open","sticky":false,"template":"","format":"standard","meta":{"_monsterinsights_skip_tracking":false,"_monsterinsights_sitenote_active":false,"_monsterinsights_sitenote_note":"","_monsterinsights_sitenote_category":0,"footnotes":""},"categories":[6],"tags":[1557,419,747,336,517,3627,1340,143],"class_list":["post-30858793","post","type-post","status-publish","format-standard","has-post-thumbnail","hentry","category-institucional","tag-amparo-rubiales","tag-campana","tag-elodia-hernandez","tag-genero","tag-igualdad","tag-machismo","tag-vicente-guzman","tag-violencia"],"_links":{"self":[{"href":"https:\/\/www.upo.es\/diario\/wp-json\/wp\/v2\/posts\/30858793","targetHints":{"allow":["GET"]}}],"collection":[{"href":"https:\/\/www.upo.es\/diario\/wp-json\/wp\/v2\/posts"}],"about":[{"href":"https:\/\/www.upo.es\/diario\/wp-json\/wp\/v2\/types\/post"}],"author":[{"embeddable":true,"href":"https:\/\/www.upo.es\/diario\/wp-json\/wp\/v2\/users\/6"}],"replies":[{"embeddable":true,"href":"https:\/\/www.upo.es\/diario\/wp-json\/wp\/v2\/comments?post=30858793"}],"version-history":[{"count":1,"href":"https:\/\/www.upo.es\/diario\/wp-json\/wp\/v2\/posts\/30858793\/revisions"}],"predecessor-version":[{"id":30858796,"href":"https:\/\/www.upo.es\/diario\/wp-json\/wp\/v2\/posts\/30858793\/revisions\/30858796"}],"wp:featuredmedia":[{"embeddable":true,"href":"https:\/\/www.upo.es\/diario\/wp-json\/wp\/v2\/media\/30858794"}],"wp:attachment":[{"href":"https:\/\/www.upo.es\/diario\/wp-json\/wp\/v2\/media?parent=30858793"}],"wp:term":[{"taxonomy":"category","embeddable":true,"href":"https:\/\/www.upo.es\/diario\/wp-json\/wp\/v2\/categories?post=30858793"},{"taxonomy":"post_tag","embeddable":true,"href":"https:\/\/www.upo.es\/diario\/wp-json\/wp\/v2\/tags?post=30858793"}],"curies":[{"name":"wp","href":"https:\/\/api.w.org\/{rel}","templated":true}]}}