{"id":30858827,"date":"2019-11-21T04:32:24","date_gmt":"2019-11-21T03:32:24","guid":{"rendered":"https:\/\/www.upo.es\/diario\/?p=30858827"},"modified":"2019-11-21T15:00:12","modified_gmt":"2019-11-21T14:00:12","slug":"el-v-ciclo-cultural-las-mujeres-como-transmisoras-del-flamenco-comienza-manana-con-maria-jose-carrasco","status":"publish","type":"post","link":"https:\/\/www.upo.es\/diario\/cultura\/2019\/11\/el-v-ciclo-cultural-las-mujeres-como-transmisoras-del-flamenco-comienza-manana-con-maria-jose-carrasco\/","title":{"rendered":"El V Ciclo Cultural \u2018Las mujeres como transmisoras del flamenco\u2019 comienza ma\u00f1ana con Mar\u00eda Jos\u00e9 Carrasco"},"content":{"rendered":"<p><a href=\"https:\/\/www.upo.es\/diario\/wp-content\/uploads\/2019\/11\/mujeres_flamenco_MJCarrasco.jpg\"><img loading=\"lazy\" decoding=\"async\" class=\"alignright size-medium wp-image-30858828\" src=\"https:\/\/www.upo.es\/diario\/wp-content\/uploads\/2019\/11\/mujeres_flamenco_MJCarrasco-254x360.jpg\" alt=\"\" width=\"254\" height=\"360\" srcset=\"https:\/\/www.upo.es\/diario\/wp-content\/uploads\/2019\/11\/mujeres_flamenco_MJCarrasco-254x360.jpg 254w, https:\/\/www.upo.es\/diario\/wp-content\/uploads\/2019\/11\/mujeres_flamenco_MJCarrasco-768x1088.jpg 768w, https:\/\/www.upo.es\/diario\/wp-content\/uploads\/2019\/11\/mujeres_flamenco_MJCarrasco-530x750.jpg 530w, https:\/\/www.upo.es\/diario\/wp-content\/uploads\/2019\/11\/mujeres_flamenco_MJCarrasco-600x850.jpg 600w, https:\/\/www.upo.es\/diario\/wp-content\/uploads\/2019\/11\/mujeres_flamenco_MJCarrasco.jpg 793w\" sizes=\"auto, (max-width: 254px) 100vw, 254px\" \/><\/a>El <strong>V Ciclo Cultural \u2018Las mujeres como transmisoras del flamenco\u2019<\/strong> de la Universidad Pablo de Olavide comienza ma\u00f1ana viernes 22 de noviembre con la visita de la cantaora Mar\u00eda Jos\u00e9 Carrasco, quien ser\u00e1 entrevistada por \u00c1ngeles Cruzado y ofrecer\u00e1 una actuaci\u00f3n acompa\u00f1ada por Curro Vargas a la guitarra. La cita es <u>ma\u00f1ana a las 19:00 horas en el sal\u00f3n de actos del Centro Andaluz de Biolog\u00eda del Desarrollo (CABD), en el campus de la UPO<\/u>. La entrada es libre y gratuita hasta completar aforo.<\/p>\n<p>Organizado por la Pe\u00f1a Universitaria \u2018Sentir Flamenco\u2019 de la UPO, con la colaboraci\u00f3n del Instituto Andaluz del Flamenco, el Vicerrectorado de Cultura y Compromiso Social a trav\u00e9s de su Servicio de Extensi\u00f3n Cultural y el Centro Andaluz de Biolog\u00eda del Desarrollo, este ciclo que celebra ahora su quinta edici\u00f3n trae consigo a grandes artistas del flamenco, mujeres como transmisoras de este arte, que arrojan calidad cultural y cuentan la evoluci\u00f3n de la mujer dentro de las dimensiones antropol\u00f3gicas del flamenco.<\/p>\n<p>Integrada por profesorado, alumnado, personal de administraci\u00f3n y personas ajenas a la Universidad, la Pe\u00f1a \u2018Sentir Flamenco\u2019 de la UPO es una iniciativa que busca el acercamiento de la universidad al flamenco y viceversa. As\u00ed, considerando las dimensiones antropol\u00f3gicas del flamenco, esta pe\u00f1a, que desarrolla su trabajo en el marco del programa \u2018Artes y Formaci\u00f3n\u2019 del Vicerrectorado de Cultura y Compromiso Social de la UPO, organiza conferencias, encuentros con artistas, cine, presentaciones de libros, actuaciones y cursos de guitarra y de baile.<\/p>\n<p>&nbsp;<\/p>\n","protected":false},"excerpt":{"rendered":"<p>El V Ciclo Cultural \u2018Las mujeres como transmisoras del flamenco\u2019 de la Universidad Pablo de Olavide comienza ma\u00f1ana viernes 22 de noviembre con la visita de la cantaora Mar\u00eda Jos\u00e9 Carrasco, quien ser\u00e1 entrevistada por \u00c1ngeles Cruzado y ofrecer\u00e1 una actuaci\u00f3n acompa\u00f1ada por Curro Vargas a la guitarra. La cita es ma\u00f1ana a las 19:00 horas en el sal\u00f3n de actos del Centro Andaluz de Biolog\u00eda del Desarrollo (CABD), en el campus de la UPO. La entrada es libre y gratuita hasta completar aforo.<\/p>\n","protected":false},"author":2,"featured_media":30858828,"comment_status":"closed","ping_status":"open","sticky":false,"template":"","format":"standard","meta":{"_monsterinsights_skip_tracking":false,"_monsterinsights_sitenote_active":false,"_monsterinsights_sitenote_note":"","_monsterinsights_sitenote_category":0,"footnotes":""},"categories":[7],"tags":[43,75,93,402,1142,2667],"class_list":["post-30858827","post","type-post","status-publish","format-standard","has-post-thumbnail","hentry","category-cultura","tag-cabd","tag-extension-cultural","tag-flamenco","tag-musica","tag-pena-sentir-flamenco","tag-vicerrectorado-de-cultura-y-compromiso-social"],"_links":{"self":[{"href":"https:\/\/www.upo.es\/diario\/wp-json\/wp\/v2\/posts\/30858827","targetHints":{"allow":["GET"]}}],"collection":[{"href":"https:\/\/www.upo.es\/diario\/wp-json\/wp\/v2\/posts"}],"about":[{"href":"https:\/\/www.upo.es\/diario\/wp-json\/wp\/v2\/types\/post"}],"author":[{"embeddable":true,"href":"https:\/\/www.upo.es\/diario\/wp-json\/wp\/v2\/users\/2"}],"replies":[{"embeddable":true,"href":"https:\/\/www.upo.es\/diario\/wp-json\/wp\/v2\/comments?post=30858827"}],"version-history":[{"count":1,"href":"https:\/\/www.upo.es\/diario\/wp-json\/wp\/v2\/posts\/30858827\/revisions"}],"predecessor-version":[{"id":30858829,"href":"https:\/\/www.upo.es\/diario\/wp-json\/wp\/v2\/posts\/30858827\/revisions\/30858829"}],"wp:featuredmedia":[{"embeddable":true,"href":"https:\/\/www.upo.es\/diario\/wp-json\/wp\/v2\/media\/30858828"}],"wp:attachment":[{"href":"https:\/\/www.upo.es\/diario\/wp-json\/wp\/v2\/media?parent=30858827"}],"wp:term":[{"taxonomy":"category","embeddable":true,"href":"https:\/\/www.upo.es\/diario\/wp-json\/wp\/v2\/categories?post=30858827"},{"taxonomy":"post_tag","embeddable":true,"href":"https:\/\/www.upo.es\/diario\/wp-json\/wp\/v2\/tags?post=30858827"}],"curies":[{"name":"wp","href":"https:\/\/api.w.org\/{rel}","templated":true}]}}