{"id":30858863,"date":"2019-11-27T12:48:47","date_gmt":"2019-11-27T11:48:47","guid":{"rendered":"https:\/\/www.upo.es\/diario\/?p=30858863"},"modified":"2019-11-28T14:55:33","modified_gmt":"2019-11-28T13:55:33","slug":"concierto-de-zarzuela-con-motivo-de-la-apertura-del-curso-2019-2020-de-la-universidad-pablo-de-olavide","status":"publish","type":"post","link":"https:\/\/www.upo.es\/diario\/comunidad\/2019\/11\/concierto-de-zarzuela-con-motivo-de-la-apertura-del-curso-2019-2020-de-la-universidad-pablo-de-olavide\/","title":{"rendered":"Concierto de Zarzuela con motivo de la Apertura del Curso 2019-2020 de la Universidad Pablo de Olavide"},"content":{"rendered":"<p><a href=\"https:\/\/www.upo.es\/diario\/wp-content\/uploads\/2019\/11\/CONCIERTO-UPO-curso1920_-22.jpg\"><img loading=\"lazy\" decoding=\"async\" class=\"aligncenter size-large wp-image-30858919\" src=\"https:\/\/www.upo.es\/diario\/wp-content\/uploads\/2019\/11\/CONCIERTO-UPO-curso1920_-22-750x500.jpg\" alt=\"\" width=\"750\" height=\"500\" srcset=\"https:\/\/www.upo.es\/diario\/wp-content\/uploads\/2019\/11\/CONCIERTO-UPO-curso1920_-22-750x500.jpg 750w, https:\/\/www.upo.es\/diario\/wp-content\/uploads\/2019\/11\/CONCIERTO-UPO-curso1920_-22-360x240.jpg 360w, https:\/\/www.upo.es\/diario\/wp-content\/uploads\/2019\/11\/CONCIERTO-UPO-curso1920_-22-768x512.jpg 768w, https:\/\/www.upo.es\/diario\/wp-content\/uploads\/2019\/11\/CONCIERTO-UPO-curso1920_-22-600x400.jpg 600w, https:\/\/www.upo.es\/diario\/wp-content\/uploads\/2019\/11\/CONCIERTO-UPO-curso1920_-22-165x109.jpg 165w, https:\/\/www.upo.es\/diario\/wp-content\/uploads\/2019\/11\/CONCIERTO-UPO-curso1920_-22-1320x880.jpg 1320w\" sizes=\"auto, (max-width: 750px) 100vw, 750px\" \/><\/a><\/p>\n<p>El Paraninfo de la Universidad Pablo de Olavide se llen\u00f3 ayer martes d\u00eda 26 con el p\u00fablico asistente al <strong>Concierto de Apertura del Curso 2019-2020<\/strong>, ofrecido por \u00a0la Orquesta Titular de la Compa\u00f1\u00eda Sevillana de Zarzuela, que llev\u00f3 por t\u00edtulo <strong>\u2018La Zarzuela y Los Ej\u00e9rcitos\u2019<\/strong>.<\/p>\n<figure id=\"attachment_30858920\" aria-describedby=\"caption-attachment-30858920\" style=\"width: 360px\" class=\"wp-caption alignright\"><a href=\"https:\/\/www.upo.es\/diario\/wp-content\/uploads\/2019\/11\/CONCIERTO-UPO-curso1920_44.jpg\"><img loading=\"lazy\" decoding=\"async\" class=\"size-medium wp-image-30858920\" src=\"https:\/\/www.upo.es\/diario\/wp-content\/uploads\/2019\/11\/CONCIERTO-UPO-curso1920_44-360x240.jpg\" alt=\"\" width=\"360\" height=\"240\" srcset=\"https:\/\/www.upo.es\/diario\/wp-content\/uploads\/2019\/11\/CONCIERTO-UPO-curso1920_44-360x240.jpg 360w, https:\/\/www.upo.es\/diario\/wp-content\/uploads\/2019\/11\/CONCIERTO-UPO-curso1920_44-768x512.jpg 768w, https:\/\/www.upo.es\/diario\/wp-content\/uploads\/2019\/11\/CONCIERTO-UPO-curso1920_44-750x500.jpg 750w, https:\/\/www.upo.es\/diario\/wp-content\/uploads\/2019\/11\/CONCIERTO-UPO-curso1920_44-600x400.jpg 600w, https:\/\/www.upo.es\/diario\/wp-content\/uploads\/2019\/11\/CONCIERTO-UPO-curso1920_44-165x109.jpg 165w, https:\/\/www.upo.es\/diario\/wp-content\/uploads\/2019\/11\/CONCIERTO-UPO-curso1920_44-1320x880.jpg 1320w\" sizes=\"auto, (max-width: 360px) 100vw, 360px\" \/><\/a><figcaption id=\"caption-attachment-30858920\" class=\"wp-caption-text\">Elena Mart\u00ednez dirigi\u00f3 la orquesta en el concierto &#8216;La Zarzuela y los Ej\u00e9rcitos&#8217;<\/figcaption><\/figure>\n<p>El concierto, que cont\u00f3 con la presencia del rector de la Universidad Pablo de Olavide, <strong>Vicente Guzm\u00e1n Fluja<\/strong>, fue presentado por el presidente de la Compa\u00f1\u00eda Sevillana de Zarzuela, el profesor <strong>Javier S\u00e1nchez-Rivas<\/strong>, y estuvo bajo la direcci\u00f3n musical de la primera directora de orquesta de Sevilla, <strong>Elena Mart\u00ednez Delgado<\/strong>.<\/p>\n<p>La Universidad Pablo de Olavide y el <strong>Proyecto Socio-Cultural de la Compa\u00f1\u00eda Sevillana de Zarzuela<\/strong> firmaron el pasado mes de abril un protocolo general de colaboraci\u00f3n por el que ambas instituciones colaboran en el desarrollo de actividades conjuntas en el \u00e1rea formativa y de investigaci\u00f3n, as\u00ed como en actividades culturales dirigidas a la comunidad universitaria.<\/p>\n<p>La firma de este protocolo consolida la colaboraci\u00f3n institucional con la Universidad Pablo de Olavide, que da comienzo en el a\u00f1o 2012 con la apuesta socio-cultural solidaria de los Veranos de Carmona con la recaudaci\u00f3n de fondos para el Economato Social, y que desde 2015 se complementa con la celebraci\u00f3n del Concierto de Apertura de Curso tematizado cada a\u00f1o con una efem\u00e9ride diferente, como es el caso de este a\u00f1o \u2018La Zarzuela y Los Ej\u00e9rcitos\u2019.<\/p>\n<p>Nacida en el a\u00f1o 2009 la Compa\u00f1\u00eda Sevillana de Zarzuela se cre\u00f3 partiendo de un grupo de j\u00f3venes en el seno de la Universidad de Sevilla con tres objetivos fundamentales: el rescate del g\u00e9nero musical de la Zarzuela (en todos sus aspectos), ser puente formativo- laboral para los j\u00f3venes andaluces que tienen como prop\u00f3sito dedicarse profesionalmente a las artes esc\u00e9nicas y procurar la donaci\u00f3n de recursos econ\u00f3micos a entidades no lucrativas, a trav\u00e9s de la venta de entradas de las producciones.<\/p>\n<p>&nbsp;<\/p>\n<p><a title=\"Concierto de Zarzuela. Curso 2019-2020\" href=\"https:\/\/www.flickr.com\/photos\/pablodeolavide\/albums\/72157711975485008\" data-flickr-embed=\"true\" data-header=\"true\"><img loading=\"lazy\" decoding=\"async\" src=\"https:\/\/live.staticflickr.com\/65535\/49136827771_255993d39d_z.jpg\" alt=\"Concierto de Zarzuela. Curso 2019-2020\" width=\"640\" height=\"339\" \/><\/a><script async src=\"\/\/embedr.flickr.com\/assets\/client-code.js\" charset=\"utf-8\"><\/script><\/p>\n","protected":false},"excerpt":{"rendered":"<p>El Paraninfo de la Universidad Pablo de Olavide se llen\u00f3 ayer martes con el p\u00fablico asistente al Concierto de Apertura del Curso 2019-2020, ofrecido por \u00a0la Orquesta Titular de la Compa\u00f1\u00eda Sevillana de Zarzuela, que llev\u00f3 por t\u00edtulo \u2018La Zarzuela y Los Ej\u00e9rcitos\u2019.<\/p>\n","protected":false},"author":2,"featured_media":30858919,"comment_status":"closed","ping_status":"open","sticky":false,"template":"","format":"standard","meta":{"_monsterinsights_skip_tracking":false,"_monsterinsights_sitenote_active":false,"_monsterinsights_sitenote_note":"","_monsterinsights_sitenote_category":0,"footnotes":""},"categories":[5842],"tags":[3611,5324,3610,173],"class_list":["post-30858863","post","type-post","status-publish","format-standard","has-post-thumbnail","hentry","category-comunidad","tag-apertura-curso","tag-compania-sevillana-de-zarzuela","tag-concierto-zarzuela","tag-ejercito"],"_links":{"self":[{"href":"https:\/\/www.upo.es\/diario\/wp-json\/wp\/v2\/posts\/30858863","targetHints":{"allow":["GET"]}}],"collection":[{"href":"https:\/\/www.upo.es\/diario\/wp-json\/wp\/v2\/posts"}],"about":[{"href":"https:\/\/www.upo.es\/diario\/wp-json\/wp\/v2\/types\/post"}],"author":[{"embeddable":true,"href":"https:\/\/www.upo.es\/diario\/wp-json\/wp\/v2\/users\/2"}],"replies":[{"embeddable":true,"href":"https:\/\/www.upo.es\/diario\/wp-json\/wp\/v2\/comments?post=30858863"}],"version-history":[{"count":6,"href":"https:\/\/www.upo.es\/diario\/wp-json\/wp\/v2\/posts\/30858863\/revisions"}],"predecessor-version":[{"id":30858970,"href":"https:\/\/www.upo.es\/diario\/wp-json\/wp\/v2\/posts\/30858863\/revisions\/30858970"}],"wp:featuredmedia":[{"embeddable":true,"href":"https:\/\/www.upo.es\/diario\/wp-json\/wp\/v2\/media\/30858919"}],"wp:attachment":[{"href":"https:\/\/www.upo.es\/diario\/wp-json\/wp\/v2\/media?parent=30858863"}],"wp:term":[{"taxonomy":"category","embeddable":true,"href":"https:\/\/www.upo.es\/diario\/wp-json\/wp\/v2\/categories?post=30858863"},{"taxonomy":"post_tag","embeddable":true,"href":"https:\/\/www.upo.es\/diario\/wp-json\/wp\/v2\/tags?post=30858863"}],"curies":[{"name":"wp","href":"https:\/\/api.w.org\/{rel}","templated":true}]}}