{"id":30858880,"date":"2019-11-27T19:28:01","date_gmt":"2019-11-27T18:28:01","guid":{"rendered":"https:\/\/www.upo.es\/diario\/?p=30858880"},"modified":"2019-11-28T13:39:34","modified_gmt":"2019-11-28T12:39:34","slug":"la-upo-acoge-manana-las-iv-jornadas-tematicas-de-estadio-deportivo-formacion-y-deporte","status":"publish","type":"post","link":"https:\/\/www.upo.es\/diario\/docencia-formacion\/2019\/11\/la-upo-acoge-manana-las-iv-jornadas-tematicas-de-estadio-deportivo-formacion-y-deporte\/","title":{"rendered":"La UPO acoge las IV Jornadas Tem\u00e1ticas de Estadio Deportivo \u2018Formaci\u00f3n y Deporte\u2019"},"content":{"rendered":"<figure id=\"attachment_30858973\" aria-describedby=\"caption-attachment-30858973\" style=\"width: 750px\" class=\"wp-caption aligncenter\"><a href=\"https:\/\/www.upo.es\/diario\/wp-content\/uploads\/2019\/11\/Jorn_EducacionyDeporte_ED_2019_11_27_21.jpg\"><img loading=\"lazy\" decoding=\"async\" class=\"size-large wp-image-30858973\" src=\"https:\/\/www.upo.es\/diario\/wp-content\/uploads\/2019\/11\/Jorn_EducacionyDeporte_ED_2019_11_27_21-750x500.jpg\" alt=\"\" width=\"750\" height=\"500\" srcset=\"https:\/\/www.upo.es\/diario\/wp-content\/uploads\/2019\/11\/Jorn_EducacionyDeporte_ED_2019_11_27_21-750x500.jpg 750w, https:\/\/www.upo.es\/diario\/wp-content\/uploads\/2019\/11\/Jorn_EducacionyDeporte_ED_2019_11_27_21-360x240.jpg 360w, https:\/\/www.upo.es\/diario\/wp-content\/uploads\/2019\/11\/Jorn_EducacionyDeporte_ED_2019_11_27_21-768x512.jpg 768w, https:\/\/www.upo.es\/diario\/wp-content\/uploads\/2019\/11\/Jorn_EducacionyDeporte_ED_2019_11_27_21-600x400.jpg 600w, https:\/\/www.upo.es\/diario\/wp-content\/uploads\/2019\/11\/Jorn_EducacionyDeporte_ED_2019_11_27_21-165x109.jpg 165w, https:\/\/www.upo.es\/diario\/wp-content\/uploads\/2019\/11\/Jorn_EducacionyDeporte_ED_2019_11_27_21-1320x880.jpg 1320w\" sizes=\"auto, (max-width: 750px) 100vw, 750px\" \/><\/a><figcaption id=\"caption-attachment-30858973\" class=\"wp-caption-text\">Joaqu\u00edn Adorna, Vicente Guzm\u00e1n, Javier Imbroda y \u00c1frica Calvo en la inauguraci\u00f3n de las Jornadas<\/figcaption><\/figure>\n<p><u>Hoy mi\u00e9rcoles 27 de noviembre, en el Paraninfo de la Universidad Pablo de Olavide<\/u>, se han celebrado las <strong>IV Jornadas Tem\u00e1ticas de Estadio Deportivo \u2018Formaci\u00f3n y Deporte\u2019<\/strong>, que han sido inauguradas por el rector de la UPO, <strong>Vicente Guzm\u00e1n Fluja<\/strong>, y por el consejero de Educaci\u00f3n y Deporte de la Junta de Andaluc\u00eda, <strong>Javier Imbroda Ortiz<\/strong>.<\/p>\n<p>El rector y el consejero han estado acompa\u00f1ados por <strong>Joaqu\u00edn Adorna Le\u00f3n<\/strong>, director de Estadio Deportivo, y por <strong>\u00c1frica Calvo Lluch<\/strong>, decana de la Facultad de Ciencias del Deporte.<\/p>\n<p>Seg\u00fan sus organizadores, en esta cuarta edici\u00f3n de las jornadas de Estadio Deportivo se abordar\u00e1n diversos aspectos de la educaci\u00f3n y el deporte, considerados como \u201cdos factores que marcan si nos encontramos o no ante una sociedad avanzada\u201d. As\u00ed, se intentar\u00e1 dar respuesta a distintas cuestiones como de d\u00f3nde venimos y ad\u00f3nde vamos en el deporte escolar y universitario; c\u00f3mo se articula una ampliaci\u00f3n de horas lectivas en Educaci\u00f3n F\u00edsica en Primaria; qu\u00e9 escenario nos encontramos en la Educaci\u00f3n Secundaria; la dif\u00edcil conciliaci\u00f3n entre los estudios y el deporte de alto nivel o de alto rendimiento; o qu\u00e9 nuevas actuaciones se van a llevar a cabo para evitar la \u201cfuga de talentos\u201d a pa\u00edses como Estados Unidos, cuyo sistema de becas premia a los deportistas m\u00e1s capacitados f\u00edsica y mentalmente.<\/p>\n<p>As\u00ed, tras la inauguraci\u00f3n del encuentro, el consejero <strong>Javier Imbroda<\/strong>, ex seleccionador nacional de baloncesto y doctor en Investigaci\u00f3n e Innovaci\u00f3n Educativa, ha ofrecido la lecci\u00f3n inaugural \u2018Formaci\u00f3n y deporte: impulso a un binomio clave en el presente y futuro de Andaluc\u00eda\u2019.<\/p>\n<p>Se profundizar\u00e1 en los temas planteados, a las 11:30 horas, en una mesa redonda moderada por <strong>\u00c1frica Calvo<\/strong>, que contar\u00e1 con las intervenciones de <strong>Isabel S\u00e1nchez Fern\u00e1ndez<\/strong>, exjugadora internacional de baloncesto y directora general de Planificaci\u00f3n Instalaciones y Eventos Deportivos de la Junta de Andaluc\u00eda; <strong>Jos\u00e9 Manuel Ruiz Reyes<\/strong>, jugador de tenis de mesa y medallista paral\u00edmpico, quien suma a sus muchos logros haber sido abanderado espa\u00f1ol en los Juegos Paral\u00edmpicos de R\u00edo 2016; <strong>Pablo Blanco Blanco<\/strong>, director general de la cantera del Sevilla F.C.; y <strong>Estrella Cabeza Candela<\/strong>, mejor tenista andaluza de la historia.<\/p>\n","protected":false},"excerpt":{"rendered":"<p>Hoy mi\u00e9rcoles 27 de noviembre, en el Paraninfo de la Universidad Pablo de Olavide, se han celebrado las IV Jornadas Tem\u00e1ticas de Estadio Deportivo \u2018Formaci\u00f3n y Deporte\u2019, que han sido inauguradas por el rector de la UPO, Vicente Guzm\u00e1n Fluja, y por el consejero de Educaci\u00f3n y Deporte de la Junta de Andaluc\u00eda, Javier Imbroda Ortiz.<\/p>\n","protected":false},"author":2,"featured_media":30858973,"comment_status":"closed","ping_status":"open","sticky":false,"template":"","format":"standard","meta":{"_monsterinsights_skip_tracking":false,"_monsterinsights_sitenote_active":false,"_monsterinsights_sitenote_note":"","_monsterinsights_sitenote_category":0,"footnotes":""},"categories":[2779],"tags":[6377,541,465,5565,3342,509],"class_list":["post-30858880","post","type-post","status-publish","format-standard","has-post-thumbnail","hentry","category-docencia-formacion","tag-consejeria-de-educacion-y-deporte","tag-deporte","tag-educacion","tag-estadio-deportivo","tag-facultad-de-ciencias-del-deporte","tag-formacion"],"_links":{"self":[{"href":"https:\/\/www.upo.es\/diario\/wp-json\/wp\/v2\/posts\/30858880","targetHints":{"allow":["GET"]}}],"collection":[{"href":"https:\/\/www.upo.es\/diario\/wp-json\/wp\/v2\/posts"}],"about":[{"href":"https:\/\/www.upo.es\/diario\/wp-json\/wp\/v2\/types\/post"}],"author":[{"embeddable":true,"href":"https:\/\/www.upo.es\/diario\/wp-json\/wp\/v2\/users\/2"}],"replies":[{"embeddable":true,"href":"https:\/\/www.upo.es\/diario\/wp-json\/wp\/v2\/comments?post=30858880"}],"version-history":[{"count":4,"href":"https:\/\/www.upo.es\/diario\/wp-json\/wp\/v2\/posts\/30858880\/revisions"}],"predecessor-version":[{"id":30858974,"href":"https:\/\/www.upo.es\/diario\/wp-json\/wp\/v2\/posts\/30858880\/revisions\/30858974"}],"wp:featuredmedia":[{"embeddable":true,"href":"https:\/\/www.upo.es\/diario\/wp-json\/wp\/v2\/media\/30858973"}],"wp:attachment":[{"href":"https:\/\/www.upo.es\/diario\/wp-json\/wp\/v2\/media?parent=30858880"}],"wp:term":[{"taxonomy":"category","embeddable":true,"href":"https:\/\/www.upo.es\/diario\/wp-json\/wp\/v2\/categories?post=30858880"},{"taxonomy":"post_tag","embeddable":true,"href":"https:\/\/www.upo.es\/diario\/wp-json\/wp\/v2\/tags?post=30858880"}],"curies":[{"name":"wp","href":"https:\/\/api.w.org\/{rel}","templated":true}]}}