{"id":30858915,"date":"2019-11-27T15:03:01","date_gmt":"2019-11-27T14:03:01","guid":{"rendered":"https:\/\/www.upo.es\/diario\/?p=30858915"},"modified":"2019-11-28T09:14:40","modified_gmt":"2019-11-28T08:14:40","slug":"manana-en-la-upo-teatro-y-danza-en-la-programacion-de-cultura-minima","status":"publish","type":"post","link":"https:\/\/www.upo.es\/diario\/cultura\/2019\/11\/manana-en-la-upo-teatro-y-danza-en-la-programacion-de-cultura-minima\/","title":{"rendered":"Hoy en la UPO, teatro y danza en la programaci\u00f3n de \u2018Cultura M\u00ednima\u2019"},"content":{"rendered":"<figure id=\"attachment_30858916\" aria-describedby=\"caption-attachment-30858916\" style=\"width: 360px\" class=\"wp-caption alignright\"><a href=\"https:\/\/www.upo.es\/diario\/wp-content\/uploads\/2019\/11\/CM-3-la-violacion.jpg\"><img loading=\"lazy\" decoding=\"async\" class=\"size-medium wp-image-30858916\" src=\"https:\/\/www.upo.es\/diario\/wp-content\/uploads\/2019\/11\/CM-3-la-violacion-360x242.jpg\" alt=\"\" width=\"360\" height=\"242\" srcset=\"https:\/\/www.upo.es\/diario\/wp-content\/uploads\/2019\/11\/CM-3-la-violacion-360x242.jpg 360w, https:\/\/www.upo.es\/diario\/wp-content\/uploads\/2019\/11\/CM-3-la-violacion-600x403.jpg 600w, https:\/\/www.upo.es\/diario\/wp-content\/uploads\/2019\/11\/CM-3-la-violacion.jpg 655w\" sizes=\"auto, (max-width: 360px) 100vw, 360px\" \/><\/a><figcaption id=\"caption-attachment-30858916\" class=\"wp-caption-text\">Roberto Manzari interpretar\u00e1 el mon\u00f3logo \u2018La violaci\u00f3n\u2019<\/figcaption><\/figure>\n<p>Sesi\u00f3n doble en la tercera cita de la programaci\u00f3n \u2018Cultura M\u00ednima\u2019 de la Universidad Pablo de Olavide. Hoy <u>jueves 28 de noviembre, a las 19:30 horas en el espacio cultural \u2018El Entramado\u2019<\/u>, en el campus de la UPO, <strong>Roberto Manzari<\/strong> interpretar\u00e1 el mon\u00f3logo dram\u00e1tico \u2018La violaci\u00f3n\u2019. A continuaci\u00f3n, a las 20:00 horas en el mismo lugar, <strong>Mar\u00eda G\u00f3mez Risquet<\/strong> ofrecer\u00e1 una pieza de danza titulada \u2018Reflecta\u2019. <strong>La entrada es libre y gratuita<\/strong> hasta completar aforo para ambos espect\u00e1culos.<\/p>\n<p>En<strong> \u2018La violaci\u00f3n\u2019<\/strong> Roberto Manzari indaga sobre c\u00f3mo los c\u00e1nones de g\u00e9nero anulan la conducta de los seres humanos. Por su parte, Mar\u00eda G\u00f3mez reflexiona en <strong>\u2018Reflecta\u2019<\/strong> a trav\u00e9s de la danza con su propio reflejo sobre la inquietud que produce a cualquier ser humano entender qui\u00e9n es mezclado con la presi\u00f3n de qui\u00e9n debe ser.<\/p>\n<p>\u2018Cultura M\u00ednima\u2019 es una iniciativa del Vicerrectorado de Cultura y Compromiso Social de la UPO, a trav\u00e9s del Servicio de Extensi\u00f3n Cultural de la Unidad de Cultura y Participaci\u00f3n Social. Un total de once agrupaciones y artistas emergentes, en forma de diez sesiones, ofrecer\u00e1n sus espect\u00e1culos de magia, m\u00fasica, teatro, danza y poes\u00eda a lo largo de este curso acad\u00e9mico en el campus.<\/p>\n<p>&nbsp;<\/p>\n","protected":false},"excerpt":{"rendered":"<p>Sesi\u00f3n doble en la tercera cita de la programaci\u00f3n \u2018Cultura M\u00ednima\u2019 de la Universidad Pablo de Olavide. Hoy jueves 28 de noviembre, a las 19:30 horas en el espacio cultural \u2018El Entramado\u2019, en el campus de la UPO, Roberto Manzari interpretar\u00e1 el mon\u00f3logo dram\u00e1tico \u2018La violaci\u00f3n\u2019. A continuaci\u00f3n, a las 20:00 horas en el mismo lugar, Mar\u00eda G\u00f3mez Risquet ofrecer\u00e1 una pieza de danza titulada \u2018Reflecta\u2019. La entrada es libre y gratuita hasta completar aforo para ambos espect\u00e1culos.<\/p>\n","protected":false},"author":6,"featured_media":30858916,"comment_status":"closed","ping_status":"open","sticky":false,"template":"","format":"standard","meta":{"_monsterinsights_skip_tracking":false,"_monsterinsights_sitenote_active":false,"_monsterinsights_sitenote_note":"","_monsterinsights_sitenote_category":0,"footnotes":""},"categories":[7],"tags":[3869,571,3746,95],"class_list":["post-30858915","post","type-post","status-publish","format-standard","has-post-thumbnail","hentry","category-cultura","tag-cultura-minima","tag-danza","tag-servicio-de-extension-cultural","tag-teatro"],"_links":{"self":[{"href":"https:\/\/www.upo.es\/diario\/wp-json\/wp\/v2\/posts\/30858915","targetHints":{"allow":["GET"]}}],"collection":[{"href":"https:\/\/www.upo.es\/diario\/wp-json\/wp\/v2\/posts"}],"about":[{"href":"https:\/\/www.upo.es\/diario\/wp-json\/wp\/v2\/types\/post"}],"author":[{"embeddable":true,"href":"https:\/\/www.upo.es\/diario\/wp-json\/wp\/v2\/users\/6"}],"replies":[{"embeddable":true,"href":"https:\/\/www.upo.es\/diario\/wp-json\/wp\/v2\/comments?post=30858915"}],"version-history":[{"count":2,"href":"https:\/\/www.upo.es\/diario\/wp-json\/wp\/v2\/posts\/30858915\/revisions"}],"predecessor-version":[{"id":30858939,"href":"https:\/\/www.upo.es\/diario\/wp-json\/wp\/v2\/posts\/30858915\/revisions\/30858939"}],"wp:featuredmedia":[{"embeddable":true,"href":"https:\/\/www.upo.es\/diario\/wp-json\/wp\/v2\/media\/30858916"}],"wp:attachment":[{"href":"https:\/\/www.upo.es\/diario\/wp-json\/wp\/v2\/media?parent=30858915"}],"wp:term":[{"taxonomy":"category","embeddable":true,"href":"https:\/\/www.upo.es\/diario\/wp-json\/wp\/v2\/categories?post=30858915"},{"taxonomy":"post_tag","embeddable":true,"href":"https:\/\/www.upo.es\/diario\/wp-json\/wp\/v2\/tags?post=30858915"}],"curies":[{"name":"wp","href":"https:\/\/api.w.org\/{rel}","templated":true}]}}