{"id":30858979,"date":"2019-11-28T14:34:26","date_gmt":"2019-11-28T13:34:26","guid":{"rendered":"https:\/\/www.upo.es\/diario\/?p=30858979"},"modified":"2019-11-29T13:23:27","modified_gmt":"2019-11-29T12:23:27","slug":"la-universidad-pablo-de-olavide-participa-en-la-tercera-edicion-de-la-feria-talentum-de-umbrete","status":"publish","type":"post","link":"https:\/\/www.upo.es\/diario\/institucional\/2019\/11\/la-universidad-pablo-de-olavide-participa-en-la-tercera-edicion-de-la-feria-talentum-de-umbrete\/","title":{"rendered":"La Universidad Pablo de Olavide participa en la tercera edici\u00f3n de la Feria \u2018TalenTUM\u2019 de Umbrete"},"content":{"rendered":"<p><img loading=\"lazy\" decoding=\"async\" class=\"alignright size-medium wp-image-30858980\" src=\"https:\/\/www.upo.es\/diario\/wp-content\/uploads\/2019\/11\/Feria-TALENTUM-Umbrete-360x270.jpg\" alt=\"\" width=\"360\" height=\"270\" srcset=\"https:\/\/www.upo.es\/diario\/wp-content\/uploads\/2019\/11\/Feria-TALENTUM-Umbrete-360x270.jpg 360w, https:\/\/www.upo.es\/diario\/wp-content\/uploads\/2019\/11\/Feria-TALENTUM-Umbrete-768x576.jpg 768w, https:\/\/www.upo.es\/diario\/wp-content\/uploads\/2019\/11\/Feria-TALENTUM-Umbrete-750x563.jpg 750w, https:\/\/www.upo.es\/diario\/wp-content\/uploads\/2019\/11\/Feria-TALENTUM-Umbrete-600x450.jpg 600w, https:\/\/www.upo.es\/diario\/wp-content\/uploads\/2019\/11\/Feria-TALENTUM-Umbrete-1320x990.jpg 1320w, https:\/\/www.upo.es\/diario\/wp-content\/uploads\/2019\/11\/Feria-TALENTUM-Umbrete.jpg 2048w\" sizes=\"auto, (max-width: 360px) 100vw, 360px\" \/>El <strong>Ayuntamiento de Umbrete<\/strong>, a trav\u00e9s de la Delegaci\u00f3n de Juventud, Guadalinfo Umbrete y con la colaboraci\u00f3n de la <strong>Universidad Pablo de Olavide<\/strong>, la <strong>Asociaci\u00f3n de J\u00f3venes Empresarios (AJE)<\/strong> y el Buscador de Empleo, organiza esta semana la <strong>III Feria de Formaci\u00f3n, Emprendimiento y Empleo de la Comarca del Aljarafe<\/strong> #TalenTUmbrete19, que se celebra en la Caseta Municipal de Umbrete los d\u00edas <strong>28 y 29 de noviembre<\/strong>, con car\u00e1cter abierto y gratuito para todos los participantes.<\/p>\n<p>Esta tercera edici\u00f3n se ha inaugurado a las 9:30 horas y en ella ha participado, junto al resto de autoridades, el rector de la Universidad Pablo de Olavide, Vicente Guzm\u00e1n Fluja, quien ha destacado durante su discurso la importancia de \u201csocializar el \u00e9xito\u201d y compartir las experiencias exitosas en beneficio de la comunidad.<\/p>\n<p>Adem\u00e1s, durante el acto se ha concedido un <strong>reconocimiento a la Universidad Pablo de Olavide, por su apoyo al emprendimiento y formaci\u00f3n en el municipio de Umbrete<\/strong> y especialmente en esta Feria de Formaci\u00f3n, Emprendimiento, Empleo y Talento Digital de la cual forma parte desde sus inicios.<\/p>\n<p>Desde TalenTUM son conscientes de la necesidad de fomentar la formaci\u00f3n, el emprendimiento y la empleabilidad, entendiendo que este evento es el entorno apropiado para ello, creando espacios donde compartir e intercambiar ideas de trabajo, de cooperaci\u00f3n empresarial acercando proyectos y creando sinergias en torno a la eficacia y la eficiencia.<\/p>\n<p>Durante esta Feria se trabajar\u00e1n tres temas estrat\u00e9gicos dentro de la Innovaci\u00f3n Social, Formaci\u00f3n, Emprendimiento y Empleo, enlaz\u00e1ndolo con la Innovaci\u00f3n TICs de la mano del Talento Digital. Para ello, se prev\u00e9 la participaci\u00f3n de las organizaciones, entidades, empresas y profesionales m\u00e1s cualificados en cada una de las \u00e1reas previstas. Precisamente, el apoyo de estas entidades y asociaciones empresariales, as\u00ed como de profesionales cualificados, posibilita enfocar la Feria en temas estrat\u00e9gicos para la nueva empresa, como es abordarla desde el punto de vista de la innovaci\u00f3n social, la innovaci\u00f3n TICS y el talento digital.<\/p>\n<p>Con el objetivo de revalorizar el proyecto, este a\u00f1o se estudiar\u00e1n las necesidades reales de la comarca en cuanto a empleo, formaci\u00f3n y emprendimiento, presentando un abanico de proyectos y soluciones reales para los colectivos implicados, apostando por los m\u00e1s j\u00f3venes, present\u00e1ndoles las herramientas y los recursos necesarios para ello. En concreto, el evento se articular\u00e1 en modo foro-debate con participaci\u00f3n de la UPO en las distintas mesas: Jos\u00e9 Manuel Feria, vicerrector de Emprendimiento y Empleabilidad de la UPO, en la mesa de Emprendimiento; Javier Ramos, coordinador del departamento de Empleabilidad y Emprendimiento de la Fundaci\u00f3n Universidad Pablo de Olavide, en la mesa de Empleabilidad; y Mercedes de la Torre, directora General de Acceso, Difusi\u00f3n y Captaci\u00f3n, en la mesa de Formaci\u00f3n.<\/p>\n<p>La Feria est\u00e1 organizada por el Ayuntamiento de Umbrete y Guadalinfo, con diversas colaboraciones, entre ellas la de la Universidad Pablo de Olavide. En la presentaci\u00f3n de este evento, celebrada en la Diputaci\u00f3n de Sevilla la pasada semana, la UPO estuvo representada por el vicerrector de Emprendimiento, Estrategia y Empleabilidad de la UPO, Jos\u00e9 Manuel Feria.<\/p>\n<p>Este evento se desarrollar\u00e1 en dos sesiones, el jueves 28 y el viernes 29 de noviembre, y, entre las actividades destacadas, figuran talleres como \u2018Creatividad y competencias para emprender\u2019 o el foro \u2018La realidad de la juventud frente al empleo, la formaci\u00f3n y el emprendimiento\u2019, con participantes como UPO, Colegio Marcelo Sp\u00ednola, FESAC, SAE, IAJ, AJE, Andaluc\u00eda Emprende o CES, entre otros.<\/p>\n","protected":false},"excerpt":{"rendered":"<p>El Ayuntamiento de Umbrete, a trav\u00e9s de la Delegaci\u00f3n de Juventud, Guadalinfo Umbrete y con la colaboraci\u00f3n de la Universidad Pablo de Olavide, la Asociaci\u00f3n de J\u00f3venes Empresarios (AJE) y el Buscador de Empleo, organiza esta semana la III Feria de Formaci\u00f3n, Emprendimiento y Empleo de la Comarca del Aljarafe #TalenTUmbrete19, que se celebra en la Caseta Municipal de Umbrete los d\u00edas 28 y 29 de noviembre, con car\u00e1cter abierto y gratuito para todos los participantes. <\/p>\n","protected":false},"author":6,"featured_media":30858980,"comment_status":"closed","ping_status":"open","sticky":false,"template":"","format":"standard","meta":{"_monsterinsights_skip_tracking":false,"_monsterinsights_sitenote_active":false,"_monsterinsights_sitenote_note":"","_monsterinsights_sitenote_category":0,"footnotes":""},"categories":[6],"tags":[3989,689,38,4291,1340],"class_list":["post-30858979","post","type-post","status-publish","format-standard","has-post-thumbnail","hentry","category-institucional","tag-empleabilidad","tag-emprendimiento","tag-rector","tag-umbrete","tag-vicente-guzman"],"_links":{"self":[{"href":"https:\/\/www.upo.es\/diario\/wp-json\/wp\/v2\/posts\/30858979","targetHints":{"allow":["GET"]}}],"collection":[{"href":"https:\/\/www.upo.es\/diario\/wp-json\/wp\/v2\/posts"}],"about":[{"href":"https:\/\/www.upo.es\/diario\/wp-json\/wp\/v2\/types\/post"}],"author":[{"embeddable":true,"href":"https:\/\/www.upo.es\/diario\/wp-json\/wp\/v2\/users\/6"}],"replies":[{"embeddable":true,"href":"https:\/\/www.upo.es\/diario\/wp-json\/wp\/v2\/comments?post=30858979"}],"version-history":[{"count":1,"href":"https:\/\/www.upo.es\/diario\/wp-json\/wp\/v2\/posts\/30858979\/revisions"}],"predecessor-version":[{"id":30858981,"href":"https:\/\/www.upo.es\/diario\/wp-json\/wp\/v2\/posts\/30858979\/revisions\/30858981"}],"wp:featuredmedia":[{"embeddable":true,"href":"https:\/\/www.upo.es\/diario\/wp-json\/wp\/v2\/media\/30858980"}],"wp:attachment":[{"href":"https:\/\/www.upo.es\/diario\/wp-json\/wp\/v2\/media?parent=30858979"}],"wp:term":[{"taxonomy":"category","embeddable":true,"href":"https:\/\/www.upo.es\/diario\/wp-json\/wp\/v2\/categories?post=30858979"},{"taxonomy":"post_tag","embeddable":true,"href":"https:\/\/www.upo.es\/diario\/wp-json\/wp\/v2\/tags?post=30858979"}],"curies":[{"name":"wp","href":"https:\/\/api.w.org\/{rel}","templated":true}]}}