{"id":30859006,"date":"2019-12-03T08:01:30","date_gmt":"2019-12-03T07:01:30","guid":{"rendered":"https:\/\/www.upo.es\/diario\/?p=30859006"},"modified":"2019-12-04T09:50:01","modified_gmt":"2019-12-04T08:50:01","slug":"la-upo-celebra-manana-el-dia-de-las-personas-con-discapacidad-con-un-paseo-con-sentidos","status":"publish","type":"post","link":"https:\/\/www.upo.es\/diario\/cultura-social\/2019\/12\/la-upo-celebra-manana-el-dia-de-las-personas-con-discapacidad-con-un-paseo-con-sentidos\/","title":{"rendered":"La UPO celebra hoy el D\u00eda de las Personas con Discapacidad con &#8216;Un Paseo con Sentidos&#8217;"},"content":{"rendered":"<p><a href=\"https:\/\/www.upo.es\/diario\/wp-content\/uploads\/2019\/12\/dia_internacional_discapacidad.png\"><img loading=\"lazy\" decoding=\"async\" class=\"alignright size-medium wp-image-30859007\" src=\"https:\/\/www.upo.es\/diario\/wp-content\/uploads\/2019\/12\/dia_internacional_discapacidad-360x202.png\" alt=\"\" width=\"360\" height=\"202\" srcset=\"https:\/\/www.upo.es\/diario\/wp-content\/uploads\/2019\/12\/dia_internacional_discapacidad-360x202.png 360w, https:\/\/www.upo.es\/diario\/wp-content\/uploads\/2019\/12\/dia_internacional_discapacidad-768x432.png 768w, https:\/\/www.upo.es\/diario\/wp-content\/uploads\/2019\/12\/dia_internacional_discapacidad-750x422.png 750w, https:\/\/www.upo.es\/diario\/wp-content\/uploads\/2019\/12\/dia_internacional_discapacidad-600x337.png 600w, https:\/\/www.upo.es\/diario\/wp-content\/uploads\/2019\/12\/dia_internacional_discapacidad-1320x742.png 1320w\" sizes=\"auto, (max-width: 360px) 100vw, 360px\" \/><\/a>Con motivo de la celebraci\u00f3n del <strong>D\u00eda Internacional de las Personas con Discapacidad<\/strong>, el <strong>Servicio de Atenci\u00f3n a la Diversidad Funcional<\/strong> de la Universidad Pablo de Olavide ha organizado <u>hoy martes 3 de diciembre, a partir de las 11:00 horas,<\/u> la actividad <strong>\u2018Un Paseo con Sentidos\u2019<\/strong>, con el objetivo de lograr un mayor entendimiento y sensibilizaci\u00f3n con la realidad de los miembros de la comunidad universitaria que tienen alg\u00fan tipo de diversidad funcional.<\/p>\n<p>Esta actividad pretende, a trav\u00e9s del manejo simulado de utensilios esenciales para estas personas, dar a conocer al resto de la comunidad universitaria algunos aspectos vitales de su desenvolvimiento diario en el campus.<\/p>\n<p>El punto de partida de \u2018Un Paseo con Sentidos\u2019 ser\u00e1 <u>la Plaza de Am\u00e9rica<\/u>, donde se instalar\u00e1 tambi\u00e9n un <strong>punto de encuentro con informaci\u00f3n<\/strong> sobre la labor del Servicio de Atenci\u00f3n a la Diversidad Funcional de la UPO. Se instalar\u00e1 adem\u00e1s una <strong>urna que recoger\u00e1 sugerencias y propuestas de ideas<\/strong> que, para una mejora continua de la accesibilidad del Campus de la UPO, hagan llegar todas aquellas personas que deseen contribuir a dicho objetivo.<\/p>\n<p>La Universidad Pablo de Olavide, comprometida desde su creaci\u00f3n con el establecimiento y desarrollo de pol\u00edticas que integren la igualdad efectiva entre hombres y mujeres y la igualdad de oportunidades de las personas con diversidad funcional, cuenta, a trav\u00e9s de su Vicerrectorado de Cultura y Compromiso Social, con un Servicio de Atenci\u00f3n a la Diversidad Funcional. Este servicio ofrece a las personas con diversidad funcional, temporal o permanente, los medios, apoyos y recursos necesarios que aseguren la igualdad real y efectiva en el \u00e1mbito universitario.<\/p>\n<p>Entre sus principales funciones y objetivos se presta atenci\u00f3n, asesoramiento y apoyo integral individualizado a cualquier tipo de demanda presentada por estudiantes, personal de administraci\u00f3n y servicios y personal docente e investigador.<\/p>\n<p>El <strong>D\u00eda Internacional de las Personas con Discapadidad<\/strong> fue declarado en 1992 por la Asamblea General de las Naciones Unidas mediante la resoluci\u00f3n 47\/3. El objetivo es promover los derechos y el bienestar de las personas con discapacidades en todos los \u00e1mbitos de la sociedad y el desarrollo, as\u00ed como concienciar sobre su situaci\u00f3n en todos los aspectos de la vida pol\u00edtica, social, econ\u00f3mica y cultural.<\/p>\n","protected":false},"excerpt":{"rendered":"<p>Con motivo de la celebraci\u00f3n del D\u00eda Internacional de las Personas con Discapacidad, el Servicio de Atenci\u00f3n a la Diversidad Funcional de la Universidad Pablo de Olavide ha organizado hoy martes 3 de diciembre, a partir de las 11:00 horas, la actividad \u2018Un Paseo con Sentidos\u2019, con el objetivo de lograr un mayor entendimiento y sensibilizaci\u00f3n con la realidad de los miembros de la comunidad universitaria que tienen alg\u00fan tipo de diversidad funcional.<\/p>\n","protected":false},"author":2,"featured_media":30859007,"comment_status":"closed","ping_status":"open","sticky":false,"template":"","format":"standard","meta":{"_monsterinsights_skip_tracking":false,"_monsterinsights_sitenote_active":false,"_monsterinsights_sitenote_note":"","_monsterinsights_sitenote_category":0,"footnotes":""},"categories":[5843],"tags":[4569,1210,2355,1033,6389,6213,2667],"class_list":["post-30859006","post","type-post","status-publish","format-standard","has-post-thumbnail","hentry","category-cultura-social","tag-dia-internacional-de-las-personas-con-discapacidad","tag-discapacidad","tag-diversidad-funcional","tag-sensibilizacion","tag-sentidos","tag-servicio-de-atencion-a-la-diversidad-funcional","tag-vicerrectorado-de-cultura-y-compromiso-social"],"_links":{"self":[{"href":"https:\/\/www.upo.es\/diario\/wp-json\/wp\/v2\/posts\/30859006","targetHints":{"allow":["GET"]}}],"collection":[{"href":"https:\/\/www.upo.es\/diario\/wp-json\/wp\/v2\/posts"}],"about":[{"href":"https:\/\/www.upo.es\/diario\/wp-json\/wp\/v2\/types\/post"}],"author":[{"embeddable":true,"href":"https:\/\/www.upo.es\/diario\/wp-json\/wp\/v2\/users\/2"}],"replies":[{"embeddable":true,"href":"https:\/\/www.upo.es\/diario\/wp-json\/wp\/v2\/comments?post=30859006"}],"version-history":[{"count":2,"href":"https:\/\/www.upo.es\/diario\/wp-json\/wp\/v2\/posts\/30859006\/revisions"}],"predecessor-version":[{"id":30859027,"href":"https:\/\/www.upo.es\/diario\/wp-json\/wp\/v2\/posts\/30859006\/revisions\/30859027"}],"wp:featuredmedia":[{"embeddable":true,"href":"https:\/\/www.upo.es\/diario\/wp-json\/wp\/v2\/media\/30859007"}],"wp:attachment":[{"href":"https:\/\/www.upo.es\/diario\/wp-json\/wp\/v2\/media?parent=30859006"}],"wp:term":[{"taxonomy":"category","embeddable":true,"href":"https:\/\/www.upo.es\/diario\/wp-json\/wp\/v2\/categories?post=30859006"},{"taxonomy":"post_tag","embeddable":true,"href":"https:\/\/www.upo.es\/diario\/wp-json\/wp\/v2\/tags?post=30859006"}],"curies":[{"name":"wp","href":"https:\/\/api.w.org\/{rel}","templated":true}]}}