{"id":30859022,"date":"2019-12-02T01:32:28","date_gmt":"2019-12-02T00:32:28","guid":{"rendered":"https:\/\/www.upo.es\/diario\/?p=30859022"},"modified":"2019-12-02T15:41:37","modified_gmt":"2019-12-02T14:41:37","slug":"despoblacion-y-agricultura-sostenible-generando-futuro","status":"publish","type":"post","link":"https:\/\/www.upo.es\/diario\/video\/2019\/12\/despoblacion-y-agricultura-sostenible-generando-futuro\/","title":{"rendered":"Despoblaci\u00f3n y agricultura sostenible &#8211; Generando Futuro"},"content":{"rendered":"<p><iframe loading=\"lazy\" src=\"https:\/\/www.youtube.com\/embed\/bKsxnY-ypbg\" width=\"720\" height=\"405\" frameborder=\"0\" allowfullscreen=\"allowfullscreen\"><span data-mce-type=\"bookmark\" style=\"display: inline-block; width: 0px; overflow: hidden; line-height: 0;\" class=\"mce_SELRES_start\">\ufeff<\/span><\/iframe><\/p>\n<div id=\"meta\" class=\"style-scope ytd-watch-flexy\">\n<div id=\"meta-contents\" class=\"style-scope ytd-watch-flexy\">\n<div id=\"container\" class=\"style-scope ytd-video-secondary-info-renderer\">\n<div id=\"content\" class=\"style-scope ytd-expander\">\n<div id=\"description\" class=\"style-scope ytd-video-secondary-info-renderer\"><strong>Manuel Gonz\u00e1lez de Molina<\/strong>, catedr\u00e1tico de Historia Contempor\u00e1nea de la Universidad Pablo de Olavide, investiga en el <strong>Laboratorio de Historia de los Agroecosistemas<\/strong> sobre las <strong>transformaciones de la agricultura en Espa\u00f1a<\/strong> y c\u00f3mo estas afectan a la <strong>despoblaci\u00f3n del territorio rural<\/strong>.<\/div>\n<\/div>\n<p>&nbsp;<\/p>\n<\/div>\n<\/div>\n<\/div>\n<div id=\"ticket-shelf\" class=\"style-scope ytd-watch-flexy\"><\/div>\n<div id=\"merch-shelf\" class=\"style-scope ytd-watch-flexy\"><\/div>\n<div id=\"header\" class=\"style-scope ytd-item-section-renderer\">\n<div id=\"title\" class=\"style-scope ytd-comments-header-renderer\"><\/div>\n<\/div>\n","protected":false},"excerpt":{"rendered":"<p>Manuel Gonz\u00e1lez de Molina, catedr\u00e1tico de Historia Contempor\u00e1nea de la Universidad Pablo de Olavide, investiga en el Laboratorio de Historia de los Agroecosistemas sobre las transformaciones de la agricultura en Espa\u00f1a y c\u00f3mo estas afectan a la despoblaci\u00f3n del territorio rural.<\/p>\n","protected":false},"author":6,"featured_media":30859024,"comment_status":"closed","ping_status":"open","sticky":false,"template":"","format":"video","meta":{"_monsterinsights_skip_tracking":false,"_monsterinsights_sitenote_active":false,"_monsterinsights_sitenote_note":"","_monsterinsights_sitenote_category":0,"footnotes":""},"categories":[6038],"tags":[750,2079,1402,6388,832],"class_list":["post-30859022","post","type-post","status-publish","format-video","has-post-thumbnail","hentry","category-video","tag-agricultura","tag-agroecologia","tag-historia-contemporanea","tag-manuel-gonzalez-de-molina","tag-sostenibilidad","post_format-post-format-video"],"_links":{"self":[{"href":"https:\/\/www.upo.es\/diario\/wp-json\/wp\/v2\/posts\/30859022","targetHints":{"allow":["GET"]}}],"collection":[{"href":"https:\/\/www.upo.es\/diario\/wp-json\/wp\/v2\/posts"}],"about":[{"href":"https:\/\/www.upo.es\/diario\/wp-json\/wp\/v2\/types\/post"}],"author":[{"embeddable":true,"href":"https:\/\/www.upo.es\/diario\/wp-json\/wp\/v2\/users\/6"}],"replies":[{"embeddable":true,"href":"https:\/\/www.upo.es\/diario\/wp-json\/wp\/v2\/comments?post=30859022"}],"version-history":[{"count":3,"href":"https:\/\/www.upo.es\/diario\/wp-json\/wp\/v2\/posts\/30859022\/revisions"}],"predecessor-version":[{"id":30859026,"href":"https:\/\/www.upo.es\/diario\/wp-json\/wp\/v2\/posts\/30859022\/revisions\/30859026"}],"wp:featuredmedia":[{"embeddable":true,"href":"https:\/\/www.upo.es\/diario\/wp-json\/wp\/v2\/media\/30859024"}],"wp:attachment":[{"href":"https:\/\/www.upo.es\/diario\/wp-json\/wp\/v2\/media?parent=30859022"}],"wp:term":[{"taxonomy":"category","embeddable":true,"href":"https:\/\/www.upo.es\/diario\/wp-json\/wp\/v2\/categories?post=30859022"},{"taxonomy":"post_tag","embeddable":true,"href":"https:\/\/www.upo.es\/diario\/wp-json\/wp\/v2\/tags?post=30859022"}],"curies":[{"name":"wp","href":"https:\/\/api.w.org\/{rel}","templated":true}]}}