{"id":30859063,"date":"2019-12-05T12:25:34","date_gmt":"2019-12-05T11:25:34","guid":{"rendered":"https:\/\/www.upo.es\/diario\/?p=30859063"},"modified":"2019-12-11T14:25:30","modified_gmt":"2019-12-11T13:25:30","slug":"la-upo-celebra-manana-el-dia-internacional-del-voluntariado-junto-a-numerosas-asociaciones-y-entidades","status":"publish","type":"post","link":"https:\/\/www.upo.es\/diario\/cultura-social\/2019\/12\/la-upo-celebra-manana-el-dia-internacional-del-voluntariado-junto-a-numerosas-asociaciones-y-entidades\/","title":{"rendered":"La UPO celebra el D\u00eda Internacional del Voluntariado junto a numerosas asociaciones y entidades"},"content":{"rendered":"<p><a href=\"https:\/\/www.upo.es\/diario\/wp-content\/uploads\/2019\/12\/Dia-Int-Voluntariado_20191205_1.jpg\"><img loading=\"lazy\" decoding=\"async\" class=\"aligncenter size-large wp-image-30859070\" src=\"https:\/\/www.upo.es\/diario\/wp-content\/uploads\/2019\/12\/Dia-Int-Voluntariado_20191205_1-750x500.jpg\" alt=\"\" width=\"750\" height=\"500\" srcset=\"https:\/\/www.upo.es\/diario\/wp-content\/uploads\/2019\/12\/Dia-Int-Voluntariado_20191205_1-750x500.jpg 750w, https:\/\/www.upo.es\/diario\/wp-content\/uploads\/2019\/12\/Dia-Int-Voluntariado_20191205_1-360x240.jpg 360w, https:\/\/www.upo.es\/diario\/wp-content\/uploads\/2019\/12\/Dia-Int-Voluntariado_20191205_1-768x512.jpg 768w, https:\/\/www.upo.es\/diario\/wp-content\/uploads\/2019\/12\/Dia-Int-Voluntariado_20191205_1-600x400.jpg 600w, https:\/\/www.upo.es\/diario\/wp-content\/uploads\/2019\/12\/Dia-Int-Voluntariado_20191205_1-165x109.jpg 165w, https:\/\/www.upo.es\/diario\/wp-content\/uploads\/2019\/12\/Dia-Int-Voluntariado_20191205_1-1320x880.jpg 1320w\" sizes=\"auto, (max-width: 750px) 100vw, 750px\" \/><\/a>La Universidad Pablo de Olavide ha celebrado hoy jueves 5 de diciembre el <strong>D\u00eda Internacional de Voluntariado<\/strong>, una cita destinada a sensibilizar a la comunidad universitaria sobre la importancia del compromiso y la participaci\u00f3n social a trav\u00e9s del voluntariado.<\/p>\n<p>Numerosas organizaciones y entidades han ofrecido informaci\u00f3n sobre sus proyectos y actividades a todas las personas interesadas, a trav\u00e9s de los diferentes stands que instalados en la planta baja del edificio Celestino Mutis. Estas asociaciones son <strong>Solidarios, Asaenes, Red Madre, Aspace Sevilla, Afa Aljarafe, Fundaci\u00f3n TAS, Asemfa, Arca, Fundaci\u00f3n Balia, Manos Abiertas, Mad \u00c1frica, Asla, Enlace Joven, Te toca Actuar, Alternativa Joven, ASAS, Fundaci\u00f3n Mornese, Incluocio, Mater Magistra, MPDL, Centro de D\u00eda ASISPA, ASPAD, Paz y Bien, y Banco de Alimentos<\/strong>.<\/p>\n<figure id=\"attachment_30859071\" aria-describedby=\"caption-attachment-30859071\" style=\"width: 360px\" class=\"wp-caption alignright\"><a href=\"https:\/\/www.upo.es\/diario\/wp-content\/uploads\/2019\/12\/Dia-Int-Voluntariado_20191205_2.jpg\"><img loading=\"lazy\" decoding=\"async\" class=\"wp-image-30859071 size-medium\" src=\"https:\/\/www.upo.es\/diario\/wp-content\/uploads\/2019\/12\/Dia-Int-Voluntariado_20191205_2-360x240.jpg\" alt=\"\" width=\"360\" height=\"240\" srcset=\"https:\/\/www.upo.es\/diario\/wp-content\/uploads\/2019\/12\/Dia-Int-Voluntariado_20191205_2-360x240.jpg 360w, https:\/\/www.upo.es\/diario\/wp-content\/uploads\/2019\/12\/Dia-Int-Voluntariado_20191205_2-768x512.jpg 768w, https:\/\/www.upo.es\/diario\/wp-content\/uploads\/2019\/12\/Dia-Int-Voluntariado_20191205_2-750x500.jpg 750w, https:\/\/www.upo.es\/diario\/wp-content\/uploads\/2019\/12\/Dia-Int-Voluntariado_20191205_2-600x400.jpg 600w, https:\/\/www.upo.es\/diario\/wp-content\/uploads\/2019\/12\/Dia-Int-Voluntariado_20191205_2-165x109.jpg 165w, https:\/\/www.upo.es\/diario\/wp-content\/uploads\/2019\/12\/Dia-Int-Voluntariado_20191205_2-1320x880.jpg 1320w\" sizes=\"auto, (max-width: 360px) 100vw, 360px\" \/><\/a><figcaption id=\"caption-attachment-30859071\" class=\"wp-caption-text\">Premio al stand mejor decorado que han entregado M\u00aa Lourdes Ballesteros y Elodia Hern\u00e1ndez a la asociaci\u00f3n &#8216;sed&#8217;<\/figcaption><\/figure>\n<p>Elodia Hern\u00e1ndez Le\u00f3n, vicerrectora de Cultura y Compromiso Social, y M\u00aa Lourdes Ballesteros Garc\u00eda, secretaria General de Pol\u00edticas Sociales, Voluntariado y Conciliaci\u00f3n, han agradecido la participaci\u00f3n de las entidades y posteriormente han dado lectura al <strong>manifiesto conjunto de las Universidades P\u00fablicas Andaluzas,<\/strong> <strong>\u2018La Participaci\u00f3n Solidaria en las Universidades P\u00fablicas Andaluzas\u2019<\/strong>.<\/p>\n<p>Las actividades han sido organizadas por el Vicerrectorado de Cultura y Compromiso Social a trav\u00e9s de la Oficina de Voluntariado y Solidaridad de la Universidad Pablo de Olavide, con la colaboraci\u00f3n de la Direcci\u00f3n General de Participaci\u00f3n Ciudadana y Voluntariado de la Consejer\u00eda de Igualdad y Pol\u00edticas Sociales de la Junta de Andaluc\u00eda.<\/p>\n<p><strong>Voluntariado en la Universidad Pablo de Olavide<\/strong><\/p>\n<p>Con la celebraci\u00f3n del D\u00eda Internacional de Voluntariado, la Universidad Pablo de Olavide contin\u00faa afianzando su compromiso con el voluntariado y apostando por la formaci\u00f3n en valores de los estudiantes, fomentando as\u00ed la formaci\u00f3n integral de la persona y contribuyendo a que sean ciudadanos comprometidos con la sociedad y con el medio que les rodea.<\/p>\n<p>Las personas voluntarias podr\u00e1n colaborar a lo largo de este curso con m\u00e1s de 90 asociaciones y entidades y podr\u00e1n participar en m\u00e1s de 100 acciones solidarias, como el acompa\u00f1amiento a personas enfermas en hospitales, talleres de ocio y tiempo libre con drogodependientes, el programa de alojamiento compartido con personas mayores, campa\u00f1as de donaci\u00f3n de sangre, la recogida de alimentos, ropa y juguetes para las personas desfavorecidas, ayuda humanitaria, apoyo escolar con ni\u00f1os en situaci\u00f3n de riesgo social, y programas con personas con diversidad funcional a trav\u00e9s de distintas terapias. Se estima que en este curso acad\u00e9mico m\u00e1s de 100 universitarios de nueva incorporaci\u00f3n colaborar\u00e1n en las distintas actividades, programas y proyectos de voluntariado.<\/p>\n<p>Toda esta tarea est\u00e1 coordinada en la Universidad Pablo de Olavide por la Oficina de Voluntariado y Solidaridad, del Vicerrectorado de Cultura y Compromiso Social de la UPO, punto de encuentro entre las asociaciones y la comunidad universitaria para la promoci\u00f3n y difusi\u00f3n de programas de intervenci\u00f3n, actividades solidarias y todo lo relacionado con la acci\u00f3n voluntaria.<\/p>\n<p><strong>M\u00e1s informaci\u00f3n:<\/strong><\/p>\n<p><a href=\"https:\/\/www.upo.es\/upsc\/voluntariado\/oficina-voluntariado\/\">Oficina de Voluntariado y Solidaridad<\/a><\/p>\n<p><a href=\"https:\/\/www.upo.es\/upsc\/voluntariado\/oficina-voluntariado\/programa-voluntariado\/\">Programa de Voluntariado Universitario<\/a><\/p>\n<p>&nbsp;<\/p>\n<p>&nbsp;<\/p>\n","protected":false},"excerpt":{"rendered":"<p>La Universidad Pablo de Olavide ha celebrado hoy jueves 5 de diciembre el D\u00eda Internacional de Voluntariado, una cita destinada a sensibilizar a la comunidad universitaria sobre la importancia del compromiso y la participaci\u00f3n social a trav\u00e9s del voluntariado.<\/p>\n","protected":false},"author":2,"featured_media":30859070,"comment_status":"closed","ping_status":"open","sticky":false,"template":"","format":"standard","meta":{"_monsterinsights_skip_tracking":false,"_monsterinsights_sitenote_active":false,"_monsterinsights_sitenote_note":"","_monsterinsights_sitenote_category":0,"footnotes":""},"categories":[5843],"tags":[3364,5698,6408,1168,1024,5906,2310,2667,86,1034],"class_list":["post-30859063","post","type-post","status-publish","format-standard","has-post-thumbnail","hentry","category-cultura-social","tag-asociaciones","tag-dia-internacional-de-voluntariado","tag-entidades","tag-oficina-de-voluntariado-y-solidaridad","tag-solidaridad","tag-tercer-sector","tag-valores","tag-vicerrectorado-de-cultura-y-compromiso-social","tag-voluntariado","tag-voluntarios"],"_links":{"self":[{"href":"https:\/\/www.upo.es\/diario\/wp-json\/wp\/v2\/posts\/30859063","targetHints":{"allow":["GET"]}}],"collection":[{"href":"https:\/\/www.upo.es\/diario\/wp-json\/wp\/v2\/posts"}],"about":[{"href":"https:\/\/www.upo.es\/diario\/wp-json\/wp\/v2\/types\/post"}],"author":[{"embeddable":true,"href":"https:\/\/www.upo.es\/diario\/wp-json\/wp\/v2\/users\/2"}],"replies":[{"embeddable":true,"href":"https:\/\/www.upo.es\/diario\/wp-json\/wp\/v2\/comments?post=30859063"}],"version-history":[{"count":4,"href":"https:\/\/www.upo.es\/diario\/wp-json\/wp\/v2\/posts\/30859063\/revisions"}],"predecessor-version":[{"id":30859072,"href":"https:\/\/www.upo.es\/diario\/wp-json\/wp\/v2\/posts\/30859063\/revisions\/30859072"}],"wp:featuredmedia":[{"embeddable":true,"href":"https:\/\/www.upo.es\/diario\/wp-json\/wp\/v2\/media\/30859070"}],"wp:attachment":[{"href":"https:\/\/www.upo.es\/diario\/wp-json\/wp\/v2\/media?parent=30859063"}],"wp:term":[{"taxonomy":"category","embeddable":true,"href":"https:\/\/www.upo.es\/diario\/wp-json\/wp\/v2\/categories?post=30859063"},{"taxonomy":"post_tag","embeddable":true,"href":"https:\/\/www.upo.es\/diario\/wp-json\/wp\/v2\/tags?post=30859063"}],"curies":[{"name":"wp","href":"https:\/\/api.w.org\/{rel}","templated":true}]}}