{"id":30859073,"date":"2019-12-05T14:02:15","date_gmt":"2019-12-05T13:02:15","guid":{"rendered":"https:\/\/www.upo.es\/diario\/?p=30859073"},"modified":"2019-12-11T14:25:26","modified_gmt":"2019-12-11T13:25:26","slug":"la-upo-elaborara-el-informe-sobre-planteamiento-linguistico-del-sistema-publico-de-educacion-del-principado-de-andorra","status":"publish","type":"post","link":"https:\/\/www.upo.es\/diario\/ciencia\/2019\/12\/la-upo-elaborara-el-informe-sobre-planteamiento-linguistico-del-sistema-publico-de-educacion-del-principado-de-andorra\/","title":{"rendered":"La UPO elaborar\u00e1 el informe sobre planteamiento ling\u00fc\u00edstico del Sistema P\u00fablico de Educaci\u00f3n del Principado de Andorra"},"content":{"rendered":"<figure id=\"attachment_11854962\" aria-describedby=\"caption-attachment-11854962\" style=\"width: 320px\" class=\"wp-caption alignright\"><a href=\"https:\/\/www.upo.es\/diario\/wp-content\/uploads\/2016\/01\/juanjimenez_salcedo1.jpg\"><img loading=\"lazy\" decoding=\"async\" class=\"size-medium wp-image-11854962\" src=\"https:\/\/www.upo.es\/diario\/wp-content\/uploads\/2016\/01\/juanjimenez_salcedo1-320x219.jpg\" alt=\"\" width=\"320\" height=\"219\" srcset=\"https:\/\/www.upo.es\/diario\/wp-content\/uploads\/2016\/01\/juanjimenez_salcedo1-320x219.jpg 320w, https:\/\/www.upo.es\/diario\/wp-content\/uploads\/2016\/01\/juanjimenez_salcedo1-600x412.jpg 600w\" sizes=\"auto, (max-width: 320px) 100vw, 320px\" \/><\/a><figcaption id=\"caption-attachment-11854962\" class=\"wp-caption-text\">El profesor de la UPO Juan Jim\u00e9nez Salcedo realizar\u00e1 la coordinaci\u00f3n cient\u00edfica del proyecto.<\/figcaption><\/figure>\n<p>La Universidad Pablo de Olavide elaborar\u00e1 el <strong>informe sobre el planteamiento ling\u00fc\u00edstico del Sistema P\u00fablico de Educaci\u00f3n del Principado de Andorra<\/strong>, seg\u00fan se desprende del contrato firmado entre el rector de la Universidad Pablo de Olavide, Vicente Guzm\u00e1n Fluja, y la ministra de Educaci\u00f3n y Ense\u00f1anza Superior del Gobierno del Principado de Andorra, Ester Vilarrubla Escales.<\/p>\n<p>El Ministerio de Educaci\u00f3n de Andorra ha designado a <strong>Juan Jim\u00e9nez Salcedo<\/strong>, profesor titular del Departamento de Traducci\u00f3n y Filolog\u00eda de la UPO, para la coordinaci\u00f3n cient\u00edfica del proyecto, que se desarrollar\u00e1 en colaboraci\u00f3n con el \u00c1rea de Ordenaci\u00f3n Curricular del Ministerio.<\/p>\n<p>El peque\u00f1o Estado pirenaico, cuya \u00fanica lengua oficial es el catal\u00e1n, constituye sin embargo una sociedad pluriling\u00fce y multicultural en la que conviven tres lenguas de implantaci\u00f3n hist\u00f3rica (catal\u00e1n, franc\u00e9s y castellano), junto con una importante lengua de inmigraci\u00f3n como es el portugu\u00e9s y otras tantas lenguas de diferentes comunidades etnoculturales.<\/p>\n<p>\u201cEl sistema p\u00fablico educativo del Principado refleja ese car\u00e1cter pluriling\u00fce sin renunciar a ser un instrumento de normalizaci\u00f3n del catal\u00e1n como lengua nacional, de promoci\u00f3n del franc\u00e9s como tradicional lengua de educaci\u00f3n, pero con poca implantaci\u00f3n social, y de afianzamiento del castellano, que no deja de ser una lengua socialmente muy activa entre la poblaci\u00f3n escolar\u201d, explica el profesor Juan Jim\u00e9nez Salcedo.<\/p>\n<p>El informe encargado a la Universidad Pablo de Olavide tendr\u00e1 por finalidad articular en un \u00fanico texto el papel que debe desempe\u00f1ar el catal\u00e1n como principal lengua vehicular junto con las otras dos lenguas covehiculares (franc\u00e9s y castellano) y el aprendizaje efectivo que se puede hacer de estos tres idiomas desde el punto de vista comunicativo y accional, as\u00ed como las estrategias de transferencia de competencias y recursos que se pueden adoptar en un sistema en el que se ense\u00f1a en tres lenguas rom\u00e1nicas con muchas similitudes entre ellas. No se podr\u00e1 dejar de lado la presencia del ingl\u00e9s como lengua global y su aprendizaje en el contexto ya triling\u00fce de la escuela andorrana.<\/p>\n<p>El proyecto se desarrollar\u00e1 durante los pr\u00f3ximos seis meses y tendr\u00e1 una primera fase de revisi\u00f3n de instrumentos normativos y programas y una segunda fase de trabajo de campo, con consultas a grupos de inter\u00e9s mediante entrevistas y grupos de discusi\u00f3n, visitas a centros y observaci\u00f3n en el aula. El texto final del informe se presentar\u00e1 en la sede del Ministerio de Educaci\u00f3n y Ense\u00f1anza Superior en Sant Juli\u00e0 de L\u00f2ria (Andorra) a mediados del pr\u00f3ximo mes de junio.<\/p>\n<p>El contrato entre la Universidad Pablo de Olavide y el Gobierno de Andorra ha sido realizado por medio de la Oficina de Transferencia de Resultados de Investigaci\u00f3n de dicha universidad. En palabras del coordinador cient\u00edfico del proyecto, Juan Jim\u00e9nez Salcedo, \u201cla firma de este contrato es muy importante porque da fe de c\u00f3mo una universidad p\u00fablica andaluza como la UPO es capaz de generar pericia y asesoramiento en el \u00e1mbito de las pol\u00edticas p\u00fablicas y, m\u00e1s concretamente, de las pol\u00edticas ling\u00fc\u00edsticas fuera del \u00e1mbito estricto de la comunidad aut\u00f3noma\u201d.<\/p>\n","protected":false},"excerpt":{"rendered":"<p>La Universidad Pablo de Olavide elaborar\u00e1 el informe sobre el planteamiento ling\u00fc\u00edstico del Sistema P\u00fablico de Educaci\u00f3n del Principado de Andorra, seg\u00fan se desprende del contrato firmado entre el rector de la Universidad Pablo de Olavide, Vicente Guzm\u00e1n Fluja, y la ministra de Educaci\u00f3n y Ense\u00f1anza Superior del Gobierno del Principado de Andorra, Ester Vilarrubla Escales.<\/p>\n","protected":false},"author":2,"featured_media":11854962,"comment_status":"closed","ping_status":"open","sticky":false,"template":"","format":"standard","meta":{"_monsterinsights_skip_tracking":false,"_monsterinsights_sitenote_active":false,"_monsterinsights_sitenote_note":"","_monsterinsights_sitenote_category":0,"footnotes":""},"categories":[3],"tags":[6412,6411,5834,2366,465,967,6409,6414,6413,2148,2916,4873,1038,6410],"class_list":["post-30859073","post","type-post","status-publish","format-standard","has-post-thumbnail","hentry","category-ciencia","tag-castellano","tag-catalan","tag-cultura","tag-departamento-de-traduccion-y-filologia","tag-educacion","tag-frances","tag-juan-jimenez-salcedo","tag-lengua-vehicular","tag-multicultura","tag-oficina-de-transferencia-de-resultados-de-investigacion","tag-pluralismo-linguistico","tag-plurilinguismo","tag-politicas-linguisticas","tag-principado-de-andorra"],"_links":{"self":[{"href":"https:\/\/www.upo.es\/diario\/wp-json\/wp\/v2\/posts\/30859073","targetHints":{"allow":["GET"]}}],"collection":[{"href":"https:\/\/www.upo.es\/diario\/wp-json\/wp\/v2\/posts"}],"about":[{"href":"https:\/\/www.upo.es\/diario\/wp-json\/wp\/v2\/types\/post"}],"author":[{"embeddable":true,"href":"https:\/\/www.upo.es\/diario\/wp-json\/wp\/v2\/users\/2"}],"replies":[{"embeddable":true,"href":"https:\/\/www.upo.es\/diario\/wp-json\/wp\/v2\/comments?post=30859073"}],"version-history":[{"count":1,"href":"https:\/\/www.upo.es\/diario\/wp-json\/wp\/v2\/posts\/30859073\/revisions"}],"predecessor-version":[{"id":30859074,"href":"https:\/\/www.upo.es\/diario\/wp-json\/wp\/v2\/posts\/30859073\/revisions\/30859074"}],"wp:featuredmedia":[{"embeddable":true,"href":"https:\/\/www.upo.es\/diario\/wp-json\/wp\/v2\/media\/11854962"}],"wp:attachment":[{"href":"https:\/\/www.upo.es\/diario\/wp-json\/wp\/v2\/media?parent=30859073"}],"wp:term":[{"taxonomy":"category","embeddable":true,"href":"https:\/\/www.upo.es\/diario\/wp-json\/wp\/v2\/categories?post=30859073"},{"taxonomy":"post_tag","embeddable":true,"href":"https:\/\/www.upo.es\/diario\/wp-json\/wp\/v2\/tags?post=30859073"}],"curies":[{"name":"wp","href":"https:\/\/api.w.org\/{rel}","templated":true}]}}