{"id":30859122,"date":"2019-12-12T08:06:11","date_gmt":"2019-12-12T07:06:11","guid":{"rendered":"https:\/\/www.upo.es\/diario\/?p=30859122"},"modified":"2019-12-12T10:44:16","modified_gmt":"2019-12-12T09:44:16","slug":"gorka-maneiro-y-joaquin-urias-debaten-manana-en-la-upo-sobre-nacionalismo-e-izquierda","status":"publish","type":"post","link":"https:\/\/www.upo.es\/diario\/docencia-formacion\/2019\/12\/gorka-maneiro-y-joaquin-urias-debaten-manana-en-la-upo-sobre-nacionalismo-e-izquierda\/","title":{"rendered":"Gorka Maneiro y Joaqu\u00edn Ur\u00edas debaten hoy en la UPO sobre nacionalismo e izquierda"},"content":{"rendered":"<p><u><a href=\"https:\/\/www.upo.es\/diario\/wp-content\/uploads\/2019\/12\/Old-Boxing-Flyer.jpg\"><img loading=\"lazy\" decoding=\"async\" class=\"alignright size-medium wp-image-30859123\" src=\"https:\/\/www.upo.es\/diario\/wp-content\/uploads\/2019\/12\/Old-Boxing-Flyer-257x360.jpg\" alt=\"\" width=\"257\" height=\"360\" srcset=\"https:\/\/www.upo.es\/diario\/wp-content\/uploads\/2019\/12\/Old-Boxing-Flyer-257x360.jpg 257w, https:\/\/www.upo.es\/diario\/wp-content\/uploads\/2019\/12\/Old-Boxing-Flyer-768x1078.jpg 768w, https:\/\/www.upo.es\/diario\/wp-content\/uploads\/2019\/12\/Old-Boxing-Flyer-534x750.jpg 534w, https:\/\/www.upo.es\/diario\/wp-content\/uploads\/2019\/12\/Old-Boxing-Flyer-600x842.jpg 600w, https:\/\/www.upo.es\/diario\/wp-content\/uploads\/2019\/12\/Old-Boxing-Flyer.jpg 1250w\" sizes=\"auto, (max-width: 257px) 100vw, 257px\" \/><\/a>Hoy mi\u00e9rcoles 12 de diciembre, a las 12:00 horas en la sala de grados del edificio 7 de la Universidad Pablo de Olavide<\/u>, se celebrar\u00e1 el <strong>debate \u2018Nacionalismo e Izquierda\u2019<\/strong>, que tendr\u00e1 como protagonistas al ex portavoz nacional de UPyD y exdiputado en el Parlamento Vasco <strong>Gorka Maneiro<\/strong> y al profesor de Derecho Constitucional de la Universidad de Sevilla <strong>Joaqu\u00edn Ur\u00edas<\/strong>.<\/p>\n<p>Se trata de una actividad organizada por el Laboratorio de Ideas y Pr\u00e1cticas Pol\u00edticas de la UPO (LIPPO) en la que ambos participantes expondr\u00e1n sus ideas sobre la relaci\u00f3n entre izquierda y nacionalismo. Tras las exposiciones se abrir\u00e1 un turno de preguntas en la que el p\u00fablico podr\u00e1 exponer dudas y comentarios acerca de los temas tratados. El debate ser\u00e1 moderado por el investigador del LIPPO Arturo Fern\u00e1ndez Le Gal.<\/p>\n<p>El <strong>Laboratorio de Ideas y Pr\u00e1cticas Pol\u00edticas<\/strong> se constituye como centro propio de investigaci\u00f3n con la idea de establecer un espacio de coordinaci\u00f3n, ampliaci\u00f3n y fomento de actividades investigadoras y docentes destinadas a la formaci\u00f3n superior y de postgrado, formaci\u00f3n de cuadros de actores pol\u00edticos y sociales, direcci\u00f3n y gesti\u00f3n de publicaciones y actividades de asesoramiento a instituciones p\u00fablicas y privadas. Entre sus fines, se encuentran la promoci\u00f3n de la libertad, la justicia social, la democracia y los Derechos Humanos, por lo que su actividad fundamental est\u00e1 centrada en realizar estudios e informes sobre temas pol\u00edticos; promover y divulgar los fines del LIPPO; y cooperar con movimientos y colectivos sociales en la transformaci\u00f3n de la sociedad.<\/p>\n","protected":false},"excerpt":{"rendered":"<p>Hoy mi\u00e9rcoles 12 de diciembre, a las 12:00 horas en la sala de grados del edificio 7 de la Universidad Pablo de Olavide, se celebrar\u00e1 el debate \u2018Nacionalismo e Izquierda\u2019, que tendr\u00e1 como protagonistas al ex portavoz nacional de UPyD y exdiputado en el Parlamento Vasco Gorka Maneiro y al profesor de Derecho Constitucional de la Universidad de Sevilla Joaqu\u00edn Ur\u00edas.<\/p>\n","protected":false},"author":4,"featured_media":30859123,"comment_status":"closed","ping_status":"open","sticky":false,"template":"","format":"standard","meta":{"_monsterinsights_skip_tracking":false,"_monsterinsights_sitenote_active":false,"_monsterinsights_sitenote_note":"","_monsterinsights_sitenote_category":0,"footnotes":""},"categories":[2779],"tags":[662,87,6417,256,3673],"class_list":["post-30859122","post","type-post","status-publish","format-standard","has-post-thumbnail","hentry","category-docencia-formacion","tag-debate","tag-derecho","tag-laboratorio-de-ideas-y-practicas-politicas","tag-lippo","tag-nacionalismo"],"_links":{"self":[{"href":"https:\/\/www.upo.es\/diario\/wp-json\/wp\/v2\/posts\/30859122","targetHints":{"allow":["GET"]}}],"collection":[{"href":"https:\/\/www.upo.es\/diario\/wp-json\/wp\/v2\/posts"}],"about":[{"href":"https:\/\/www.upo.es\/diario\/wp-json\/wp\/v2\/types\/post"}],"author":[{"embeddable":true,"href":"https:\/\/www.upo.es\/diario\/wp-json\/wp\/v2\/users\/4"}],"replies":[{"embeddable":true,"href":"https:\/\/www.upo.es\/diario\/wp-json\/wp\/v2\/comments?post=30859122"}],"version-history":[{"count":3,"href":"https:\/\/www.upo.es\/diario\/wp-json\/wp\/v2\/posts\/30859122\/revisions"}],"predecessor-version":[{"id":30859134,"href":"https:\/\/www.upo.es\/diario\/wp-json\/wp\/v2\/posts\/30859122\/revisions\/30859134"}],"wp:featuredmedia":[{"embeddable":true,"href":"https:\/\/www.upo.es\/diario\/wp-json\/wp\/v2\/media\/30859123"}],"wp:attachment":[{"href":"https:\/\/www.upo.es\/diario\/wp-json\/wp\/v2\/media?parent=30859122"}],"wp:term":[{"taxonomy":"category","embeddable":true,"href":"https:\/\/www.upo.es\/diario\/wp-json\/wp\/v2\/categories?post=30859122"},{"taxonomy":"post_tag","embeddable":true,"href":"https:\/\/www.upo.es\/diario\/wp-json\/wp\/v2\/tags?post=30859122"}],"curies":[{"name":"wp","href":"https:\/\/api.w.org\/{rel}","templated":true}]}}